{"id":398965,"date":"2021-11-03T15:25:43","date_gmt":"2021-11-03T12:25:43","guid":{"rendered":"http:\/\/arantv.az\/?p=398965"},"modified":"2021-11-03T15:25:43","modified_gmt":"2021-11-03T12:25:43","slug":"q%c9%99l%c9%99b%c9%99-sevinci-il%c9%99-qeyd-edil%c9%99n-pes%c9%99-bayrami","status":"publish","type":"post","link":"https:\/\/arantv.az\/?p=398965","title":{"rendered":"\u201cQ\u0259l\u0259b\u0259 sevinci il\u0259 qeyd edil\u0259n pe\u015f\u0259 bayram\u0131\u201d"},"content":{"rendered":"<p>M\u00fcst\u0259qil d\u00f6vl\u0259timizin \u0259dliyy\u0259 tarixinin \u0259n \u015f\u0259r\u0259fli anlar\u0131 1918-ci ild\u0259 Az\u0259rbaycan Demokratik Respublikas\u0131n\u0131n yaranmas\u0131 il\u0259 ba\u015flan\u0131r. Bel\u0259 ki, \u018fdliyy\u0259 Nazirliyinin t\u0259sis edilm\u0259sin\u0259 x\u00fcsusi \u0259h\u0259miyy\u0259t veril\u0259r\u0259k 1918-ci il may ay\u0131n\u0131n 28-d\u0259 \u2013 Az\u0259rbaycan Demokratik Respublikas\u0131n\u0131n elan edildiyi g\u00fcn \u018fdliyy\u0259 Nazirliyi d\u0259 yarad\u0131lm\u0131\u015fd\u0131r. 22 noyabr \u2013 1918-ci ild\u0259 Az\u0259rbaycan Demokratik Respublikas\u0131 \u018fdliyy\u0259 Nazirliyinin \u018fsasnam\u0259sinin t\u0259sdiq edildiyi g\u00fcn\u00fcn \u0259dliyy\u0259 i\u015f\u00e7il\u0259rinin pe\u015f\u0259 bayram\u0131 g\u00fcn\u00fc kimi t\u0259sis edilm\u0259si \u00fc\u00e7\u00fcn d\u00f6vl\u0259t ba\u015f\u00e7\u0131s\u0131na m\u00fcraci\u0259t edilmi\u015f v\u0259 \u00fcmummilli lider Heyd\u0259r \u018fliyevin 2000-ci il 11 noyabr tarixli S\u0259r\u0259ncam\u0131 il\u0259 22 noyabr \u0259dliyy\u0259 i\u015f\u00e7il\u0259rinin pe\u015f\u0259 bayram\u0131 g\u00fcn\u00fc kimi m\u00fc\u0259yy\u0259n edilmi\u015fdir. O g\u00fcnd\u0259n \u0259dliyy\u0259 i\u015f\u00e7il\u0259ri \u00f6z pe\u015f\u0259 bayramlar\u0131n\u0131 qeyd edirl\u0259r. 22 noyabr \u2013 \u0259dliyy\u0259 i\u015f\u00e7il\u0259rinin pe\u015f\u0259 bayram\u0131 g\u00fcn\u00fc bu il xalq\u0131m\u0131z\u0131n \u015fanl\u0131 Q\u0259l\u0259b\u0259si il\u0259 ikiqat sevinc hissi il\u0259 qeyd olunur. 8 noyabr 2020-ci il, Qaraba\u011fa qovu\u015fdu\u011fumuz tarix g\u00fcn! Bu B\u00f6y\u00fck Q\u0259l\u0259b\u0259 G\u00fcn\u00fcd\u00fcr! \u015eanl\u0131 tariximiz\u0259 daxil olan Z\u0259f\u0259r g\u00fcn\u00fcd\u00fcr! Xalq\u0131m\u0131z\u0131n 30 illik h\u0259sr\u0259tin\u0259 \u015fanl\u0131, g\u00fccl\u00fc ordumuzun apard\u0131\u011f\u0131 44 g\u00fcnl\u00fck m\u00fcharib\u0259 son qoydu. M\u0259hz bug\u00fcn \u00f6lk\u0259 prezidenti c\u0259nab \u0130lham \u018fliyevin u\u011furlu d<strong>axili v\u0259 xarici siyas\u0259ti, u\u011furlu diplomatiyas\u0131n\u0131n\u00a0<\/strong>q\u0259l\u0259b\u0259sini ya\u015fay\u0131r\u0131q. Bu g\u00fcn i\u015f\u011faldan azad olunan torpaqlar\u0131m\u0131zda \u00fc\u00e7r\u0259ngli Az\u0259rbaycan Bayra\u011f\u0131 dal\u011falan\u0131r. Bu z\u0259f\u0259r Az\u0259rbaycan xalq\u0131n\u0131n, onun liderinin v\u0259 ordusunun g\u00fcc\u00fcn\u00fc b\u00fct\u00fcn d\u00fcnyaya g\u00f6st\u0259rdi. 27 sentyabr 2020\u2013ci il tarixd\u0259 ba\u015flayan ikinci Qaraba\u011f m\u00fcharib\u0259si noyabr\u0131n 10-da Az\u0259rbaycan Respublikas\u0131 Prezidentinin, Erm\u0259nistan Respublikas\u0131 ba\u015f nazirinin v\u0259 Rusiya Federasiyas\u0131 Prezidentinin imzalad\u0131\u011f\u0131 b\u0259yanatla sona \u00e7atd\u0131. Tarixi \u0259h\u0259miyy\u0259t k\u0259sb ed\u0259n bu b\u0259yanat Erm\u0259nistan\u0131n m\u0259\u011flub olmas\u0131 dem\u0259kdir. Bu s\u0259n\u0259d \u0259razil\u0259rimizin i\u015f\u011faldan azad olunmas\u0131n\u0131n sonu, \u015fanl\u0131 q\u0259l\u0259b\u0259mizin t\u0259nt\u0259n\u0259si dem\u0259kdir. 10 noyabr b\u0259yanat\u0131 h\u0259r bir Az\u0259rbaycan v\u0259t\u0259nda\u015f\u0131n\u0131n 30 ild\u0259n art\u0131q m\u00fcdd\u0259td\u0259 g\u00f6zl\u0259diyi q\u0259l\u0259b\u0259dir. Bu 44 g\u00fcnl\u00fck m\u00fcharib\u0259 i\u00e7ind\u0259 h\u0259r bir sah\u0259 d\u00fc\u015fm\u0259nl\u0259 m\u00fcbariz\u0259d\u0259 bir c\u0259bh\u0259 idi. Bu tendensiya h\u0259tta beyn\u0259lxalq ictimaiyy\u0259t v\u0259\u00a0 xarici media g\u00fcnd\u0259mind\u0259 m\u00fczakir\u0259 m\u00f6vzusudur. H\u0259r k\u0259s Az\u0259rbaycan Ordusunun g\u00fcc\u00fcn\u00fc g\u00f6rd\u00fc. H\u0259r k\u0259s Az\u0259rbaycan ordusunun v\u0259 h\u0259rbi potensial\u0131n\u0131n n\u0259y\u0259 qadir oldu\u011funun \u015fahidi oldu. Q\u0259l\u0259b\u0259 hissini ya\u015famaq g\u00f6z\u0259l bir hissdir. Az\u0259rbaycan xalq\u0131 \u00f6z liderinin\u2013m\u00fcz\u0259ff\u0259r Ali Ba\u015f Komandan \u0130lham \u018fliyevin \u0259traf\u0131nda s\u0131x birl\u0259\u015f\u0259r\u0259k b\u00fct\u00fcn d\u00fcnyaya \u00f6z g\u00fcc\u00fcn\u00fc, m\u0259tinliyini, m\u00fcbarizliyini n\u00fcmayi\u015f etdirdi. Prezident \u0130lham \u018fliyev yaln\u0131z h\u0259rb meydan\u0131nda m\u00fcz\u0259ff\u0259r s\u0259rk\u0259rd\u0259 deyil, diplomatik c\u0259bh\u0259d\u0259 b\u00f6y\u00fck strateq n\u00fcmun\u0259si ortaya qoydu, informasiya m\u00fcharib\u0259sind\u0259 Az\u0259rbaycan\u0131n haqq s\u0259si oldu, c\u0259sar\u0259tl\u0259 b\u00fct\u00fcn t\u0259zyiql\u0259r\u0259 sin\u0259 g\u0259rdi, \u00f6z xalq\u0131 il\u0259 v\u0259hd\u0259td\u0259 olan lider kimi m\u00fcbarizlik r\u0259mzin\u0259 \u00e7evrildi.<\/p>\n<p><strong>\u201cQaraba\u011f Az\u0259rbaycand\u0131r!\u201d reall\u0131\u011f\u0131 44 g\u00fcnd\u0259 m\u00fcmk\u00fcns\u00fcz\u00fc m\u00fcmk\u00fcn etdi!<\/strong><\/p>\n<p>M\u00fcz\u0259ff\u0259r Az\u0259rbaycan Ordusu Ali Ba\u015f Komandan\u0131n r\u0259hb\u0259rliyi alt\u0131nda c\u0259mi 44 g\u00fcn\u0259 m\u00fcmk\u00fcns\u00fcz\u00fc m\u00fcmk\u00fcn etdi! Erm\u0259nistan\u0131n h\u0259rbi kaputilyasiyas\u0131na nail olduq! \u015eu\u015fa qalas\u0131n\u0131n al\u0131nmas\u0131 \u0259m\u0259liyyat\u0131 is\u0259 tamam ba\u015fqad\u0131r. Prezident, Ali Ba\u015f Komandan \u0130lham \u018fliyev xalqa m\u00fcraci\u0259tind\u0259 bildirdi ki, \u201c\u015eu\u015fan\u0131n i\u015f\u011faldan azad edilm\u0259si bizim g\u00fcc\u00fcm\u00fcz\u00fc g\u00f6st\u0259rdi. Ordumuzun pe\u015f\u0259karl\u0131\u011f\u0131n\u0131, h\u0259rb\u00e7il\u0259rimizin c\u0259sar\u0259tini, q\u0259hr\u0259manl\u0131\u011f\u0131n\u0131 g\u00f6st\u0259rdi. \u015eu\u015fan\u0131n g\u00f6t\u00fcr\u00fclm\u0259si \u00e7ox b\u00f6y\u00fck pe\u015f\u0259karl\u0131q, c\u0259sar\u0259t t\u0259l\u0259b ed\u0259n \u0259m\u0259liyyat idi. \u018fmin\u0259m ki, bu \u0259m\u0259liyyat d\u00fcnya h\u0259rb tarixind\u0259 x\u00fcsusi yer tutacaq. \u00c7\u00fcnki bu \u0259m\u0259liyyat\u0131 bizim q\u0259hr\u0259man h\u0259rb\u00e7il\u0259rimiz da\u011flardan, me\u015f\u0259l\u0259rd\u0259n, c\u0131\u011f\u0131rlardan ke\u00e7\u0259r\u0259k yaln\u0131z y\u00fcng\u00fcl silahlarla silahlanm\u0131\u015f \u015f\u0259kild\u0259 azad edibl\u0259r. \u015eu\u015fan\u0131n i\u015f\u011faldan azad edilm\u0259si bizim \u015fanl\u0131 q\u0259l\u0259b\u0259mizdir\u201d.\u00a0 B\u00f6y\u00fck q\u0259l\u0259b\u0259ni al qan\u0131 il\u0259 yazan \u015f\u0259hidl\u0259rimizin intiqam\u0131n\u0131n al\u0131nmas\u0131 il\u0259 \u0259ld\u0259 edil\u0259n z\u0259f\u0259ri, qalibiyy\u0259ti Az\u0259rbaycan xalq\u0131na b\u0259x\u015f etm\u0259kl\u0259 Ali Ba\u015f Komandan\u0131m\u0131z \u0130lham \u018fliyev h\u0259m d\u0259 h\u0259yat\u0131n\u0131 Az\u0259rbaycana h\u0259sr ed\u0259n, \u201c\u015eu\u015fas\u0131z Qaraba\u011f, Qaraba\u011fs\u0131z Az\u0259rbaycan yoxdur\u201d \u2013 dey\u0259n Ulu \u00d6nd\u0259rin arzusunu realla\u015fd\u0131rd\u0131.<\/p>\n<p>Bununla \u0259laq\u0259dar \u018fdliyy\u0259 Nazirliyi t\u0259r\u0259find\u0259n Erm\u0259nistan\u0131n \u00f6lk\u0259miz\u0259 qar\u015f\u0131 m\u00fcharib\u0259 cinay\u0259tl\u0259rinin d\u00fcnya ictimaiyy\u0259tinin diqq\u0259tin\u0259 dol\u011fun v\u0259 h\u0259rt\u0259r\u0259fli \u00e7atd\u0131r\u0131lmas\u0131 istiqam\u0259tind\u0259 m\u0259qs\u0259dy\u00f6nl\u00fc i\u015fl\u0259r h\u0259yata ke\u00e7irilmi\u015fdir. Bel\u0259 ki, t\u0259r\u0259fimizd\u0259n 70-\u0259 yax\u0131n d\u00f6vl\u0259tin \u0259dliyy\u0259 nazirl\u0259rin\u0259, d\u00fcnya prokurorlar\u0131na, s\u0131x t\u0259r\u0259fda\u015fl\u0131q etdiyimiz n\u00fcfuzlu beyn\u0259lxalq t\u0259\u015fkilatlara, o c\u00fcml\u0259d\u0259n 140 \u00f6lk\u0259ni birl\u0259\u015fdir\u0259n Beyn\u0259lxalq Antikorrupsiya Orqanlar\u0131 Assosiasiyas\u0131, D\u00fcnya Bank\u0131, UNICEF, Avropa \u015euras\u0131 Yerli v\u0259 Regional Hakimiyy\u0259tl\u0259r Konqresi, Almaniyan\u0131n Beyn\u0259lxalq \u018fm\u0259kda\u015fl\u0131q C\u0259miyy\u0259ti, \u00dcmumd\u00fcnya S\u0259hiyy\u0259 T\u0259\u015fkilat\u0131 v\u0259 dig\u0259r qurumlara, habel\u0259 Beyn\u0259lxalq Hakiml\u0259r Assosiasiyas\u0131na m\u00fcraci\u0259tl\u0259r \u00fcnvanlanm\u0131\u015f, xarici \u00f6lk\u0259l\u0259rin s\u0259firl\u0259ri il\u0259 g\u00f6r\u00fc\u015fl\u0259r t\u0259\u015fkil olunmu\u015f, \u0259razil\u0259rimizin 20 faizinin i\u015f\u011fal olunaraq az\u0259rbaycanl\u0131lar\u0131n etnik t\u0259mizl\u0259m\u0259y\u0259 v\u0259 soyq\u0131r\u0131ma m\u0259ruz qalmas\u0131, d\u0259d\u0259-baba yurdlar\u0131ndan did\u0259rgin sal\u0131nmas\u0131, xalq\u0131m\u0131za qar\u015f\u0131 t\u00f6r\u0259dilmi\u015f m\u00fcharib\u0259 v\u0259 insanl\u0131q \u0259leyhin\u0259 cinay\u0259tl\u0259ri vur\u011fulanm\u0131\u015fd\u0131r. eyd edilm\u0259lidir ki, b\u00f6y\u00fck inam v\u0259 \u0259zml\u0259 Ali Ba\u015f Komandan\u0131n \u0259traf\u0131nda s\u0131x birl\u0259\u015f\u0259r\u0259k h\u0259mr\u0259ylik n\u00fcmayi\u015f etdir\u0259n \u0259dliyy\u0259 i\u015f\u00e7il\u0259ri v\u0259 hakiml\u0259r m\u00fcharib\u0259nin ilk g\u00fcnl\u0259rind\u0259n ordumuza d\u0259st\u0259k m\u0259qs\u0259dil\u0259 k\u00f6n\u00fcll\u00fc olaraq \u00f6z \u0259m\u0259k haqlar\u0131 fondundan Silahl\u0131 Q\u00fcvv\u0259l\u0259r\u0259 Yard\u0131m Fonduna 1 milyon 600 min manat k\u00f6\u00e7\u00fcrm\u00fc\u015fl\u0259r. T\u0259bii ki, g\u00fcnd\u0259lik d\u00f6vl\u0259t qay\u011f\u0131s\u0131 il\u0259 \u0259hat\u0259 olunan v\u0259 \u0259n y\u00fcks\u0259k s\u0259viyy\u0259d\u0259 t\u0259chiz edil\u0259n Az\u0259rbaycan Ordusu \u00fc\u00e7\u00fcn edil\u0259n bu t\u0259\u015f\u0259bb\u00fcs h\u0259rb\u00e7il\u0259rimizl\u0259 h\u0259mr\u0259ylik n\u00fcmayi\u015fi kimi m\u0259n\u0259vi borc hesab olunmu\u015fdur. Pe\u015f\u0259 bayram\u0131 \u0259r\u0259f\u0259sind\u0259 i\u015f\u00e7il\u0259rimiz v\u0259 hakiml\u0259r t\u0259r\u0259find\u0259n n\u00f6vb\u0259ti d\u0259f\u0259 \u0259m\u0259k haqlar\u0131ndan 900 min manatdan \u00e7ox ian\u0259 edilmi\u015fdir. H\u0259m\u00e7inin \u0259dliyy\u0259 v\u0259 m\u0259hk\u0259m\u0259 orqanlar\u0131n\u0131n 100-d\u0259k \u0259m\u0259kda\u015f\u0131 h\u0259rbi xidm\u0259t\u0259, o c\u00fcml\u0259d\u0259n k\u00f6n\u00fcll\u00fc kimi yollanaraq, y\u00fcks\u0259k v\u0259t\u0259np\u0259rv\u0259rlik n\u00fcmun\u0259si g\u00f6st\u0259rmi\u015fl\u0259r. D\u00f6y\u00fc\u015fl\u0259rd\u0259 i\u015ftirak ed\u0259n \u0259m\u0259kda\u015flar\u0131m\u0131z aras\u0131nda t\u0259\u0259ss\u00fcf ki, yaralanan v\u0259 q\u0259hr\u0259mancas\u0131na \u015f\u0259hid olanlar da var. Nazirlik t\u0259r\u0259find\u0259n onlar\u0131n h\u0259r birinin v\u0259 ail\u0259 \u00fczvl\u0259rinin qay\u011f\u0131lar\u0131 il\u0259 maraqlan\u0131laraq z\u0259ruri t\u0259dbirl\u0259r g\u00f6r\u00fcl\u00fcr. Eyni zamanda, c\u0259bh\u0259boyu \u015f\u0259h\u0259r v\u0259 rayonlarda t\u0259hl\u00fck\u0259li v\u0259 g\u0259rgin \u015f\u0259raitd\u0259 f\u0259aliyy\u0259t g\u00f6st\u0259r\u0259n i\u015f\u00e7il\u0259r\u0259 \u0259lav\u0259 maddi d\u0259st\u0259k g\u00f6st\u0259rilmi\u015fdir.<\/p>\n<p>Bu g\u00fcn Az\u0259rbaycan Qaraba\u011fa qovu\u015fdu, tarixi z\u0259f\u0259r\u0259 imza atd\u0131, \u015f\u0259hidl\u0259rimizin, Xocal\u0131 qurbanlar\u0131n\u0131n, G\u0259nc\u0259, B\u0259rd\u0259 dig\u0259r \u015f\u0259h\u0259r v\u0259 rayonlar\u0131m\u0131zda soyq\u0131r\u0131mlar\u0131 zaman\u0131 h\u0259lak olan g\u00fcnahs\u0131z insanlar\u0131n qisas\u0131n\u0131 d\u00f6y\u00fc\u015f meydan\u0131nda ald\u0131, i\u015f\u011fal\u00e7\u0131 Erm\u0259nistana layiq oldu\u011fu yeri g\u00f6st\u0259rdi. Bu q\u0259l\u0259b\u0259ni, z\u0259f\u0259ri bizl\u0259r\u0259 ya\u015fadan is\u0259 Ulu \u00d6nd\u0259r Heyd\u0259r \u018fliyev siyasi kursunun layiqli davam\u00e7\u0131s\u0131 \u00f6lk\u0259 Prezidentimiz, Ali Ba\u015f Komandan\u0131m\u0131z \u0130lham \u018fliyevin q\u0259tiyy\u0259ti, siyasi irad\u0259si, G\u00fccl\u00fc Ordumuz, R\u0259\u015fad\u0259tli \u0259sg\u0259r v\u0259 zabitl\u0259rimizdir. Bir s\u00f6zl\u0259, \u201cQaraba\u011f Az\u0259rbaycand\u0131r v\u0259 nida i\u015far\u0259si\u201d-s\u00f6yl\u0259y\u0259n Prezidentimiz h\u0259r zaman oldu\u011fu kimi bu d\u0259f\u0259 d\u0259 v\u0259din\u0259 \u0259m\u0259l etdi. Noyabr\u0131n 8-i xalq\u0131m\u0131z\u0131n tarixin\u0259 \u015fanl\u0131, q\u0131z\u0131l h\u0259rfl\u0259rl\u0259 yaz\u0131ld\u0131!<\/p>\n<p>M\u0259n d\u0259 \u018fdliyy\u0259 Nazirliyinin \u0259m\u0259kda\u015f\u0131 kimi xalq\u0131m\u0131z\u0131 z\u0259f\u0259r bayram\u0131 m\u00fcnasib\u0259til\u0259 t\u0259brik edir, torpaqlar\u0131m\u0131z\u0131n h\u0259r qar\u0131\u015f\u0131 u\u011frunda canlar\u0131n\u0131 f\u0259da ed\u0259n \u0259ziz \u015f\u0259hidl\u0259rimizin \u00f6lm\u0259z ruhlar\u0131 qar\u015f\u0131s\u0131nda ba\u015f \u0259yir\u0259m!<\/p>\n<p><strong>Naftalan \u015f\u0259h\u0259r Qeydiyyat \u015f\u00f6b\u0259sinin<\/strong><\/p>\n<p><strong>\u00a0r\u0259isi v\u0259zif\u0259sini icra ed\u0259n Ayt\u0259kin S\u0259m\u0259dzad\u0259<\/strong><\/p>\n","protected":false},"excerpt":{"rendered":"<p>M\u00fcst\u0259qil d\u00f6vl\u0259timizin \u0259dliyy\u0259 tarixinin \u0259n \u015f\u0259r\u0259fli anlar\u0131 1918-ci ild\u0259 Az\u0259rbaycan Demokratik Respublikas\u0131n\u0131n yaranmas\u0131 il\u0259 ba\u015flan\u0131r. Bel\u0259 ki, \u018fdliyy\u0259 Nazirliyinin t\u0259sis edilm\u0259sin\u0259 x\u00fcsusi \u0259h\u0259miyy\u0259t veril\u0259r\u0259k 1918-ci il may ay\u0131n\u0131n 28-d\u0259 \u2013 Az\u0259rbaycan Demokratik Respublikas\u0131n\u0131n elan edildiyi g\u00fcn \u018fdliyy\u0259 Nazirliyi d\u0259 yarad\u0131lm\u0131\u015fd\u0131r. 22 noyabr \u2013 1918-ci ild\u0259 Az\u0259rbaycan Demokratik Respublikas\u0131 \u018fdliyy\u0259 Nazirliyinin \u018fsasnam\u0259sinin t\u0259sdiq edildiyi g\u00fcn\u00fcn \u0259dliyy\u0259 i\u015f\u00e7il\u0259rinin pe\u015f\u0259 bayram\u0131 g\u00fcn\u00fc kimi t\u0259sis edilm\u0259si \u00fc\u00e7\u00fcn d\u00f6vl\u0259t ba\u015f\u00e7\u0131s\u0131na m\u00fcraci\u0259t edilmi\u015f v\u0259 \u00fcmummilli lider Heyd\u0259r \u018fliyevin 2000-ci il 11 noyabr tarixli S\u0259r\u0259ncam\u0131 il\u0259 22 noyabr \u0259dliyy\u0259 i\u015f\u00e7il\u0259rinin pe\u015f\u0259 bayram\u0131 g\u00fcn\u00fc kimi m\u00fc\u0259yy\u0259n edilmi\u015fdir. O&hellip;<\/p>\n","protected":false},"author":2,"featured_media":398966,"comment_status":"closed","ping_status":"closed","sticky":false,"template":"","format":"standard","meta":{"om_disable_all_campaigns":false,"_monsterinsights_skip_tracking":false,"_monsterinsights_sitenote_active":false,"_monsterinsights_sitenote_note":"","_monsterinsights_sitenote_category":0},"categories":[1],"tags":[],"aioseo_notices":[],"gutentor_comment":0,"rttpg_featured_image_url":{"full":["https:\/\/arantv.az\/wp-content\/uploads\/2021\/11\/bandicam-2021-11-03-15-20-43-248.jpg",436,328,false],"landscape":["https:\/\/arantv.az\/wp-content\/uploads\/2021\/11\/bandicam-2021-11-03-15-20-43-248.jpg",436,328,false],"portraits":["https:\/\/arantv.az\/wp-content\/uploads\/2021\/11\/bandicam-2021-11-03-15-20-43-248.jpg",436,328,false],"thumbnail":["https:\/\/arantv.az\/wp-content\/uploads\/2021\/11\/bandicam-2021-11-03-15-20-43-248-436x280.jpg",436,280,true],"medium":["https:\/\/arantv.az\/wp-content\/uploads\/2021\/11\/bandicam-2021-11-03-15-20-43-248.jpg",436,328,false],"large":["https:\/\/arantv.az\/wp-content\/uploads\/2021\/11\/bandicam-2021-11-03-15-20-43-248.jpg",436,328,false],"1536x1536":["https:\/\/arantv.az\/wp-content\/uploads\/2021\/11\/bandicam-2021-11-03-15-20-43-248.jpg",436,328,false],"2048x2048":["https:\/\/arantv.az\/wp-content\/uploads\/2021\/11\/bandicam-2021-11-03-15-20-43-248.jpg",436,328,false],"post-thumbnail":["https:\/\/arantv.az\/wp-content\/uploads\/2021\/11\/bandicam-2021-11-03-15-20-43-248-240x172.jpg",240,172,true],"advps-thumb-one":["https:\/\/arantv.az\/wp-content\/uploads\/2021\/11\/bandicam-2021-11-03-15-20-43-248.jpg",436,328,false]},"rttpg_author":{"display_name":"V\u00fcsal Rafiqo\u011flu","author_link":"https:\/\/arantv.az\/?author=2"},"rttpg_comment":0,"rttpg_category":"<a href=\"https:\/\/arantv.az\/?cat=1\" rel=\"category\">C\u0259miyy\u0259t<\/a>","rttpg_excerpt":"M\u00fcst\u0259qil d\u00f6vl\u0259timizin \u0259dliyy\u0259 tarixinin \u0259n \u015f\u0259r\u0259fli anlar\u0131 1918-ci ild\u0259 Az\u0259rbaycan Demokratik Respublikas\u0131n\u0131n yaranmas\u0131 il\u0259 ba\u015flan\u0131r. Bel\u0259 ki, \u018fdliyy\u0259 Nazirliyinin t\u0259sis edilm\u0259sin\u0259 x\u00fcsusi \u0259h\u0259miyy\u0259t veril\u0259r\u0259k 1918-ci il may ay\u0131n\u0131n 28-d\u0259 \u2013 Az\u0259rbaycan Demokratik Respublikas\u0131n\u0131n elan edildiyi g\u00fcn \u018fdliyy\u0259 Nazirliyi d\u0259 yarad\u0131lm\u0131\u015fd\u0131r. 22 noyabr \u2013 1918-ci ild\u0259 Az\u0259rbaycan Demokratik Respublikas\u0131 \u018fdliyy\u0259 Nazirliyinin \u018fsasnam\u0259sinin t\u0259sdiq edildiyi g\u00fcn\u00fcn \u0259dliyy\u0259&hellip;","_links":{"self":[{"href":"https:\/\/arantv.az\/index.php?rest_route=\/wp\/v2\/posts\/398965"}],"collection":[{"href":"https:\/\/arantv.az\/index.php?rest_route=\/wp\/v2\/posts"}],"about":[{"href":"https:\/\/arantv.az\/index.php?rest_route=\/wp\/v2\/types\/post"}],"author":[{"embeddable":true,"href":"https:\/\/arantv.az\/index.php?rest_route=\/wp\/v2\/users\/2"}],"replies":[{"embeddable":true,"href":"https:\/\/arantv.az\/index.php?rest_route=%2Fwp%2Fv2%2Fcomments&post=398965"}],"version-history":[{"count":0,"href":"https:\/\/arantv.az\/index.php?rest_route=\/wp\/v2\/posts\/398965\/revisions"}],"wp:featuredmedia":[{"embeddable":true,"href":"https:\/\/arantv.az\/index.php?rest_route=\/wp\/v2\/media\/398966"}],"wp:attachment":[{"href":"https:\/\/arantv.az\/index.php?rest_route=%2Fwp%2Fv2%2Fmedia&parent=398965"}],"wp:term":[{"taxonomy":"category","embeddable":true,"href":"https:\/\/arantv.az\/index.php?rest_route=%2Fwp%2Fv2%2Fcategories&post=398965"},{"taxonomy":"post_tag","embeddable":true,"href":"https:\/\/arantv.az\/index.php?rest_route=%2Fwp%2Fv2%2Ftags&post=398965"}],"curies":[{"name":"wp","href":"https:\/\/api.w.org\/{rel}","templated":true}]}}