{"id":398968,"date":"2021-11-03T15:28:59","date_gmt":"2021-11-03T12:28:59","guid":{"rendered":"http:\/\/arantv.az\/?p=398968"},"modified":"2021-11-03T15:28:59","modified_gmt":"2021-11-03T12:28:59","slug":"qht-l%c9%99r-z%c9%99f%c9%99r-bayramindan-danisir-foto","status":"publish","type":"post","link":"https:\/\/arantv.az\/?p=398968","title":{"rendered":"QHT-l\u0259r Z\u0259f\u0259r bayram\u0131ndan dan\u0131\u015f\u0131r FOTO"},"content":{"rendered":"<p>Az\u0259rbaycan Respublikas\u0131n\u0131n Prezidenti yan\u0131nda QHT-l\u0259r\u0259 D\u00f6vl\u0259t D\u0259st\u0259ti Agentliyinin t\u0259\u015fkilat\u00e7\u0131l\u0131\u011f\u0131 il\u0259 44 g\u00fcnl\u00fck m\u00fcharib\u0259 v\u0259 Z\u0259f\u0259r bayarm\u0131 il\u0259 ba\u011fl\u0131 m\u00fczakir\u0259 t\u0259\u015fkil edilib.<\/p>\n<p><strong>ARANTV.AZ\u00a0<\/strong> x\u0259b\u0259r verir ki, bu g\u00fcn , y\u0259ni noyabr\u0131n 2-d\u0259 saat 14:00-da QHT-l\u0259r\u0259 D\u00f6vl\u0259t D\u0259st\u0259yi Agentliyi Z\u0259f\u0259r bayram\u0131 il\u0259 ba\u011fl\u0131 g\u00f6r\u00fc\u015f t\u0259\u015fkil edib. T\u0259dbird\u0259 Az\u0259rbaycan Respublikas\u0131n\u0131n Prezidenti yan\u0131nda QHT-l\u0259r\u0259 D\u00f6vl\u0259t D\u0259st\u0259ti Agentliyi m\u00fc\u015fahid\u0259 \u015furas\u0131n\u0131n s\u0259dri, mill\u0259t v\u0259kili Azay Quliyev \u00e7\u0131x\u0131\u015f edib. Sonra s\u00f6z QHT r\u0259hb\u0259rl\u0259rin\u0259 verilib.<\/p>\n<p>T\u0259\u015fkilat s\u0259dirl\u0259ri 44 g\u00fcnl\u00fck V\u0259t\u0259n m\u00fcharib\u0259si v\u0259 Z\u0259f\u0259r bayram\u0131 il\u0259 ba\u011fl\u0131 maraql\u0131 fikirl\u0259r s\u00f6yl\u0259mi\u015f, m\u00f6ht\u0259\u015f\u0259m q\u0259l\u0259b\u0259 m\u00fcnasib\u0259til\u0259 xalq\u0131m\u0131z\u0131 t\u0259brik etmi\u015fdil\u0259r.<\/p>\n<figure class=\"wp-block-image size-full\"><img loading=\"lazy\" class=\"wp-image-15852 lazyloaded\" src=\"https:\/\/media1.az\/wp-content\/uploads\/2021\/11\/IMG_20211102_143847.jpg\" sizes=\"(max-width: 500px) 100vw, 500px\" srcset=\"https:\/\/media1.az\/wp-content\/uploads\/2021\/11\/IMG_20211102_143847.jpg 500w, https:\/\/media1.az\/wp-content\/uploads\/2021\/11\/IMG_20211102_143847-300x225.jpg 300w\" alt=\"\" width=\"500\" height=\"375\" data-srcset=\"https:\/\/media1.az\/wp-content\/uploads\/2021\/11\/IMG_20211102_143847.jpg 500w, https:\/\/media1.az\/wp-content\/uploads\/2021\/11\/IMG_20211102_143847-300x225.jpg 300w\" data-src=\"https:\/\/media1.az\/wp-content\/uploads\/2021\/11\/IMG_20211102_143847.jpg\" data-sizes=\"(max-width: 500px) 100vw, 500px\" \/><\/figure>\n<figure class=\"wp-block-image size-full\"><img loading=\"lazy\" class=\"wp-image-15853 lazyloaded\" src=\"https:\/\/media1.az\/wp-content\/uploads\/2021\/11\/Screenshot_20211102_143720_us.zoom_.videomeetings.jpg\" sizes=\"(max-width: 585px) 100vw, 585px\" srcset=\"https:\/\/media1.az\/wp-content\/uploads\/2021\/11\/Screenshot_20211102_143720_us.zoom_.videomeetings.jpg 585w, https:\/\/media1.az\/wp-content\/uploads\/2021\/11\/Screenshot_20211102_143720_us.zoom_.videomeetings-300x138.jpg 300w\" alt=\"\" width=\"585\" height=\"270\" data-srcset=\"https:\/\/media1.az\/wp-content\/uploads\/2021\/11\/Screenshot_20211102_143720_us.zoom_.videomeetings.jpg 585w, https:\/\/media1.az\/wp-content\/uploads\/2021\/11\/Screenshot_20211102_143720_us.zoom_.videomeetings-300x138.jpg 300w\" data-src=\"https:\/\/media1.az\/wp-content\/uploads\/2021\/11\/Screenshot_20211102_143720_us.zoom_.videomeetings.jpg\" data-sizes=\"(max-width: 585px) 100vw, 585px\" \/><\/figure>\n","protected":false},"excerpt":{"rendered":"<p>Az\u0259rbaycan Respublikas\u0131n\u0131n Prezidenti yan\u0131nda QHT-l\u0259r\u0259 D\u00f6vl\u0259t D\u0259st\u0259ti Agentliyinin t\u0259\u015fkilat\u00e7\u0131l\u0131\u011f\u0131 il\u0259 44 g\u00fcnl\u00fck m\u00fcharib\u0259 v\u0259 Z\u0259f\u0259r bayarm\u0131 il\u0259 ba\u011fl\u0131 m\u00fczakir\u0259 t\u0259\u015fkil edilib. ARANTV.AZ\u00a0 x\u0259b\u0259r verir ki, bu g\u00fcn , y\u0259ni noyabr\u0131n 2-d\u0259 saat 14:00-da QHT-l\u0259r\u0259 D\u00f6vl\u0259t D\u0259st\u0259yi Agentliyi Z\u0259f\u0259r bayram\u0131 il\u0259 ba\u011fl\u0131 g\u00f6r\u00fc\u015f t\u0259\u015fkil edib. T\u0259dbird\u0259 Az\u0259rbaycan Respublikas\u0131n\u0131n Prezidenti yan\u0131nda QHT-l\u0259r\u0259 D\u00f6vl\u0259t D\u0259st\u0259ti Agentliyi m\u00fc\u015fahid\u0259 \u015furas\u0131n\u0131n s\u0259dri, mill\u0259t v\u0259kili Azay Quliyev \u00e7\u0131x\u0131\u015f edib. Sonra s\u00f6z QHT r\u0259hb\u0259rl\u0259rin\u0259 verilib. T\u0259\u015fkilat s\u0259dirl\u0259ri 44 g\u00fcnl\u00fck V\u0259t\u0259n m\u00fcharib\u0259si v\u0259 Z\u0259f\u0259r bayram\u0131 il\u0259 ba\u011fl\u0131 maraql\u0131 fikirl\u0259r s\u00f6yl\u0259mi\u015f, m\u00f6ht\u0259\u015f\u0259m q\u0259l\u0259b\u0259 m\u00fcnasib\u0259til\u0259 xalq\u0131m\u0131z\u0131 t\u0259brik etmi\u015fdil\u0259r.<\/p>\n","protected":false},"author":2,"featured_media":398969,"comment_status":"closed","ping_status":"closed","sticky":false,"template":"","format":"standard","meta":{"om_disable_all_campaigns":false,"_monsterinsights_skip_tracking":false,"_monsterinsights_sitenote_active":false,"_monsterinsights_sitenote_note":"","_monsterinsights_sitenote_category":0},"categories":[1],"tags":[],"aioseo_notices":[],"gutentor_comment":0,"rttpg_featured_image_url":{"full":["https:\/\/arantv.az\/wp-content\/uploads\/2021\/11\/Screenshot_20211102_143720_us.zoom_.videomeetings-1.jpg",585,270,false],"landscape":["https:\/\/arantv.az\/wp-content\/uploads\/2021\/11\/Screenshot_20211102_143720_us.zoom_.videomeetings-1.jpg",585,270,false],"portraits":["https:\/\/arantv.az\/wp-content\/uploads\/2021\/11\/Screenshot_20211102_143720_us.zoom_.videomeetings-1.jpg",585,270,false],"thumbnail":["https:\/\/arantv.az\/wp-content\/uploads\/2021\/11\/Screenshot_20211102_143720_us.zoom_.videomeetings-1-500x270.jpg",500,270,true],"medium":["https:\/\/arantv.az\/wp-content\/uploads\/2021\/11\/Screenshot_20211102_143720_us.zoom_.videomeetings-1.jpg",585,270,false],"large":["https:\/\/arantv.az\/wp-content\/uploads\/2021\/11\/Screenshot_20211102_143720_us.zoom_.videomeetings-1.jpg",585,270,false],"1536x1536":["https:\/\/arantv.az\/wp-content\/uploads\/2021\/11\/Screenshot_20211102_143720_us.zoom_.videomeetings-1.jpg",585,270,false],"2048x2048":["https:\/\/arantv.az\/wp-content\/uploads\/2021\/11\/Screenshot_20211102_143720_us.zoom_.videomeetings-1.jpg",585,270,false],"post-thumbnail":["https:\/\/arantv.az\/wp-content\/uploads\/2021\/11\/Screenshot_20211102_143720_us.zoom_.videomeetings-1-240x172.jpg",240,172,true],"advps-thumb-one":["https:\/\/arantv.az\/wp-content\/uploads\/2021\/11\/Screenshot_20211102_143720_us.zoom_.videomeetings-1.jpg",585,270,false]},"rttpg_author":{"display_name":"V\u00fcsal Rafiqo\u011flu","author_link":"https:\/\/arantv.az\/?author=2"},"rttpg_comment":0,"rttpg_category":"<a href=\"https:\/\/arantv.az\/?cat=1\" rel=\"category\">C\u0259miyy\u0259t<\/a>","rttpg_excerpt":"Az\u0259rbaycan Respublikas\u0131n\u0131n Prezidenti yan\u0131nda QHT-l\u0259r\u0259 D\u00f6vl\u0259t D\u0259st\u0259ti Agentliyinin t\u0259\u015fkilat\u00e7\u0131l\u0131\u011f\u0131 il\u0259 44 g\u00fcnl\u00fck m\u00fcharib\u0259 v\u0259 Z\u0259f\u0259r bayarm\u0131 il\u0259 ba\u011fl\u0131 m\u00fczakir\u0259 t\u0259\u015fkil edilib. ARANTV.AZ\u00a0 x\u0259b\u0259r verir ki, bu g\u00fcn , y\u0259ni noyabr\u0131n 2-d\u0259 saat 14:00-da QHT-l\u0259r\u0259 D\u00f6vl\u0259t D\u0259st\u0259yi Agentliyi Z\u0259f\u0259r bayram\u0131 il\u0259 ba\u011fl\u0131 g\u00f6r\u00fc\u015f t\u0259\u015fkil edib. T\u0259dbird\u0259 Az\u0259rbaycan Respublikas\u0131n\u0131n Prezidenti yan\u0131nda QHT-l\u0259r\u0259 D\u00f6vl\u0259t D\u0259st\u0259ti Agentliyi m\u00fc\u015fahid\u0259 \u015furas\u0131n\u0131n&hellip;","_links":{"self":[{"href":"https:\/\/arantv.az\/index.php?rest_route=\/wp\/v2\/posts\/398968"}],"collection":[{"href":"https:\/\/arantv.az\/index.php?rest_route=\/wp\/v2\/posts"}],"about":[{"href":"https:\/\/arantv.az\/index.php?rest_route=\/wp\/v2\/types\/post"}],"author":[{"embeddable":true,"href":"https:\/\/arantv.az\/index.php?rest_route=\/wp\/v2\/users\/2"}],"replies":[{"embeddable":true,"href":"https:\/\/arantv.az\/index.php?rest_route=%2Fwp%2Fv2%2Fcomments&post=398968"}],"version-history":[{"count":0,"href":"https:\/\/arantv.az\/index.php?rest_route=\/wp\/v2\/posts\/398968\/revisions"}],"wp:featuredmedia":[{"embeddable":true,"href":"https:\/\/arantv.az\/index.php?rest_route=\/wp\/v2\/media\/398969"}],"wp:attachment":[{"href":"https:\/\/arantv.az\/index.php?rest_route=%2Fwp%2Fv2%2Fmedia&parent=398968"}],"wp:term":[{"taxonomy":"category","embeddable":true,"href":"https:\/\/arantv.az\/index.php?rest_route=%2Fwp%2Fv2%2Fcategories&post=398968"},{"taxonomy":"post_tag","embeddable":true,"href":"https:\/\/arantv.az\/index.php?rest_route=%2Fwp%2Fv2%2Ftags&post=398968"}],"curies":[{"name":"wp","href":"https:\/\/api.w.org\/{rel}","templated":true}]}}