{"id":398989,"date":"2021-11-03T15:54:55","date_gmt":"2021-11-03T12:54:55","guid":{"rendered":"http:\/\/arantv.az\/?p=398989"},"modified":"2021-11-03T15:54:55","modified_gmt":"2021-11-03T12:54:55","slug":"fulya-ozturk-muxbirlik-m%c9%99nim-h%c9%99yat-t%c9%99rzimdir-video","status":"publish","type":"post","link":"https:\/\/arantv.az\/?p=398989","title":{"rendered":"Fulya \u00d6zt\u00fcrk: \u201cM\u00fcxbirlik m\u0259nim h\u0259yat t\u0259rzimdir\u201d &#8211; V\u0130DEO"},"content":{"rendered":"<article class=\"news\">\n<div class=\"news-inner\">\n<p>Jurnalistlika \u00f6z\u00fcn\u00fc g\u00f6st\u0259rm\u0259k deyil, m\u0259s\u0259l\u0259ni \u00e7atd\u0131rmaqd\u0131r.<\/p>\n<p>Bunu Baku TV-d\u0259 yay\u0131mlanan \u201c\u00dczb\u0259\u00fcz\u201d verili\u015find\u0259 t\u00fcrkiy\u0259li jurnalist Fulya \u00d6zt\u00fcrk deyib.<\/p>\n<div id=\"AdviadNativeVideo0\" class=\"AdviadNativeVideo\"><\/div>\n<p>\u201cM\u00fcxbir olmaq \u00fc\u00e7\u00fcn do\u011fulmu\u015fam\u201d dey\u0259n Fulya \u00d6zt\u00fcrk mediada operativliyin vacibliyind\u0259n, jurnalistl\u0259r aras\u0131ndak\u0131 r\u0259qab\u0259td\u0259n d\u0259 dan\u0131\u015f\u0131b.<\/p>\n<p>\u018ftrafl\u0131 videonu t\u0259qdim edirik:<\/p>\n<div><iframe loading=\"lazy\" title=\"YouTube video player\" src=\"https:\/\/www.youtube.com\/embed\/E5QBuN4rsbA\" width=\"560\" height=\"315\" frameborder=\"0\" allowfullscreen=\"allowfullscreen\" data-mce-fragment=\"1\"><\/iframe><\/div>\n<\/div>\n<\/article>\n<h2 class=\"news-share-title\"><\/h2>\n","protected":false},"excerpt":{"rendered":"<p>Jurnalistlika \u00f6z\u00fcn\u00fc g\u00f6st\u0259rm\u0259k deyil, m\u0259s\u0259l\u0259ni \u00e7atd\u0131rmaqd\u0131r. Bunu Baku TV-d\u0259 yay\u0131mlanan \u201c\u00dczb\u0259\u00fcz\u201d verili\u015find\u0259 t\u00fcrkiy\u0259li jurnalist Fulya \u00d6zt\u00fcrk deyib. \u201cM\u00fcxbir olmaq \u00fc\u00e7\u00fcn do\u011fulmu\u015fam\u201d dey\u0259n Fulya \u00d6zt\u00fcrk mediada operativliyin vacibliyind\u0259n, jurnalistl\u0259r aras\u0131ndak\u0131 r\u0259qab\u0259td\u0259n d\u0259 dan\u0131\u015f\u0131b. \u018ftrafl\u0131 videonu t\u0259qdim edirik:<\/p>\n","protected":false},"author":2,"featured_media":398990,"comment_status":"closed","ping_status":"closed","sticky":false,"template":"","format":"standard","meta":{"om_disable_all_campaigns":false,"_monsterinsights_skip_tracking":false,"_monsterinsights_sitenote_active":false,"_monsterinsights_sitenote_note":"","_monsterinsights_sitenote_category":0},"categories":[26],"tags":[],"aioseo_notices":[],"gutentor_comment":0,"rttpg_featured_image_url":{"full":["https:\/\/arantv.az\/wp-content\/uploads\/2021\/11\/FotoJet-41-1.jpg",620,414,false],"landscape":["https:\/\/arantv.az\/wp-content\/uploads\/2021\/11\/FotoJet-41-1.jpg",620,414,false],"portraits":["https:\/\/arantv.az\/wp-content\/uploads\/2021\/11\/FotoJet-41-1.jpg",620,414,false],"thumbnail":["https:\/\/arantv.az\/wp-content\/uploads\/2021\/11\/FotoJet-41-1-500x280.jpg",500,280,true],"medium":["https:\/\/arantv.az\/wp-content\/uploads\/2021\/11\/FotoJet-41-1-547x365.jpg",547,365,true],"large":["https:\/\/arantv.az\/wp-content\/uploads\/2021\/11\/FotoJet-41-1.jpg",620,414,false],"1536x1536":["https:\/\/arantv.az\/wp-content\/uploads\/2021\/11\/FotoJet-41-1.jpg",620,414,false],"2048x2048":["https:\/\/arantv.az\/wp-content\/uploads\/2021\/11\/FotoJet-41-1.jpg",620,414,false],"post-thumbnail":["https:\/\/arantv.az\/wp-content\/uploads\/2021\/11\/FotoJet-41-1-240x172.jpg",240,172,true],"advps-thumb-one":["https:\/\/arantv.az\/wp-content\/uploads\/2021\/11\/FotoJet-41-1.jpg",620,414,false]},"rttpg_author":{"display_name":"V\u00fcsal Rafiqo\u011flu","author_link":"https:\/\/arantv.az\/?author=2"},"rttpg_comment":0,"rttpg_category":"<a href=\"https:\/\/arantv.az\/?cat=26\" rel=\"category\">Sosial<\/a>","rttpg_excerpt":"Jurnalistlika \u00f6z\u00fcn\u00fc g\u00f6st\u0259rm\u0259k deyil, m\u0259s\u0259l\u0259ni \u00e7atd\u0131rmaqd\u0131r. Bunu Baku TV-d\u0259 yay\u0131mlanan \u201c\u00dczb\u0259\u00fcz\u201d verili\u015find\u0259 t\u00fcrkiy\u0259li jurnalist Fulya \u00d6zt\u00fcrk deyib. \u201cM\u00fcxbir olmaq \u00fc\u00e7\u00fcn do\u011fulmu\u015fam\u201d dey\u0259n Fulya \u00d6zt\u00fcrk mediada operativliyin vacibliyind\u0259n, jurnalistl\u0259r aras\u0131ndak\u0131 r\u0259qab\u0259td\u0259n d\u0259 dan\u0131\u015f\u0131b. \u018ftrafl\u0131 videonu t\u0259qdim edirik:","_links":{"self":[{"href":"https:\/\/arantv.az\/index.php?rest_route=\/wp\/v2\/posts\/398989"}],"collection":[{"href":"https:\/\/arantv.az\/index.php?rest_route=\/wp\/v2\/posts"}],"about":[{"href":"https:\/\/arantv.az\/index.php?rest_route=\/wp\/v2\/types\/post"}],"author":[{"embeddable":true,"href":"https:\/\/arantv.az\/index.php?rest_route=\/wp\/v2\/users\/2"}],"replies":[{"embeddable":true,"href":"https:\/\/arantv.az\/index.php?rest_route=%2Fwp%2Fv2%2Fcomments&post=398989"}],"version-history":[{"count":0,"href":"https:\/\/arantv.az\/index.php?rest_route=\/wp\/v2\/posts\/398989\/revisions"}],"wp:featuredmedia":[{"embeddable":true,"href":"https:\/\/arantv.az\/index.php?rest_route=\/wp\/v2\/media\/398990"}],"wp:attachment":[{"href":"https:\/\/arantv.az\/index.php?rest_route=%2Fwp%2Fv2%2Fmedia&parent=398989"}],"wp:term":[{"taxonomy":"category","embeddable":true,"href":"https:\/\/arantv.az\/index.php?rest_route=%2Fwp%2Fv2%2Fcategories&post=398989"},{"taxonomy":"post_tag","embeddable":true,"href":"https:\/\/arantv.az\/index.php?rest_route=%2Fwp%2Fv2%2Ftags&post=398989"}],"curies":[{"name":"wp","href":"https:\/\/api.w.org\/{rel}","templated":true}]}}