{"id":398998,"date":"2021-11-03T16:16:13","date_gmt":"2021-11-03T13:16:13","guid":{"rendered":"http:\/\/arantv.az\/?p=398998"},"modified":"2021-11-03T16:16:13","modified_gmt":"2021-11-03T13:16:13","slug":"bu-b%c9%99ladan-sonra-dunya-nec%c9%99-d%c9%99yis%c9%99c%c9%99k","status":"publish","type":"post","link":"https:\/\/arantv.az\/?p=398998","title":{"rendered":"Bu b\u0259ladan sonra d\u00fcnya nec\u0259 d\u0259yi\u015f\u0259c\u0259k?"},"content":{"rendered":"<p>Art\u0131q iki ildir ki, b\u0259\u015f\u0259riyy\u0259t qlobal pandemiya il\u0259 m\u00fcbariz\u0259 apar\u0131r. Bu b\u0259lan\u0131n qlobal iqtisadiyyatda yaratd\u0131\u011f\u0131 qeyri-m\u00fc\u0259yy\u0259nlik \u0259ks\u0259r d\u00fcnya \u00f6lk\u0259l\u0259rind\u0259 iqtisadi t\u0259n\u0259zz\u00fcl yaratd\u0131 v\u0259 h\u0259l\u0259 d\u0259 onun f\u0259sadlar\u0131 davam etm\u0259kd\u0259dir. Postpandemiya d\u00f6vr\u00fc haz\u0131rda d\u00fcnya birliyin\u0259 daxil olan d\u00f6vl\u0259tl\u0259rin qar\u015f\u0131s\u0131nda duran \u0259sas m\u0259s\u0259l\u0259l\u0259rd\u0259n biri kimi n\u0259z\u0259rd\u0259n ke\u00e7irilir.<\/p>\n<p>B\u0259llidir ki, bu g\u00fcn d\u00f6vl\u0259tl\u0259rin qar\u015f\u0131s\u0131nda iki \u0259sas \u00e7a\u011f\u0131r\u0131\u015f var &#8211; pandemiyan\u0131n sosial-iqtisadi t\u0259sirl\u0259rinin azald\u0131lmas\u0131 v\u0259 milli iqtisadiyyat\u0131n postpandemiya d\u00f6vr\u00fcnd\u0259 inki\u015faf\u0131. D\u00fcnyan\u0131n bir par\u00e7as\u0131 olan Az\u0259rbaycanda da d\u00f6vl\u0259t bu istiqam\u0259td\u0259 m\u00fch\u00fcm add\u0131mlar atmaqdad\u0131r. H\u0259m pandemiyan\u0131n sosial-iqtisadi t\u0259sirl\u0259rinin azald\u0131lmas\u0131 istiqam\u0259tind\u0259 q\u0259rarlar q\u0259bul edilir, h\u0259m d\u0259 postpandemiya d\u00f6vr\u00fcn\u0259 haz\u0131rl\u0131qla ba\u011fl\u0131 islahatlar apar\u0131l\u0131r.<\/p>\n<p>\u0130ki ild\u0259n art\u0131q h\u00f6km s\u00fcr\u0259n du\u011frunluq \u00f6z\u00fcn\u00fc b\u00fct\u00fcn sah\u0259l\u0259rd\u0259 g\u00f6st\u0259rib. V\u0259 indi d\u00fcnya birliyi problemd\u0259n ziyans\u0131z v\u0259 tez bir zamanda \u00e7\u0131xmaq \u00fc\u00e7\u00fcn m\u00fcxt\u0259lif proqram v\u0259 layih\u0259l\u0259r \u00fcz\u0259rind\u0259 i\u015f apar\u0131r. Bu s\u0131rada \u00f6lk\u0259miz d\u0259 var. Az\u0259rbaycan pandemiya il\u0259 yana\u015f\u0131, \u0130kinci Qaraba\u011f M\u00fcharib\u0259sinin n\u0259tic\u0259l\u0259ri d\u0259 qar\u015f\u0131da durub. V\u0259 inan\u0131r\u0131q ki, h\u0259r iki problemin \u00f6hd\u0259sind\u0259n u\u011furla g\u0259l\u0259c\u0259k.<\/p>\n<p>B\u0259llidir ki, Az\u0259rbaycan t\u0259k regionda deyil, \u0259traf b\u00f6lg\u0259l\u0259rd\u0259 d\u0259, qlobal pandemiyan\u0131n \u00f6hd\u0259sind\u0259n u\u011furla g\u0259l\u0259n \u00f6lk\u0259l\u0259r s\u0131ras\u0131nda yer al\u0131b. \u018fks\u0259r \u00f6lk\u0259l\u0259r\u0259 ya\u015fanan probleml\u0259r ciddi \u015f\u0259kild\u0259 \u00f6z n\u0259tic\u0259sini g\u00f6st\u0259rdiyi halda, Az\u0259rbaycanda qlobal pandemiyan\u0131n n\u0259tic\u0259l\u0259ri el\u0259 d\u0259 hiss olunmad\u0131. D\u00fczd\u00fcr, i\u015f yerl\u0259ri m\u00fcv\u0259qq\u0259ti ba\u011fland\u0131, insanlar\u0131n g\u0259liri azalsa da, d\u00f6vl\u0259t maksimum d\u0259r\u0259c\u0259d\u0259 probleml\u0259ri h\u0259ll etm\u0259y\u0259 m\u00fcv\u0259ff\u0259q oldu. Bu g\u00fcn d\u0259 u\u011furla postpandemiya d\u00f6vr\u00fcn\u0259 haz\u0131rla\u015f\u0131r. Bu bax\u0131mdan Bak\u0131da ke\u00e7iril\u0259c\u0259k &#8220;COVID-19-dan sonrak\u0131 d\u00fcnya&#8221; m\u00f6vzusunda Qlobal Bak\u0131 Forumunun s\u00f6zs\u00fcz ki, ciddi n\u0259tic\u0259l\u0259ri olacaq.<\/p>\n","protected":false},"excerpt":{"rendered":"<p>Art\u0131q iki ildir ki, b\u0259\u015f\u0259riyy\u0259t qlobal pandemiya il\u0259 m\u00fcbariz\u0259 apar\u0131r. Bu b\u0259lan\u0131n qlobal iqtisadiyyatda yaratd\u0131\u011f\u0131 qeyri-m\u00fc\u0259yy\u0259nlik \u0259ks\u0259r d\u00fcnya \u00f6lk\u0259l\u0259rind\u0259 iqtisadi t\u0259n\u0259zz\u00fcl yaratd\u0131 v\u0259 h\u0259l\u0259 d\u0259 onun f\u0259sadlar\u0131 davam etm\u0259kd\u0259dir. Postpandemiya d\u00f6vr\u00fc haz\u0131rda d\u00fcnya birliyin\u0259 daxil olan d\u00f6vl\u0259tl\u0259rin qar\u015f\u0131s\u0131nda duran \u0259sas m\u0259s\u0259l\u0259l\u0259rd\u0259n biri kimi n\u0259z\u0259rd\u0259n ke\u00e7irilir. B\u0259llidir ki, bu g\u00fcn d\u00f6vl\u0259tl\u0259rin qar\u015f\u0131s\u0131nda iki \u0259sas \u00e7a\u011f\u0131r\u0131\u015f var &#8211; pandemiyan\u0131n sosial-iqtisadi t\u0259sirl\u0259rinin azald\u0131lmas\u0131 v\u0259 milli iqtisadiyyat\u0131n postpandemiya d\u00f6vr\u00fcnd\u0259 inki\u015faf\u0131. D\u00fcnyan\u0131n bir par\u00e7as\u0131 olan Az\u0259rbaycanda da d\u00f6vl\u0259t bu istiqam\u0259td\u0259 m\u00fch\u00fcm add\u0131mlar atmaqdad\u0131r. H\u0259m pandemiyan\u0131n sosial-iqtisadi t\u0259sirl\u0259rinin azald\u0131lmas\u0131 istiqam\u0259tind\u0259 q\u0259rarlar q\u0259bul edilir, h\u0259m d\u0259 postpandemiya&hellip;<\/p>\n","protected":false},"author":2,"featured_media":398999,"comment_status":"closed","ping_status":"closed","sticky":false,"template":"","format":"standard","meta":{"om_disable_all_campaigns":false,"_monsterinsights_skip_tracking":false,"_monsterinsights_sitenote_active":false,"_monsterinsights_sitenote_note":"","_monsterinsights_sitenote_category":0},"categories":[26],"tags":[],"aioseo_notices":[],"gutentor_comment":0,"rttpg_featured_image_url":{"full":["https:\/\/arantv.az\/wp-content\/uploads\/2021\/11\/koronavirus_0985.jpg",800,600,false],"landscape":["https:\/\/arantv.az\/wp-content\/uploads\/2021\/11\/koronavirus_0985.jpg",800,600,false],"portraits":["https:\/\/arantv.az\/wp-content\/uploads\/2021\/11\/koronavirus_0985.jpg",800,600,false],"thumbnail":["https:\/\/arantv.az\/wp-content\/uploads\/2021\/11\/koronavirus_0985-500x280.jpg",500,280,true],"medium":["https:\/\/arantv.az\/wp-content\/uploads\/2021\/11\/koronavirus_0985-487x365.jpg",487,365,true],"large":["https:\/\/arantv.az\/wp-content\/uploads\/2021\/11\/koronavirus_0985.jpg",640,480,false],"1536x1536":["https:\/\/arantv.az\/wp-content\/uploads\/2021\/11\/koronavirus_0985.jpg",800,600,false],"2048x2048":["https:\/\/arantv.az\/wp-content\/uploads\/2021\/11\/koronavirus_0985.jpg",800,600,false],"post-thumbnail":["https:\/\/arantv.az\/wp-content\/uploads\/2021\/11\/koronavirus_0985-240x172.jpg",240,172,true],"advps-thumb-one":["https:\/\/arantv.az\/wp-content\/uploads\/2021\/11\/koronavirus_0985.jpg",800,600,false]},"rttpg_author":{"display_name":"V\u00fcsal Rafiqo\u011flu","author_link":"https:\/\/arantv.az\/?author=2"},"rttpg_comment":0,"rttpg_category":"<a href=\"https:\/\/arantv.az\/?cat=26\" rel=\"category\">Sosial<\/a>","rttpg_excerpt":"Art\u0131q iki ildir ki, b\u0259\u015f\u0259riyy\u0259t qlobal pandemiya il\u0259 m\u00fcbariz\u0259 apar\u0131r. Bu b\u0259lan\u0131n qlobal iqtisadiyyatda yaratd\u0131\u011f\u0131 qeyri-m\u00fc\u0259yy\u0259nlik \u0259ks\u0259r d\u00fcnya \u00f6lk\u0259l\u0259rind\u0259 iqtisadi t\u0259n\u0259zz\u00fcl yaratd\u0131 v\u0259 h\u0259l\u0259 d\u0259 onun f\u0259sadlar\u0131 davam etm\u0259kd\u0259dir. Postpandemiya d\u00f6vr\u00fc haz\u0131rda d\u00fcnya birliyin\u0259 daxil olan d\u00f6vl\u0259tl\u0259rin qar\u015f\u0131s\u0131nda duran \u0259sas m\u0259s\u0259l\u0259l\u0259rd\u0259n biri kimi n\u0259z\u0259rd\u0259n ke\u00e7irilir. B\u0259llidir ki, bu g\u00fcn d\u00f6vl\u0259tl\u0259rin qar\u015f\u0131s\u0131nda iki \u0259sas \u00e7a\u011f\u0131r\u0131\u015f var&hellip;","_links":{"self":[{"href":"https:\/\/arantv.az\/index.php?rest_route=\/wp\/v2\/posts\/398998"}],"collection":[{"href":"https:\/\/arantv.az\/index.php?rest_route=\/wp\/v2\/posts"}],"about":[{"href":"https:\/\/arantv.az\/index.php?rest_route=\/wp\/v2\/types\/post"}],"author":[{"embeddable":true,"href":"https:\/\/arantv.az\/index.php?rest_route=\/wp\/v2\/users\/2"}],"replies":[{"embeddable":true,"href":"https:\/\/arantv.az\/index.php?rest_route=%2Fwp%2Fv2%2Fcomments&post=398998"}],"version-history":[{"count":0,"href":"https:\/\/arantv.az\/index.php?rest_route=\/wp\/v2\/posts\/398998\/revisions"}],"wp:featuredmedia":[{"embeddable":true,"href":"https:\/\/arantv.az\/index.php?rest_route=\/wp\/v2\/media\/398999"}],"wp:attachment":[{"href":"https:\/\/arantv.az\/index.php?rest_route=%2Fwp%2Fv2%2Fmedia&parent=398998"}],"wp:term":[{"taxonomy":"category","embeddable":true,"href":"https:\/\/arantv.az\/index.php?rest_route=%2Fwp%2Fv2%2Fcategories&post=398998"},{"taxonomy":"post_tag","embeddable":true,"href":"https:\/\/arantv.az\/index.php?rest_route=%2Fwp%2Fv2%2Ftags&post=398998"}],"curies":[{"name":"wp","href":"https:\/\/api.w.org\/{rel}","templated":true}]}}