{"id":399010,"date":"2021-11-03T16:27:28","date_gmt":"2021-11-03T13:27:28","guid":{"rendered":"http:\/\/arantv.az\/?p=399010"},"modified":"2021-11-03T16:27:28","modified_gmt":"2021-11-03T13:27:28","slug":"itkin-dus%c9%99n-h%c9%99rbcil%c9%99rin-yaxinlari-ir%c9%99vanda-etiraza-basladi-pasinyanla-gorus-t%c9%99l%c9%99b-edirl%c9%99r","status":"publish","type":"post","link":"https:\/\/arantv.az\/?p=399010","title":{"rendered":"\u0130tkin d\u00fc\u015f\u0259n h\u0259rb\u00e7il\u0259rin yax\u0131nlar\u0131 \u0130r\u0259vanda etiraza ba\u015flad\u0131: Pa\u015finyanla g\u00f6r\u00fc\u015f t\u0259l\u0259b edirl\u0259r"},"content":{"rendered":"<p>44 g\u00fcnl\u00fck m\u00fcharib\u0259d\u0259 itkin d\u00fc\u015f\u0259n erm\u0259ni h\u0259rb\u00e7il\u0259rin yax\u0131nlar\u0131 n\u00f6vb\u0259ti d\u0259f\u0259 \u0130r\u0259vanda etiraz aksiyas\u0131 ke\u00e7irirl\u0259r.<\/p>\n<p>Aksiya\u00e7\u0131lar h\u00f6kum\u0259t binas\u0131 yax\u0131nl\u0131\u011f\u0131ndak\u0131 m\u0259rk\u0259zi Tiqran Mets prospektini ba\u011flay\u0131blar. Onlar Ba\u015f nazir Nikol Pa\u015finyanla g\u00f6r\u00fc\u015f t\u0259l\u0259b edirl\u0259r.<\/p>\n<div id=\"AdviadNativeVideo0\" class=\"AdviadNativeVideo\"><\/div>\n<p>\u201cNikol bizi q\u0259bul ed\u0259n\u0259 q\u0259d\u0259r getm\u0259y\u0259c\u0259yik. \u00d6vladlar\u0131m\u0131z\u0131n taleyini \u00f6yr\u0259nm\u0259k \u00fc\u00e7\u00fcn sad\u0259c\u0259 onunla g\u00f6r\u00fc\u015fm\u0259k ist\u0259yirik\u201d, &#8211; dey\u0259 aksiya\u00e7\u0131lardan biri deyib.<\/p>\n<p>M\u0259nb\u0259: TASS<\/p>\n","protected":false},"excerpt":{"rendered":"<p>44 g\u00fcnl\u00fck m\u00fcharib\u0259d\u0259 itkin d\u00fc\u015f\u0259n erm\u0259ni h\u0259rb\u00e7il\u0259rin yax\u0131nlar\u0131 n\u00f6vb\u0259ti d\u0259f\u0259 \u0130r\u0259vanda etiraz aksiyas\u0131 ke\u00e7irirl\u0259r. Aksiya\u00e7\u0131lar h\u00f6kum\u0259t binas\u0131 yax\u0131nl\u0131\u011f\u0131ndak\u0131 m\u0259rk\u0259zi Tiqran Mets prospektini ba\u011flay\u0131blar. Onlar Ba\u015f nazir Nikol Pa\u015finyanla g\u00f6r\u00fc\u015f t\u0259l\u0259b edirl\u0259r. \u201cNikol bizi q\u0259bul ed\u0259n\u0259 q\u0259d\u0259r getm\u0259y\u0259c\u0259yik. \u00d6vladlar\u0131m\u0131z\u0131n taleyini \u00f6yr\u0259nm\u0259k \u00fc\u00e7\u00fcn sad\u0259c\u0259 onunla g\u00f6r\u00fc\u015fm\u0259k ist\u0259yirik\u201d, &#8211; dey\u0259 aksiya\u00e7\u0131lardan biri deyib. M\u0259nb\u0259: TASS<\/p>\n","protected":false},"author":2,"featured_media":399011,"comment_status":"closed","ping_status":"closed","sticky":false,"template":"","format":"standard","meta":{"om_disable_all_campaigns":false,"_monsterinsights_skip_tracking":false,"_monsterinsights_sitenote_active":false,"_monsterinsights_sitenote_note":"","_monsterinsights_sitenote_category":0},"categories":[7],"tags":[],"aioseo_notices":[],"gutentor_comment":0,"rttpg_featured_image_url":{"full":["https:\/\/arantv.az\/wp-content\/uploads\/2021\/11\/FotoJet-2021-11-03T154055.654.jpg",620,413,false],"landscape":["https:\/\/arantv.az\/wp-content\/uploads\/2021\/11\/FotoJet-2021-11-03T154055.654.jpg",620,413,false],"portraits":["https:\/\/arantv.az\/wp-content\/uploads\/2021\/11\/FotoJet-2021-11-03T154055.654.jpg",620,413,false],"thumbnail":["https:\/\/arantv.az\/wp-content\/uploads\/2021\/11\/FotoJet-2021-11-03T154055.654-500x280.jpg",500,280,true],"medium":["https:\/\/arantv.az\/wp-content\/uploads\/2021\/11\/FotoJet-2021-11-03T154055.654-548x365.jpg",548,365,true],"large":["https:\/\/arantv.az\/wp-content\/uploads\/2021\/11\/FotoJet-2021-11-03T154055.654.jpg",620,413,false],"1536x1536":["https:\/\/arantv.az\/wp-content\/uploads\/2021\/11\/FotoJet-2021-11-03T154055.654.jpg",620,413,false],"2048x2048":["https:\/\/arantv.az\/wp-content\/uploads\/2021\/11\/FotoJet-2021-11-03T154055.654.jpg",620,413,false],"post-thumbnail":["https:\/\/arantv.az\/wp-content\/uploads\/2021\/11\/FotoJet-2021-11-03T154055.654-240x172.jpg",240,172,true],"advps-thumb-one":["https:\/\/arantv.az\/wp-content\/uploads\/2021\/11\/FotoJet-2021-11-03T154055.654.jpg",620,413,false]},"rttpg_author":{"display_name":"V\u00fcsal Rafiqo\u011flu","author_link":"https:\/\/arantv.az\/?author=2"},"rttpg_comment":0,"rttpg_category":"<a href=\"https:\/\/arantv.az\/?cat=7\" rel=\"category\">D\u00fcnya<\/a>","rttpg_excerpt":"44 g\u00fcnl\u00fck m\u00fcharib\u0259d\u0259 itkin d\u00fc\u015f\u0259n erm\u0259ni h\u0259rb\u00e7il\u0259rin yax\u0131nlar\u0131 n\u00f6vb\u0259ti d\u0259f\u0259 \u0130r\u0259vanda etiraz aksiyas\u0131 ke\u00e7irirl\u0259r. Aksiya\u00e7\u0131lar h\u00f6kum\u0259t binas\u0131 yax\u0131nl\u0131\u011f\u0131ndak\u0131 m\u0259rk\u0259zi Tiqran Mets prospektini ba\u011flay\u0131blar. Onlar Ba\u015f nazir Nikol Pa\u015finyanla g\u00f6r\u00fc\u015f t\u0259l\u0259b edirl\u0259r. \u201cNikol bizi q\u0259bul ed\u0259n\u0259 q\u0259d\u0259r getm\u0259y\u0259c\u0259yik. \u00d6vladlar\u0131m\u0131z\u0131n taleyini \u00f6yr\u0259nm\u0259k \u00fc\u00e7\u00fcn sad\u0259c\u0259 onunla g\u00f6r\u00fc\u015fm\u0259k ist\u0259yirik\u201d, &#8211; dey\u0259 aksiya\u00e7\u0131lardan biri deyib. M\u0259nb\u0259: TASS","_links":{"self":[{"href":"https:\/\/arantv.az\/index.php?rest_route=\/wp\/v2\/posts\/399010"}],"collection":[{"href":"https:\/\/arantv.az\/index.php?rest_route=\/wp\/v2\/posts"}],"about":[{"href":"https:\/\/arantv.az\/index.php?rest_route=\/wp\/v2\/types\/post"}],"author":[{"embeddable":true,"href":"https:\/\/arantv.az\/index.php?rest_route=\/wp\/v2\/users\/2"}],"replies":[{"embeddable":true,"href":"https:\/\/arantv.az\/index.php?rest_route=%2Fwp%2Fv2%2Fcomments&post=399010"}],"version-history":[{"count":0,"href":"https:\/\/arantv.az\/index.php?rest_route=\/wp\/v2\/posts\/399010\/revisions"}],"wp:featuredmedia":[{"embeddable":true,"href":"https:\/\/arantv.az\/index.php?rest_route=\/wp\/v2\/media\/399011"}],"wp:attachment":[{"href":"https:\/\/arantv.az\/index.php?rest_route=%2Fwp%2Fv2%2Fmedia&parent=399010"}],"wp:term":[{"taxonomy":"category","embeddable":true,"href":"https:\/\/arantv.az\/index.php?rest_route=%2Fwp%2Fv2%2Fcategories&post=399010"},{"taxonomy":"post_tag","embeddable":true,"href":"https:\/\/arantv.az\/index.php?rest_route=%2Fwp%2Fv2%2Ftags&post=399010"}],"curies":[{"name":"wp","href":"https:\/\/api.w.org\/{rel}","templated":true}]}}