{"id":399019,"date":"2021-11-03T17:34:05","date_gmt":"2021-11-03T14:34:05","guid":{"rendered":"http:\/\/arantv.az\/?p=399019"},"modified":"2021-11-03T17:34:05","modified_gmt":"2021-11-03T14:34:05","slug":"m%c9%99hk%c9%99m%c9%99d%c9%99-n%c9%99rmin-quliyevanin-bacisi-dindirilib","status":"publish","type":"post","link":"https:\/\/arantv.az\/?p=399019","title":{"rendered":"M\u0259hk\u0259m\u0259d\u0259 N\u0259rmin Quliyevan\u0131n bac\u0131s\u0131 dindirilib"},"content":{"rendered":"<p>Bu g\u00fcn G\u0259nc\u0259 A\u011f\u0131r Cinay\u0259tl\u0259r M\u0259hk\u0259m\u0259sind\u0259 Tovuz rayonunda 10 ya\u015fl\u0131 N\u0259rmin Quliyevan\u0131 q\u0259tl\u0259 yetirm\u0259kd\u0259 t\u0259qsirl\u0259ndiril\u0259n \u0130lkin S\u00fcleymanovun cinay\u0259t i\u015fi \u00fczr\u0259 n\u00f6vb\u0259ti m\u0259hk\u0259m\u0259 prosesi ke\u00e7irilib.<\/p>\n<p>\u201cReport\u201dun Q\u0259rb b\u00fcrosunun m\u0259lumat\u0131na g\u00f6r\u0259, hakim Dada\u015f \u0130manovun s\u0259drliyi il\u0259 ke\u00e7iril\u0259n prosesd\u0259 \u015fahid qismind\u0259 N.Quliyevan\u0131n bac\u0131s\u0131 \u015e\u0259bn\u0259m Quliyeva ifad\u0259 verib.<\/p>\n<p>O, t\u0259qsirl\u0259ndiril\u0259n \u015f\u0259xsin m\u00fcdafi\u0259\u00e7il\u0259rinin suallar\u0131n\u0131 cavabland\u0131r\u0131b.<\/p>\n<div id=\"AdviadNativeVideo0\" class=\"AdviadNativeVideo\"><\/div>\n<p>M\u0259hk\u0259m\u0259nin n\u00f6vb\u0259ti iclas\u0131 noyabr\u0131n 17-n\u0259 t\u0259yin edilib.<\/p>\n<p>Xat\u0131rladaq ki, Tovuz rayonunun Dondar Qu\u015f\u00e7u k\u0259nd sakini N.Quliyeva 2019-cu il noyabr\u0131n 21-d\u0259 itkin d\u00fc\u015f\u00fcb, onun meyiti 2020-ci il yanvar\u0131n 6-da yand\u0131r\u0131lm\u0131\u015f halda tap\u0131l\u0131b. 2020-ci il yanvar\u0131n 10-da is\u0259 hadis\u0259ni t\u00f6r\u0259tm\u0259kd\u0259 \u015f\u00fcbh\u0259li bilin\u0259n Dondar Qu\u015f\u00e7u k\u0259nd sakini, 1973-c\u00fc il t\u0259v\u0259ll\u00fcdl\u00fc \u0130.S\u00fcleymanov saxlan\u0131laraq istintaqa c\u0259lb edilib.<\/p>\n<p>Ona Cinay\u0259t M\u0259c\u0259ll\u0259sinin 120.2.4 (x\u00fcsusi amans\u0131zl\u0131qla q\u0259sd\u0259n adam \u00f6ld\u00fcrm\u0259), 120.2.9 (t\u0259qsirkar \u015f\u0259xs \u00fc\u00e7\u00fcn a\u015fkar sur\u0259td\u0259 k\u00f6m\u0259ksiz v\u0259ziyy\u0259td\u0259 olan adam\u0131 q\u0259sd\u0259n \u00f6ld\u00fcrm\u0259), 144.3 (adam o\u011furlu\u011fu) v\u0259 ba\u015fqa madd\u0259l\u0259rind\u0259 n\u0259z\u0259rd\u0259 tutulan ittiham elan olunub.<\/p>\n","protected":false},"excerpt":{"rendered":"<p>Bu g\u00fcn G\u0259nc\u0259 A\u011f\u0131r Cinay\u0259tl\u0259r M\u0259hk\u0259m\u0259sind\u0259 Tovuz rayonunda 10 ya\u015fl\u0131 N\u0259rmin Quliyevan\u0131 q\u0259tl\u0259 yetirm\u0259kd\u0259 t\u0259qsirl\u0259ndiril\u0259n \u0130lkin S\u00fcleymanovun cinay\u0259t i\u015fi \u00fczr\u0259 n\u00f6vb\u0259ti m\u0259hk\u0259m\u0259 prosesi ke\u00e7irilib. \u201cReport\u201dun Q\u0259rb b\u00fcrosunun m\u0259lumat\u0131na g\u00f6r\u0259, hakim Dada\u015f \u0130manovun s\u0259drliyi il\u0259 ke\u00e7iril\u0259n prosesd\u0259 \u015fahid qismind\u0259 N.Quliyevan\u0131n bac\u0131s\u0131 \u015e\u0259bn\u0259m Quliyeva ifad\u0259 verib. O, t\u0259qsirl\u0259ndiril\u0259n \u015f\u0259xsin m\u00fcdafi\u0259\u00e7il\u0259rinin suallar\u0131n\u0131 cavabland\u0131r\u0131b. M\u0259hk\u0259m\u0259nin n\u00f6vb\u0259ti iclas\u0131 noyabr\u0131n 17-n\u0259 t\u0259yin edilib. Xat\u0131rladaq ki, Tovuz rayonunun Dondar Qu\u015f\u00e7u k\u0259nd sakini N.Quliyeva 2019-cu il noyabr\u0131n 21-d\u0259 itkin d\u00fc\u015f\u00fcb, onun meyiti 2020-ci il yanvar\u0131n 6-da yand\u0131r\u0131lm\u0131\u015f halda tap\u0131l\u0131b. 2020-ci il yanvar\u0131n 10-da is\u0259 hadis\u0259ni t\u00f6r\u0259tm\u0259kd\u0259 \u015f\u00fcbh\u0259li bilin\u0259n&hellip;<\/p>\n","protected":false},"author":2,"featured_media":399020,"comment_status":"closed","ping_status":"closed","sticky":false,"template":"","format":"standard","meta":{"om_disable_all_campaigns":false,"_monsterinsights_skip_tracking":false,"_monsterinsights_sitenote_active":false,"_monsterinsights_sitenote_note":"","_monsterinsights_sitenote_category":0},"categories":[5],"tags":[],"aioseo_notices":[],"gutentor_comment":0,"rttpg_featured_image_url":{"full":["https:\/\/arantv.az\/wp-content\/uploads\/2021\/11\/FotoJet-2021-10-27T190032.672.jpg",620,413,false],"landscape":["https:\/\/arantv.az\/wp-content\/uploads\/2021\/11\/FotoJet-2021-10-27T190032.672.jpg",620,413,false],"portraits":["https:\/\/arantv.az\/wp-content\/uploads\/2021\/11\/FotoJet-2021-10-27T190032.672.jpg",620,413,false],"thumbnail":["https:\/\/arantv.az\/wp-content\/uploads\/2021\/11\/FotoJet-2021-10-27T190032.672-500x280.jpg",500,280,true],"medium":["https:\/\/arantv.az\/wp-content\/uploads\/2021\/11\/FotoJet-2021-10-27T190032.672-548x365.jpg",548,365,true],"large":["https:\/\/arantv.az\/wp-content\/uploads\/2021\/11\/FotoJet-2021-10-27T190032.672.jpg",620,413,false],"1536x1536":["https:\/\/arantv.az\/wp-content\/uploads\/2021\/11\/FotoJet-2021-10-27T190032.672.jpg",620,413,false],"2048x2048":["https:\/\/arantv.az\/wp-content\/uploads\/2021\/11\/FotoJet-2021-10-27T190032.672.jpg",620,413,false],"post-thumbnail":["https:\/\/arantv.az\/wp-content\/uploads\/2021\/11\/FotoJet-2021-10-27T190032.672-240x172.jpg",240,172,true],"advps-thumb-one":["https:\/\/arantv.az\/wp-content\/uploads\/2021\/11\/FotoJet-2021-10-27T190032.672.jpg",620,413,false]},"rttpg_author":{"display_name":"V\u00fcsal Rafiqo\u011flu","author_link":"https:\/\/arantv.az\/?author=2"},"rttpg_comment":0,"rttpg_category":"<a href=\"https:\/\/arantv.az\/?cat=5\" rel=\"category\">Hadis\u0259<\/a>","rttpg_excerpt":"Bu g\u00fcn G\u0259nc\u0259 A\u011f\u0131r Cinay\u0259tl\u0259r M\u0259hk\u0259m\u0259sind\u0259 Tovuz rayonunda 10 ya\u015fl\u0131 N\u0259rmin Quliyevan\u0131 q\u0259tl\u0259 yetirm\u0259kd\u0259 t\u0259qsirl\u0259ndiril\u0259n \u0130lkin S\u00fcleymanovun cinay\u0259t i\u015fi \u00fczr\u0259 n\u00f6vb\u0259ti m\u0259hk\u0259m\u0259 prosesi ke\u00e7irilib. \u201cReport\u201dun Q\u0259rb b\u00fcrosunun m\u0259lumat\u0131na g\u00f6r\u0259, hakim Dada\u015f \u0130manovun s\u0259drliyi il\u0259 ke\u00e7iril\u0259n prosesd\u0259 \u015fahid qismind\u0259 N.Quliyevan\u0131n bac\u0131s\u0131 \u015e\u0259bn\u0259m Quliyeva ifad\u0259 verib. O, t\u0259qsirl\u0259ndiril\u0259n \u015f\u0259xsin m\u00fcdafi\u0259\u00e7il\u0259rinin suallar\u0131n\u0131 cavabland\u0131r\u0131b. M\u0259hk\u0259m\u0259nin n\u00f6vb\u0259ti iclas\u0131 noyabr\u0131n 17-n\u0259&hellip;","_links":{"self":[{"href":"https:\/\/arantv.az\/index.php?rest_route=\/wp\/v2\/posts\/399019"}],"collection":[{"href":"https:\/\/arantv.az\/index.php?rest_route=\/wp\/v2\/posts"}],"about":[{"href":"https:\/\/arantv.az\/index.php?rest_route=\/wp\/v2\/types\/post"}],"author":[{"embeddable":true,"href":"https:\/\/arantv.az\/index.php?rest_route=\/wp\/v2\/users\/2"}],"replies":[{"embeddable":true,"href":"https:\/\/arantv.az\/index.php?rest_route=%2Fwp%2Fv2%2Fcomments&post=399019"}],"version-history":[{"count":0,"href":"https:\/\/arantv.az\/index.php?rest_route=\/wp\/v2\/posts\/399019\/revisions"}],"wp:featuredmedia":[{"embeddable":true,"href":"https:\/\/arantv.az\/index.php?rest_route=\/wp\/v2\/media\/399020"}],"wp:attachment":[{"href":"https:\/\/arantv.az\/index.php?rest_route=%2Fwp%2Fv2%2Fmedia&parent=399019"}],"wp:term":[{"taxonomy":"category","embeddable":true,"href":"https:\/\/arantv.az\/index.php?rest_route=%2Fwp%2Fv2%2Fcategories&post=399019"},{"taxonomy":"post_tag","embeddable":true,"href":"https:\/\/arantv.az\/index.php?rest_route=%2Fwp%2Fv2%2Ftags&post=399019"}],"curies":[{"name":"wp","href":"https:\/\/api.w.org\/{rel}","templated":true}]}}