{"id":399025,"date":"2021-11-03T17:36:28","date_gmt":"2021-11-03T14:36:28","guid":{"rendered":"http:\/\/arantv.az\/?p=399025"},"modified":"2021-11-03T17:36:28","modified_gmt":"2021-11-03T14:36:28","slug":"ilham-%c9%99liyev-xorvatiyanin-sabiq-prezidentini-q%c9%99bul-etdi","status":"publish","type":"post","link":"https:\/\/arantv.az\/?p=399025","title":{"rendered":"\u0130lham \u018fliyev Xorvatiyan\u0131n sabiq prezidentini q\u0259bul etdi"},"content":{"rendered":"<p>Az\u0259rbaycan Respublikas\u0131n\u0131n Prezidenti \u0130lham \u018fliyev noyabr\u0131n 3-d\u0259 Xorvatiya Respublikas\u0131n\u0131n sabiq Prezidenti Kolinda Qrabar-Kitarovi\u00e7i q\u0259bul edib.<\/p>\n<div id=\"AdviadNativeVideo0\" class=\"AdviadNativeVideo\"><\/div>\n<p><a href=\"https:\/\/azertag.az\/xeber\/Prezident_Ilham_Aliyev_Xorvatiyanin_sabiq_Prezidenti_Kolinda_Qrabar_Kitarovichi_qebul_edib-1916382\" target=\"_blank\" rel=\"noopener\">AZ\u018fRTAC<\/a>\u00a0x\u0259b\u0259r verir ki, s\u00f6hb\u0259t zaman\u0131 \u201cCOVID-19-dan sonrak\u0131 d\u00fcnya\u201d ad\u0131 alt\u0131nda ke\u00e7iril\u0259c\u0259k VIII Qlobal Bak\u0131 Forumunun \u0259h\u0259miyy\u0259tin\u0259 toxunuldu, bu t\u0259dbirin beyn\u0259lxalq \u0259m\u0259kda\u015fl\u0131\u011fa t\u00f6hf\u0259 ver\u0259c\u0259yi vur\u011fuland\u0131.<\/p>\n<p>G\u00f6r\u00fc\u015fd\u0259 Prezident \u0130lham \u018fliyevin Xorvatiyaya s\u0259f\u0259ri v\u0259 h\u0259min s\u0259f\u0259r zaman\u0131 Kolinda Qrabar-Kitarovi\u00e7l\u0259 g\u00f6r\u00fc\u015f\u00fc m\u0259mnunluqla xat\u0131rland\u0131, bu s\u0259f\u0259rin \u0259laq\u0259l\u0259rimizin geni\u015fl\u0259ndirilm\u0259sind\u0259 rolu qeyd edildi.<\/p>\n","protected":false},"excerpt":{"rendered":"<p>Az\u0259rbaycan Respublikas\u0131n\u0131n Prezidenti \u0130lham \u018fliyev noyabr\u0131n 3-d\u0259 Xorvatiya Respublikas\u0131n\u0131n sabiq Prezidenti Kolinda Qrabar-Kitarovi\u00e7i q\u0259bul edib. AZ\u018fRTAC\u00a0x\u0259b\u0259r verir ki, s\u00f6hb\u0259t zaman\u0131 \u201cCOVID-19-dan sonrak\u0131 d\u00fcnya\u201d ad\u0131 alt\u0131nda ke\u00e7iril\u0259c\u0259k VIII Qlobal Bak\u0131 Forumunun \u0259h\u0259miyy\u0259tin\u0259 toxunuldu, bu t\u0259dbirin beyn\u0259lxalq \u0259m\u0259kda\u015fl\u0131\u011fa t\u00f6hf\u0259 ver\u0259c\u0259yi vur\u011fuland\u0131. G\u00f6r\u00fc\u015fd\u0259 Prezident \u0130lham \u018fliyevin Xorvatiyaya s\u0259f\u0259ri v\u0259 h\u0259min s\u0259f\u0259r zaman\u0131 Kolinda Qrabar-Kitarovi\u00e7l\u0259 g\u00f6r\u00fc\u015f\u00fc m\u0259mnunluqla xat\u0131rland\u0131, bu s\u0259f\u0259rin \u0259laq\u0259l\u0259rimizin geni\u015fl\u0259ndirilm\u0259sind\u0259 rolu qeyd edildi.<\/p>\n","protected":false},"author":2,"featured_media":399026,"comment_status":"closed","ping_status":"closed","sticky":false,"template":"","format":"standard","meta":{"om_disable_all_campaigns":false,"_monsterinsights_skip_tracking":false,"_monsterinsights_sitenote_active":false,"_monsterinsights_sitenote_note":"","_monsterinsights_sitenote_category":0},"categories":[4],"tags":[],"aioseo_notices":[],"gutentor_comment":0,"rttpg_featured_image_url":{"full":["https:\/\/arantv.az\/wp-content\/uploads\/2021\/11\/16359477852177712756_1000x669.jpg",620,401,false],"landscape":["https:\/\/arantv.az\/wp-content\/uploads\/2021\/11\/16359477852177712756_1000x669.jpg",620,401,false],"portraits":["https:\/\/arantv.az\/wp-content\/uploads\/2021\/11\/16359477852177712756_1000x669.jpg",620,401,false],"thumbnail":["https:\/\/arantv.az\/wp-content\/uploads\/2021\/11\/16359477852177712756_1000x669-500x280.jpg",500,280,true],"medium":["https:\/\/arantv.az\/wp-content\/uploads\/2021\/11\/16359477852177712756_1000x669-564x365.jpg",564,365,true],"large":["https:\/\/arantv.az\/wp-content\/uploads\/2021\/11\/16359477852177712756_1000x669.jpg",620,401,false],"1536x1536":["https:\/\/arantv.az\/wp-content\/uploads\/2021\/11\/16359477852177712756_1000x669.jpg",620,401,false],"2048x2048":["https:\/\/arantv.az\/wp-content\/uploads\/2021\/11\/16359477852177712756_1000x669.jpg",620,401,false],"post-thumbnail":["https:\/\/arantv.az\/wp-content\/uploads\/2021\/11\/16359477852177712756_1000x669-240x172.jpg",240,172,true],"advps-thumb-one":["https:\/\/arantv.az\/wp-content\/uploads\/2021\/11\/16359477852177712756_1000x669.jpg",620,401,false]},"rttpg_author":{"display_name":"V\u00fcsal Rafiqo\u011flu","author_link":"https:\/\/arantv.az\/?author=2"},"rttpg_comment":0,"rttpg_category":"<a href=\"https:\/\/arantv.az\/?cat=4\" rel=\"category\">Siyas\u0259t<\/a>","rttpg_excerpt":"Az\u0259rbaycan Respublikas\u0131n\u0131n Prezidenti \u0130lham \u018fliyev noyabr\u0131n 3-d\u0259 Xorvatiya Respublikas\u0131n\u0131n sabiq Prezidenti Kolinda Qrabar-Kitarovi\u00e7i q\u0259bul edib. AZ\u018fRTAC\u00a0x\u0259b\u0259r verir ki, s\u00f6hb\u0259t zaman\u0131 \u201cCOVID-19-dan sonrak\u0131 d\u00fcnya\u201d ad\u0131 alt\u0131nda ke\u00e7iril\u0259c\u0259k VIII Qlobal Bak\u0131 Forumunun \u0259h\u0259miyy\u0259tin\u0259 toxunuldu, bu t\u0259dbirin beyn\u0259lxalq \u0259m\u0259kda\u015fl\u0131\u011fa t\u00f6hf\u0259 ver\u0259c\u0259yi vur\u011fuland\u0131. G\u00f6r\u00fc\u015fd\u0259 Prezident \u0130lham \u018fliyevin Xorvatiyaya s\u0259f\u0259ri v\u0259 h\u0259min s\u0259f\u0259r zaman\u0131 Kolinda Qrabar-Kitarovi\u00e7l\u0259 g\u00f6r\u00fc\u015f\u00fc m\u0259mnunluqla xat\u0131rland\u0131, bu&hellip;","_links":{"self":[{"href":"https:\/\/arantv.az\/index.php?rest_route=\/wp\/v2\/posts\/399025"}],"collection":[{"href":"https:\/\/arantv.az\/index.php?rest_route=\/wp\/v2\/posts"}],"about":[{"href":"https:\/\/arantv.az\/index.php?rest_route=\/wp\/v2\/types\/post"}],"author":[{"embeddable":true,"href":"https:\/\/arantv.az\/index.php?rest_route=\/wp\/v2\/users\/2"}],"replies":[{"embeddable":true,"href":"https:\/\/arantv.az\/index.php?rest_route=%2Fwp%2Fv2%2Fcomments&post=399025"}],"version-history":[{"count":0,"href":"https:\/\/arantv.az\/index.php?rest_route=\/wp\/v2\/posts\/399025\/revisions"}],"wp:featuredmedia":[{"embeddable":true,"href":"https:\/\/arantv.az\/index.php?rest_route=\/wp\/v2\/media\/399026"}],"wp:attachment":[{"href":"https:\/\/arantv.az\/index.php?rest_route=%2Fwp%2Fv2%2Fmedia&parent=399025"}],"wp:term":[{"taxonomy":"category","embeddable":true,"href":"https:\/\/arantv.az\/index.php?rest_route=%2Fwp%2Fv2%2Fcategories&post=399025"},{"taxonomy":"post_tag","embeddable":true,"href":"https:\/\/arantv.az\/index.php?rest_route=%2Fwp%2Fv2%2Ftags&post=399025"}],"curies":[{"name":"wp","href":"https:\/\/api.w.org\/{rel}","templated":true}]}}