{"id":399298,"date":"2021-11-04T10:58:04","date_gmt":"2021-11-04T07:58:04","guid":{"rendered":"http:\/\/arantv.az\/?p=399298"},"modified":"2021-11-04T10:58:04","modified_gmt":"2021-11-04T07:58:04","slug":"usaqpulu-v%c9%99-d%c9%99fn-ucun-muavin%c9%99t-verilm%c9%99si-il%c9%99-bagli-vacib-aciqlama","status":"publish","type":"post","link":"https:\/\/arantv.az\/?p=399298","title":{"rendered":"U\u015faqpulu v\u0259 d\u0259fn \u00fc\u00e7\u00fcn m\u00fcavin\u0259t verilm\u0259si il\u0259 ba\u011fl\u0131 VAC\u0130B A\u00c7IQLAMA"},"content":{"rendered":"<p>\u018fm\u0259k v\u0259 \u018fhalinin Sosial M\u00fcdafi\u0259si Nazirliyinin tabeliyind\u0259 D\u00f6vl\u0259t Sosial M\u00fcdafi\u0259 Fondu bird\u0259f\u0259lik sosial \u00f6d\u0259ni\u015f alacaq v\u0259t\u0259nda\u015flara m\u00fcraci\u0259t edib.<\/p>\n<p>Fonddan BiG.AZ-a veril\u0259n m\u0259lumata g\u00f6r\u0259, noyabr\u0131n 1-d\u0259n etibar\u0259n respublika \u00fczr\u0259 bird\u0259f\u0259lik sosial \u00f6d\u0259ni\u015fl\u0259r, d\u0259fn \u00fc\u00e7\u00fcn m\u00fcavin\u0259t, u\u015fa\u011f\u0131n anadan olmas\u0131na g\u00f6r\u0259 m\u00fcavin\u0259t, c\u0259za \u00e7\u0259km\u0259kd\u0259n azad edilmi\u015f v\u0259 sosial adaptasiyaya ehtiyac\u0131 olan \u015f\u0259xsl\u0259r\u0259 m\u00fcavin\u0259t, v\u0259 radiasiya q\u0259zas\u0131 n\u0259tic\u0259sind\u0259 z\u0259r\u0259r \u00e7\u0259kmi\u015f \u015f\u0259xsl\u0259r\u0259 h\u0259r il m\u00fcalic\u0259 \u00fc\u00e7\u00fcn m\u00fcavin\u0259t v\u0259t\u0259nda\u015flara &#8220;Az\u0259rpo\u00e7t&#8221; vasit\u0259sil\u0259 \u00e7atd\u0131r\u0131l\u0131r.<\/p>\n<p>V\u0259t\u0259nda\u015flar h\u0259min v\u0259saiti &#8220;Az\u0259rpo\u00e7t&#8221;un ist\u0259nil\u0259n \u015f\u00f6b\u0259, filial v\u0259 m\u0259nt\u0259q\u0259sind\u0259 \u0259ld\u0259 ed\u0259 bil\u0259rl\u0259r.<\/p>\n","protected":false},"excerpt":{"rendered":"<p>\u018fm\u0259k v\u0259 \u018fhalinin Sosial M\u00fcdafi\u0259si Nazirliyinin tabeliyind\u0259 D\u00f6vl\u0259t Sosial M\u00fcdafi\u0259 Fondu bird\u0259f\u0259lik sosial \u00f6d\u0259ni\u015f alacaq v\u0259t\u0259nda\u015flara m\u00fcraci\u0259t edib. Fonddan BiG.AZ-a veril\u0259n m\u0259lumata g\u00f6r\u0259, noyabr\u0131n 1-d\u0259n etibar\u0259n respublika \u00fczr\u0259 bird\u0259f\u0259lik sosial \u00f6d\u0259ni\u015fl\u0259r, d\u0259fn \u00fc\u00e7\u00fcn m\u00fcavin\u0259t, u\u015fa\u011f\u0131n anadan olmas\u0131na g\u00f6r\u0259 m\u00fcavin\u0259t, c\u0259za \u00e7\u0259km\u0259kd\u0259n azad edilmi\u015f v\u0259 sosial adaptasiyaya ehtiyac\u0131 olan \u015f\u0259xsl\u0259r\u0259 m\u00fcavin\u0259t, v\u0259 radiasiya q\u0259zas\u0131 n\u0259tic\u0259sind\u0259 z\u0259r\u0259r \u00e7\u0259kmi\u015f \u015f\u0259xsl\u0259r\u0259 h\u0259r il m\u00fcalic\u0259 \u00fc\u00e7\u00fcn m\u00fcavin\u0259t v\u0259t\u0259nda\u015flara &#8220;Az\u0259rpo\u00e7t&#8221; vasit\u0259sil\u0259 \u00e7atd\u0131r\u0131l\u0131r. V\u0259t\u0259nda\u015flar h\u0259min v\u0259saiti &#8220;Az\u0259rpo\u00e7t&#8221;un ist\u0259nil\u0259n \u015f\u00f6b\u0259, filial v\u0259 m\u0259nt\u0259q\u0259sind\u0259 \u0259ld\u0259 ed\u0259 bil\u0259rl\u0259r.<\/p>\n","protected":false},"author":2,"featured_media":399299,"comment_status":"closed","ping_status":"closed","sticky":false,"template":"","format":"standard","meta":{"om_disable_all_campaigns":false,"_monsterinsights_skip_tracking":false,"_monsterinsights_sitenote_active":false,"_monsterinsights_sitenote_note":"","_monsterinsights_sitenote_category":0},"categories":[26],"tags":[],"aioseo_notices":[],"gutentor_comment":0,"rttpg_featured_image_url":{"full":["https:\/\/arantv.az\/wp-content\/uploads\/2021\/11\/usaq_81636008141.jpg",549,309,false],"landscape":["https:\/\/arantv.az\/wp-content\/uploads\/2021\/11\/usaq_81636008141.jpg",549,309,false],"portraits":["https:\/\/arantv.az\/wp-content\/uploads\/2021\/11\/usaq_81636008141.jpg",549,309,false],"thumbnail":["https:\/\/arantv.az\/wp-content\/uploads\/2021\/11\/usaq_81636008141-500x280.jpg",500,280,true],"medium":["https:\/\/arantv.az\/wp-content\/uploads\/2021\/11\/usaq_81636008141.jpg",549,309,false],"large":["https:\/\/arantv.az\/wp-content\/uploads\/2021\/11\/usaq_81636008141.jpg",549,309,false],"1536x1536":["https:\/\/arantv.az\/wp-content\/uploads\/2021\/11\/usaq_81636008141.jpg",549,309,false],"2048x2048":["https:\/\/arantv.az\/wp-content\/uploads\/2021\/11\/usaq_81636008141.jpg",549,309,false],"post-thumbnail":["https:\/\/arantv.az\/wp-content\/uploads\/2021\/11\/usaq_81636008141-240x172.jpg",240,172,true],"advps-thumb-one":["https:\/\/arantv.az\/wp-content\/uploads\/2021\/11\/usaq_81636008141.jpg",549,309,false]},"rttpg_author":{"display_name":"V\u00fcsal Rafiqo\u011flu","author_link":"https:\/\/arantv.az\/?author=2"},"rttpg_comment":0,"rttpg_category":"<a href=\"https:\/\/arantv.az\/?cat=26\" rel=\"category\">Sosial<\/a>","rttpg_excerpt":"\u018fm\u0259k v\u0259 \u018fhalinin Sosial M\u00fcdafi\u0259si Nazirliyinin tabeliyind\u0259 D\u00f6vl\u0259t Sosial M\u00fcdafi\u0259 Fondu bird\u0259f\u0259lik sosial \u00f6d\u0259ni\u015f alacaq v\u0259t\u0259nda\u015flara m\u00fcraci\u0259t edib. Fonddan BiG.AZ-a veril\u0259n m\u0259lumata g\u00f6r\u0259, noyabr\u0131n 1-d\u0259n etibar\u0259n respublika \u00fczr\u0259 bird\u0259f\u0259lik sosial \u00f6d\u0259ni\u015fl\u0259r, d\u0259fn \u00fc\u00e7\u00fcn m\u00fcavin\u0259t, u\u015fa\u011f\u0131n anadan olmas\u0131na g\u00f6r\u0259 m\u00fcavin\u0259t, c\u0259za \u00e7\u0259km\u0259kd\u0259n azad edilmi\u015f v\u0259 sosial adaptasiyaya ehtiyac\u0131 olan \u015f\u0259xsl\u0259r\u0259 m\u00fcavin\u0259t, v\u0259 radiasiya q\u0259zas\u0131 n\u0259tic\u0259sind\u0259 z\u0259r\u0259r&hellip;","_links":{"self":[{"href":"https:\/\/arantv.az\/index.php?rest_route=\/wp\/v2\/posts\/399298"}],"collection":[{"href":"https:\/\/arantv.az\/index.php?rest_route=\/wp\/v2\/posts"}],"about":[{"href":"https:\/\/arantv.az\/index.php?rest_route=\/wp\/v2\/types\/post"}],"author":[{"embeddable":true,"href":"https:\/\/arantv.az\/index.php?rest_route=\/wp\/v2\/users\/2"}],"replies":[{"embeddable":true,"href":"https:\/\/arantv.az\/index.php?rest_route=%2Fwp%2Fv2%2Fcomments&post=399298"}],"version-history":[{"count":0,"href":"https:\/\/arantv.az\/index.php?rest_route=\/wp\/v2\/posts\/399298\/revisions"}],"wp:featuredmedia":[{"embeddable":true,"href":"https:\/\/arantv.az\/index.php?rest_route=\/wp\/v2\/media\/399299"}],"wp:attachment":[{"href":"https:\/\/arantv.az\/index.php?rest_route=%2Fwp%2Fv2%2Fmedia&parent=399298"}],"wp:term":[{"taxonomy":"category","embeddable":true,"href":"https:\/\/arantv.az\/index.php?rest_route=%2Fwp%2Fv2%2Fcategories&post=399298"},{"taxonomy":"post_tag","embeddable":true,"href":"https:\/\/arantv.az\/index.php?rest_route=%2Fwp%2Fv2%2Ftags&post=399298"}],"curies":[{"name":"wp","href":"https:\/\/api.w.org\/{rel}","templated":true}]}}