{"id":399304,"date":"2021-11-04T11:03:26","date_gmt":"2021-11-04T08:03:26","guid":{"rendered":"http:\/\/arantv.az\/?p=399304"},"modified":"2021-11-04T11:03:26","modified_gmt":"2021-11-04T08:03:26","slug":"az%c9%99rbaycanin-h%c9%99d%c9%99fl%c9%99ri-d%c9%99yisir-daha-guclu-daha-boyuk","status":"publish","type":"post","link":"https:\/\/arantv.az\/?p=399304","title":{"rendered":"Az\u0259rbaycan\u0131n h\u0259d\u0259fl\u0259ri d\u0259yi\u015fir &#8211; Daha g\u00fccl\u00fc, daha b\u00f6y\u00fck&#8230;"},"content":{"rendered":"<p><strong>44 g\u00fcnl\u00fck V\u0259t\u0259n m\u00fcharib\u0259si n\u0259tic\u0259sind\u0259 Erm\u0259nistan\u0131n i\u015f\u011fal\u00e7\u0131l\u0131q siyas\u0259tin\u0259 v\u0259 b\u00fct\u00f6vl\u00fckd\u0259 m\u00fcnaqi\u015f\u0259y\u0259 son qoydu\u011fumuza g\u00f6r\u0259 beyn\u0259lxalq m\u00fcst\u0259vid\u0259 aparaca\u011f\u0131m\u0131z t\u0259bli\u011fat\u0131n da konturlar\u0131 \u0259h\u0259miyy\u0259tli d\u0259r\u0259c\u0259d\u0259 d\u0259yi\u015fdi.\u00a0Bu bax\u0131mdan Nizami G\u0259nc\u0259vi Beyn\u0259lxalq M\u0259rk\u0259zi Az\u0259rbaycan h\u0259qiq\u0259tl\u0259rinin d\u00fcnya ictimaiyy\u0259tin\u0259 \u00e7atd\u0131r\u0131lmas\u0131 bax\u0131m\u0131ndan unikal bir platforma funksiyas\u0131n\u0131 icra etm\u0259k \u00fc\u00e7\u00fcn m\u00fch\u00fcm t\u0259bli\u011fat poliqonumuz olma\u011fa ba\u015flad\u0131.\u00a0<\/strong><\/p>\n<p>M\u0259rk\u0259z II Qaraba\u011f m\u00fcharib\u0259sin\u0259 kimi\u00a0Az\u0259rbaycan\u0131n tarixini, m\u0259d\u0259niyy\u0259tini v\u0259 multikultural d\u0259y\u0259rl\u0259rini t\u0259bli\u011f etm\u0259kl\u0259 beyn\u0259lxalq m\u00fcst\u0259vid\u0259 \u00f6lk\u0259mizl\u0259 ba\u011fl\u0131 m\u00fcsb\u0259t obraz\u0131n formala\u015fmas\u0131na t\u00f6hf\u0259l\u0259r verirdis\u0259,\u00a0\u00f6t\u0259n ilin pay\u0131z\u0131ndanb\u0259ri\u00a0biz qlobal informasiya m\u0259kan\u0131nda daha \u00e7ox \u0259razi b\u00fct\u00f6vl\u00fcy\u00fcm\u00fcz v\u0259 erm\u0259ni i\u015f\u011fal\u00e7\u0131l\u0131\u011f\u0131 il\u0259 ba\u011fl\u0131 t\u0259bli\u011fata \u00fcst\u00fcnl\u00fck verm\u0259y\u0259 ba\u015flam\u0131\u015f\u0131q ki, bu g\u00fcnd\u0259n etibar\u0259n 3 g\u00fcn boyunca Nizami G\u0259nc\u0259vi Beyn\u0259lxalq M\u0259rk\u0259zinin &#8220;D\u00fcnya COVID-19-dan sonra&#8221; m\u00f6vzusunda ba\u015flayan VIII Bak\u0131 Qlobal Forumu da r\u0259smi Bak\u0131 \u00fc\u00e7\u00fcn bu bax\u0131mdan olduqca b\u00f6y\u00fck f\u00fcrs\u0259t oldu.<\/p>\n<p><img src=\"https:\/\/img.milli.az\/2021\/11\/04\/993227_02.jpg\" alt=\"\" \/><\/p>\n<p>Regionda tamamil\u0259 yeni v\u0259 unikal m\u00fcnasib\u0259tl\u0259r sisteminin formala\u015fmas\u0131 \u00fc\u00e7\u00fcn b\u00f6y\u00fck imkanlar a\u00e7\u0131ld\u0131\u011f\u0131 bir m\u0259qamda, V\u0259t\u0259n m\u00fcharib\u0259sinin b\u00f6lg\u0259d\u0259 yaratd\u0131\u011f\u0131 yeni reall\u0131qlar n\u0259tic\u0259sind\u0259 Az\u0259rbaycan v\u0259 T\u00fcrkiy\u0259 Prezidentl\u0259rinin t\u0259\u015f\u0259bb\u00fcs\u00fc il\u0259 yarad\u0131lmas\u0131 n\u0259z\u0259rd\u0259 tutulan yeni \u0259m\u0259kda\u015fl\u0131q platformas\u0131 (3+3) regiona yaln\u0131z inki\u015faf, firavanl\u0131q v\u0259 t\u0259hl\u00fck\u0259sizlik v\u0259d edir. Bununla da regionun vacib aktoruna \u00e7evril\u0259n\u00a0Az\u0259rbaycan \u00fc\u00e7\u00fcn\u00a0regionda yaranm\u0131\u015f yeni v\u0259ziyy\u0259t v\u0259 g\u0259l\u0259c\u0259k perspektivl\u0259r bar\u0259d\u0259 \u00f6z bax\u0131\u015flar\u0131n\u0131 d\u00fcnya ictimaiyy\u0259ti il\u0259 b\u00f6l\u00fc\u015fm\u0259k bax\u0131m\u0131ndan bu Forumun \u0259h\u0259miyy\u0259ti \u00e7ox b\u00f6y\u00fckd\u00fcr.<\/p>\n<p>D\u00fcnyan\u0131n n\u00fcfuzlu siyasi liderl\u0259rini \u00f6z\u00fcnd\u0259 birl\u0259\u015fdir\u0259n bu M\u0259rk\u0259zin qlobal informasiya m\u0259kan\u0131nda r\u0259y formala\u015fd\u0131rmaq imkan\u0131 oldu\u011funu yax\u015f\u0131 anlayan r\u0259smi Bak\u0131 bu f\u00fcrs\u0259td\u0259n yen\u0259 d\u0259 maksimum yararlanmaq niyy\u0259tind\u0259dir. Nec\u0259 ki,\u00a0Prezident\u00a0\u0130lham \u018fliyev VIII Qlobal Bak\u0131 Forumunun a\u00e7\u0131l\u0131\u015f\u0131nda \u00e7\u0131x\u0131\u015f\u0131 zaman\u0131 Qaraba\u011f \u0259traf\u0131nda c\u0259r\u0259yan ed\u0259n prosesl\u0259r v\u0259 pandemiyan\u0131n t\u00fc\u011fyan etdiyi d\u00fcnyada\u00a0pandemiya il\u0259 ba\u011fl\u0131 v\u0259ziyy\u0259tin n\u0259zar\u0259td\u0259 saxlan\u0131lmas\u0131, &#8220;peyv\u0259nd mill\u0259t\u00e7iliyi&#8221;n\u0259 qar\u015f\u0131 fikirl\u0259ri il\u0259 yenid\u0259n diqq\u0259t m\u0259rk\u0259zin\u0259 d\u00fc\u015fd\u00fc. \u00c7ox \u00f6n\u0259mli mesajlar ver\u0259n d\u00f6vl\u0259t ba\u015f\u00e7\u0131s\u0131 n\u00f6vb\u0259ti d\u0259f\u0259 Erm\u0259nistan\u0131n m\u00fcharib\u0259 ritorikas\u0131, i\u015f\u011fal\u00e7\u0131l\u0131q siyas\u0259tin\u0259 toxunaraq ke\u00e7\u0259n ilin pay\u0131z\u0131nda Az\u0259rbaycan Ordusunun \u0259ks-h\u00fccum \u0259m\u0259liyyat\u0131na ba\u015flamayaca\u011f\u0131 t\u0259qdird\u0259 BMT q\u0259tnam\u0259l\u0259ri daha 27 il ka\u011f\u0131z \u00fcz\u0259rind\u0259 qalaca\u011f\u0131n\u0131 diqq\u0259t\u0259 \u00e7at\u0131drmaqla eyni zamanda beyn\u0259lxalaq t\u0259\u015fkilatlar\u0131n\u00a0bu uzun ill\u0259r \u0259rzind\u0259 Erm\u0259nistan\u0131n \u00f6zba\u015f\u0131nal\u0131\u011f\u0131na, h\u00fcquqa zidd davran\u0131\u015flar\u0131na g\u00f6z yumaraq iki standartlardan \u00e7\u0131x\u0131\u015f etm\u0259kd\u0259 ittiham etmi\u015f oldu.<\/p>\n<p><img src=\"https:\/\/img.milli.az\/2021\/11\/04\/prezident_ilahm_aliyev_erm_np.png\" alt=\"\" \/><\/p>\n<p>30 il\u0259 yax\u0131n m\u00fcdd\u0259td\u0259 Erm\u0259nistan\u0131n i\u015f\u011fal\u00e7\u0131l\u0131q siyas\u0259tini davam etdirm\u0259sind\u0259 beyn\u0259lxalq h\u00fcququn ka\u011f\u0131z \u00fcz\u0259rind\u0259 qald\u0131\u011f\u0131n\u0131 v\u0259 bu \u0259dal\u0259tsizliy\u0259 m\u0259hz Az\u0259rbaycan\u0131n \u00f6z g\u00fcc\u00fc hesab\u0131na son qoymas\u0131n\u0131 Forum i\u015ftirak\u00e7\u0131lar\u0131n\u0131n diqq\u0259tin\u0259 \u00e7atd\u0131ran \u0130lham \u018fliyev qeyd edib ki, &#8220;Bildirm\u0259k ist\u0259yir\u0259m ki, bu m\u00fcnaqi\u015f\u0259 h\u0259ll olunub&#8221;. \u00d6lk\u0259 ba\u015f\u00e7\u0131s\u0131 bu mesaj\u0131 il\u0259 b\u00f6lg\u0259d\u0259 v\u0259ziyy\u0259ti yenidn g\u0259rginl\u0259\u015fdirm\u0259k ist\u0259y\u0259n,\u00a0C\u0259nubi Qafqazda\u00a0qeyri-sabit v\u0259ziyy\u0259tin h\u00f6k\u00fcm s\u00fcrm\u0259sind\u0259 maraql\u0131 olan Erm\u0259nistan\u0131n daxilind\u0259ki v\u0259 xaricd\u0259ki revan\u015fist q\u00fcvv\u0259l\u0259r\u0259 xat\u0131rlatd\u0131 ki, art\u0131q Qaraba\u011f adl\u0131 bir m\u00fcbahis\u0259li m\u0259s\u0259l\u0259, m\u00fcnaqi\u015f\u0259 qalmay\u0131b v\u0259 bu ritorika daha \u0259h\u0259miyy\u0259tini itirib.<\/p>\n<p>Haz\u0131rda azad edilmi\u015f \u0259razil\u0259ri b\u0259rpa etdiyimizi v\u0259\u00a0art\u0131q o yerl\u0259rd\u0259 geni\u015fmiqyasl\u0131 d\u00f6vl\u0259t proqram\u0131n\u0131n h\u0259yata ke\u00e7irildiyini Forum vasit\u0259sil\u0259 d\u00fcnya ictimaiyy\u0259tinin diqq\u0259tin\u0259 \u00e7atd\u0131ran \u0130lham \u018fliyev\u00a0qeyd edib ki, bu m\u00fcharib\u0259 onu g\u00f6st\u0259rdi ki, tez v\u0259 ya gec \u0259dal\u0259t Z\u0259f\u0259r \u00e7alacaq. D\u00f6vl\u0259t ba\u015f\u00e7\u0131s\u0131 bu nitqi il\u0259 bundan sonra da Az\u0259rbaycana \u0259ng\u0259l t\u00f6r\u0259tm\u0259k c\u0259hdl\u0259rinin n\u0259tic\u0259siz qalaca\u011f\u0131n\u0131, r\u0259smi Bak\u0131n\u0131n 10 noyabr \u00fc\u00e7t\u0259r\u0259fli b\u0259yanat\u0131n\u0131n b\u00fct\u00fcn \u015f\u0259rtl\u0259rinin realla\u015fd\u0131r\u0131lmas\u0131 \u00fc\u00e7\u00fcn tutdu\u011fu yoldan geri \u00e7\u0259kilm\u0259y\u0259c\u0259yini, bu istiqam\u0259td\u0259 b\u00fct\u00fcn g\u00fcc\u00fcn\u00fc s\u0259f\u0259rb\u0259r edib haqq\u0131-\u0259dal\u0259ti b\u0259rqrar etm\u0259k m\u0259qs\u0259dil\u0259 bundan sonra da laz\u0131m\u0131 add\u0131mlar\u0131 ataca\u011f\u0131 mesaj\u0131 vermi\u015f oldu. Bunu eyni zamanda\u00a0Az\u0259rbaycan diplomatiyas\u0131n\u0131n postm\u00fcharib\u0259 d\u00f6vr\u00fcnd\u0259\u00a0h\u00fccum taktikas\u0131n\u0131n davam\u0131 da adland\u0131ra bil\u0259rik ki, n\u0259tic\u0259sini d\u0259 Moskvadan veril\u0259n son b\u0259yanatlar v\u0259 Erm\u0259nistana g\u00f6r\u0259 Az\u0259rbaycan\u0131\u00a0qar\u015f\u0131s\u0131na alan r\u0259smi Tehran\u0131n son anda geri add\u0131m atmas\u0131 fonunda sezm\u0259k \u00e7\u0259tin deyil.<\/p>\n<p><img src=\"https:\/\/img.milli.az\/2021\/11\/04\/prezident_harop.jpg\" alt=\"\" \/><\/p>\n<p>VIII Qlobal Bak\u0131 Forumu Az\u0259rbaycan\u0131n postkonflikt m\u0259rh\u0259l\u0259si \u00fc\u00e7\u00fcn bu istiqam\u0259td\u0259ki t\u0259\u015f\u0259bb\u00fcsl\u0259rini davam etdirm\u0259si bax\u0131m\u0131ndan olduqca m\u00fch\u00fcm platformad\u0131r. Az\u0259rbaycan beyn\u0259lxalq t\u0259hl\u00fck\u0259sizliy\u0259 verdiyi \u00f6n\u0259mli t\u00f6hf\u0259l\u0259rl\u0259 \u00f6z\u00fcn\u00fcn m\u0259suliyy\u0259tli aktor oldu\u011funu \u0259m\u0259li-praktiki add\u0131mlarla t\u0259sdiq edir. Prezident &#8220;\u0130lin \u0259vv\u0259lind\u0259n 10 ay \u0259rzind\u0259 Az\u0259rbaycan &#8220;C\u0259nub Qaz D\u0259hlizi&#8221; il\u0259 14 milyard kubmetrd\u0259n \u00e7ox qaz ixrac edib. Az\u0259rbaycan qaz\u0131 G\u00fcrc\u00fcstan, T\u00fcrkiy\u0259, \u0130taliya, Bolqar\u0131stan, Yunan\u0131standa istehlak\u00e7\u0131lara \u00e7atd\u0131r\u0131l\u0131b. M\u0259nim s\u0259sl\u0259ndirdiyim h\u0259cmin t\u0259xmin\u0259n yar\u0131s\u0131n\u0131 Avropadak\u0131 istehlak\u00e7\u0131lar \u0259ld\u0259 edib&#8221; a\u00e7\u0131qlamas\u0131 il\u0259 r\u0259smi Bak\u0131n\u0131n k\u00f6hn\u0259 qit\u0259nin enerji t\u0259hl\u00fck\u0259sizliyind\u0259ki yerini bir daha b\u00fct\u00fcn d\u00fcnyan\u0131n diqq\u0259tin\u0259 \u00e7atd\u0131r\u0131b. B\u00fct\u00fcn bu amill\u0259r Az\u0259rbaycan\u0131n bundan sonra da ist\u0259r regionda, ist\u0259rs\u0259 d\u0259 Avrasiya m\u0259kan\u0131nda g\u00fcc\u00fcn\u00fc v\u0259 n\u00fcfuzunu art\u0131ran amill\u0259rdir. Prosesl\u0259rin bu c\u00fcr davam\u0131 yax\u0131n g\u0259l\u0259c\u0259kd\u0259 Az\u0259rbaycana\u00a0m\u0259qs\u0259dl\u0259rin\u0259 \u00e7atmaq \u00fc\u00e7\u00fcn daha b\u00f6y\u00fck g\u00fcc toplamaq imkan\u0131 yarad\u0131r.<\/p>\n","protected":false},"excerpt":{"rendered":"<p>44 g\u00fcnl\u00fck V\u0259t\u0259n m\u00fcharib\u0259si n\u0259tic\u0259sind\u0259 Erm\u0259nistan\u0131n i\u015f\u011fal\u00e7\u0131l\u0131q siyas\u0259tin\u0259 v\u0259 b\u00fct\u00f6vl\u00fckd\u0259 m\u00fcnaqi\u015f\u0259y\u0259 son qoydu\u011fumuza g\u00f6r\u0259 beyn\u0259lxalq m\u00fcst\u0259vid\u0259 aparaca\u011f\u0131m\u0131z t\u0259bli\u011fat\u0131n da konturlar\u0131 \u0259h\u0259miyy\u0259tli d\u0259r\u0259c\u0259d\u0259 d\u0259yi\u015fdi.\u00a0Bu bax\u0131mdan Nizami G\u0259nc\u0259vi Beyn\u0259lxalq M\u0259rk\u0259zi Az\u0259rbaycan h\u0259qiq\u0259tl\u0259rinin d\u00fcnya ictimaiyy\u0259tin\u0259 \u00e7atd\u0131r\u0131lmas\u0131 bax\u0131m\u0131ndan unikal bir platforma funksiyas\u0131n\u0131 icra etm\u0259k \u00fc\u00e7\u00fcn m\u00fch\u00fcm t\u0259bli\u011fat poliqonumuz olma\u011fa ba\u015flad\u0131.\u00a0 M\u0259rk\u0259z II Qaraba\u011f m\u00fcharib\u0259sin\u0259 kimi\u00a0Az\u0259rbaycan\u0131n tarixini, m\u0259d\u0259niyy\u0259tini v\u0259 multikultural d\u0259y\u0259rl\u0259rini t\u0259bli\u011f etm\u0259kl\u0259 beyn\u0259lxalq m\u00fcst\u0259vid\u0259 \u00f6lk\u0259mizl\u0259 ba\u011fl\u0131 m\u00fcsb\u0259t obraz\u0131n formala\u015fmas\u0131na t\u00f6hf\u0259l\u0259r verirdis\u0259,\u00a0\u00f6t\u0259n ilin pay\u0131z\u0131ndanb\u0259ri\u00a0biz qlobal informasiya m\u0259kan\u0131nda daha \u00e7ox \u0259razi b\u00fct\u00f6vl\u00fcy\u00fcm\u00fcz v\u0259 erm\u0259ni i\u015f\u011fal\u00e7\u0131l\u0131\u011f\u0131 il\u0259 ba\u011fl\u0131 t\u0259bli\u011fata \u00fcst\u00fcnl\u00fck verm\u0259y\u0259 ba\u015flam\u0131\u015f\u0131q ki, bu g\u00fcnd\u0259n etibar\u0259n 3&hellip;<\/p>\n","protected":false},"author":2,"featured_media":399305,"comment_status":"closed","ping_status":"closed","sticky":false,"template":"","format":"standard","meta":{"om_disable_all_campaigns":false,"_monsterinsights_skip_tracking":false,"_monsterinsights_sitenote_active":false,"_monsterinsights_sitenote_note":"","_monsterinsights_sitenote_category":0},"categories":[4],"tags":[],"aioseo_notices":[],"gutentor_comment":0,"rttpg_featured_image_url":{"full":["https:\/\/arantv.az\/wp-content\/uploads\/2021\/11\/993227_01.jpg",800,600,false],"landscape":["https:\/\/arantv.az\/wp-content\/uploads\/2021\/11\/993227_01.jpg",800,600,false],"portraits":["https:\/\/arantv.az\/wp-content\/uploads\/2021\/11\/993227_01.jpg",800,600,false],"thumbnail":["https:\/\/arantv.az\/wp-content\/uploads\/2021\/11\/993227_01-500x280.jpg",500,280,true],"medium":["https:\/\/arantv.az\/wp-content\/uploads\/2021\/11\/993227_01-487x365.jpg",487,365,true],"large":["https:\/\/arantv.az\/wp-content\/uploads\/2021\/11\/993227_01.jpg",640,480,false],"1536x1536":["https:\/\/arantv.az\/wp-content\/uploads\/2021\/11\/993227_01.jpg",800,600,false],"2048x2048":["https:\/\/arantv.az\/wp-content\/uploads\/2021\/11\/993227_01.jpg",800,600,false],"post-thumbnail":["https:\/\/arantv.az\/wp-content\/uploads\/2021\/11\/993227_01-240x172.jpg",240,172,true],"advps-thumb-one":["https:\/\/arantv.az\/wp-content\/uploads\/2021\/11\/993227_01.jpg",800,600,false]},"rttpg_author":{"display_name":"V\u00fcsal Rafiqo\u011flu","author_link":"https:\/\/arantv.az\/?author=2"},"rttpg_comment":0,"rttpg_category":"<a href=\"https:\/\/arantv.az\/?cat=4\" rel=\"category\">Siyas\u0259t<\/a>","rttpg_excerpt":"44 g\u00fcnl\u00fck V\u0259t\u0259n m\u00fcharib\u0259si n\u0259tic\u0259sind\u0259 Erm\u0259nistan\u0131n i\u015f\u011fal\u00e7\u0131l\u0131q siyas\u0259tin\u0259 v\u0259 b\u00fct\u00f6vl\u00fckd\u0259 m\u00fcnaqi\u015f\u0259y\u0259 son qoydu\u011fumuza g\u00f6r\u0259 beyn\u0259lxalq m\u00fcst\u0259vid\u0259 aparaca\u011f\u0131m\u0131z t\u0259bli\u011fat\u0131n da konturlar\u0131 \u0259h\u0259miyy\u0259tli d\u0259r\u0259c\u0259d\u0259 d\u0259yi\u015fdi.\u00a0Bu bax\u0131mdan Nizami G\u0259nc\u0259vi Beyn\u0259lxalq M\u0259rk\u0259zi Az\u0259rbaycan h\u0259qiq\u0259tl\u0259rinin d\u00fcnya ictimaiyy\u0259tin\u0259 \u00e7atd\u0131r\u0131lmas\u0131 bax\u0131m\u0131ndan unikal bir platforma funksiyas\u0131n\u0131 icra etm\u0259k \u00fc\u00e7\u00fcn m\u00fch\u00fcm t\u0259bli\u011fat poliqonumuz olma\u011fa ba\u015flad\u0131.\u00a0 M\u0259rk\u0259z II Qaraba\u011f m\u00fcharib\u0259sin\u0259 kimi\u00a0Az\u0259rbaycan\u0131n tarixini, m\u0259d\u0259niyy\u0259tini v\u0259 multikultural&hellip;","_links":{"self":[{"href":"https:\/\/arantv.az\/index.php?rest_route=\/wp\/v2\/posts\/399304"}],"collection":[{"href":"https:\/\/arantv.az\/index.php?rest_route=\/wp\/v2\/posts"}],"about":[{"href":"https:\/\/arantv.az\/index.php?rest_route=\/wp\/v2\/types\/post"}],"author":[{"embeddable":true,"href":"https:\/\/arantv.az\/index.php?rest_route=\/wp\/v2\/users\/2"}],"replies":[{"embeddable":true,"href":"https:\/\/arantv.az\/index.php?rest_route=%2Fwp%2Fv2%2Fcomments&post=399304"}],"version-history":[{"count":0,"href":"https:\/\/arantv.az\/index.php?rest_route=\/wp\/v2\/posts\/399304\/revisions"}],"wp:featuredmedia":[{"embeddable":true,"href":"https:\/\/arantv.az\/index.php?rest_route=\/wp\/v2\/media\/399305"}],"wp:attachment":[{"href":"https:\/\/arantv.az\/index.php?rest_route=%2Fwp%2Fv2%2Fmedia&parent=399304"}],"wp:term":[{"taxonomy":"category","embeddable":true,"href":"https:\/\/arantv.az\/index.php?rest_route=%2Fwp%2Fv2%2Fcategories&post=399304"},{"taxonomy":"post_tag","embeddable":true,"href":"https:\/\/arantv.az\/index.php?rest_route=%2Fwp%2Fv2%2Ftags&post=399304"}],"curies":[{"name":"wp","href":"https:\/\/api.w.org\/{rel}","templated":true}]}}