{"id":399307,"date":"2021-11-04T11:04:09","date_gmt":"2021-11-04T08:04:09","guid":{"rendered":"http:\/\/arantv.az\/?p=399307"},"modified":"2021-11-04T11:04:09","modified_gmt":"2021-11-04T08:04:09","slug":"z%c9%99ng%c9%99zur-d%c9%99hlizinin-acilmasi-tranzit-potensialimizi-yuks%c9%99ld%c9%99c%c9%99k","status":"publish","type":"post","link":"https:\/\/arantv.az\/?p=399307","title":{"rendered":"&#8220;Z\u0259ng\u0259zur d\u0259hlizinin a\u00e7\u0131lmas\u0131 tranzit potensial\u0131m\u0131z\u0131 y\u00fcks\u0259ld\u0259c\u0259k&#8221;"},"content":{"rendered":"<p><strong>B\u00fct\u00fcn d\u00fcnya az\u0259rbaycanl\u0131lar\u0131 tariximizin \u0259lam\u0259tdar g\u00fcn\u00fc olan Z\u0259f\u0259r G\u00fcn\u00fcn qeyd edilm\u0259sin\u0259 haz\u0131rla\u015f\u0131r.<\/strong><\/p>\n<p><strong>ARANTV.AZ<\/strong> <a href=\"https:\/\/az.trend.az\/\" target=\"_blank\" rel=\"noopener\">Trend<\/a>-\u0259 istinad\u0259n bildirir ki,\u00a0bunu hakim Yeni Az\u0259rbaycan Partiyas\u0131 (YAP) s\u0259drinin m\u00fcavini &#8211; M\u0259rk\u0259zi Aparat\u0131n r\u0259hb\u0259ri Tahir Budaqov jurnalistl\u0259r\u0259 a\u00e7\u0131qlamas\u0131nda deyib.<\/p>\n<p>T.Budaqov bildirib ki, bu g\u00fcn ke\u00e7iril\u0259n t\u0259dbirimiz d\u0259 YAP t\u0259r\u0259find\u0259n sentyabr\u0131n 27-d\u0259n ba\u015flad\u0131lan silsil\u0259 t\u0259dbirl\u0259rin n\u00f6vb\u0259ti m\u0259rh\u0259l\u0259sidir:<\/p>\n<p>&#8220;Bu g\u00fcnki m\u00fczkir\u0259l\u0259rimiz z\u0259f\u0259r iqtisadiyyat\u0131na h\u0259sr olunub. Qaraba\u011f\u0131n i\u015f\u011faldan azad olunmas\u0131 t\u0259k \u0259razi b\u00fct\u00f6vl\u00fcy\u00fcm\u00fcz\u00fcn b\u0259rpa edilm\u0259si deyil, eyni zamanda iqtisadiyyat\u0131m\u0131z\u0131n \u0259lav\u0259 g\u00fcc\u00fcn\u00fcn inki\u015faf etdirilm\u0259sin\u0259 hesablanan prosesdir. Bu istiq\u0259m\u0259td\u0259 n\u0259z\u0259rd\u0259 tutulan v\u0259 yax\u0131n m\u00fcdd\u0259td\u0259 h\u0259yata ke\u00e7iril\u0259c\u0259k t\u0259dbirl\u0259rl\u0259 ba\u011fl\u0131 m\u0259ruz\u0259l\u0259r dinl\u0259nil\u0259c\u0259k. Baxmayaraq ki, Az\u0259rbaycan birba\u015fa okeana \u00e7\u0131x\u0131\u015f\u0131 olmayan \u00f6lk\u0259dir, ancaq C\u0259nab Prezident \u0130lham \u018fliyevin uzaqg\u00f6r\u0259n f\u0259aliyy\u0259ti n\u0259tic\u0259sind\u0259 \u00f6lk\u0259miz bu g\u00fcn logistika m\u0259rk\u0259zi kimi d\u00fcnya ticar\u0259t \u0259laq\u0259l\u0259rind\u0259 \u00f6n\u0259mli yer tutur.<\/p>\n<p>Z\u0259ng\u0259zur d\u0259hlizinin a\u00e7\u0131lmas\u0131 il\u0259 d\u0259 \u00f6lk\u0259mizin tranzit potensial\u0131 daha da y\u00fcks\u0259l\u0259c\u0259k. Bu proses d\u0259 Az\u0259rbaycan\u0131n daha da s\u00fcr\u0259tli inki\u015faf\u0131na v\u0259 regionda m\u00f6hk\u0259ml\u0259nm\u0259sin\u0259 g\u0259tirib \u00e7\u0131xardacaq.&#8221;<\/p>\n","protected":false},"excerpt":{"rendered":"<p>B\u00fct\u00fcn d\u00fcnya az\u0259rbaycanl\u0131lar\u0131 tariximizin \u0259lam\u0259tdar g\u00fcn\u00fc olan Z\u0259f\u0259r G\u00fcn\u00fcn qeyd edilm\u0259sin\u0259 haz\u0131rla\u015f\u0131r. ARANTV.AZ Trend-\u0259 istinad\u0259n bildirir ki,\u00a0bunu hakim Yeni Az\u0259rbaycan Partiyas\u0131 (YAP) s\u0259drinin m\u00fcavini &#8211; M\u0259rk\u0259zi Aparat\u0131n r\u0259hb\u0259ri Tahir Budaqov jurnalistl\u0259r\u0259 a\u00e7\u0131qlamas\u0131nda deyib. T.Budaqov bildirib ki, bu g\u00fcn ke\u00e7iril\u0259n t\u0259dbirimiz d\u0259 YAP t\u0259r\u0259find\u0259n sentyabr\u0131n 27-d\u0259n ba\u015flad\u0131lan silsil\u0259 t\u0259dbirl\u0259rin n\u00f6vb\u0259ti m\u0259rh\u0259l\u0259sidir: &#8220;Bu g\u00fcnki m\u00fczkir\u0259l\u0259rimiz z\u0259f\u0259r iqtisadiyyat\u0131na h\u0259sr olunub. Qaraba\u011f\u0131n i\u015f\u011faldan azad olunmas\u0131 t\u0259k \u0259razi b\u00fct\u00f6vl\u00fcy\u00fcm\u00fcz\u00fcn b\u0259rpa edilm\u0259si deyil, eyni zamanda iqtisadiyyat\u0131m\u0131z\u0131n \u0259lav\u0259 g\u00fcc\u00fcn\u00fcn inki\u015faf etdirilm\u0259sin\u0259 hesablanan prosesdir. Bu istiq\u0259m\u0259td\u0259 n\u0259z\u0259rd\u0259 tutulan v\u0259 yax\u0131n m\u00fcdd\u0259td\u0259 h\u0259yata ke\u00e7iril\u0259c\u0259k t\u0259dbirl\u0259rl\u0259 ba\u011fl\u0131 m\u0259ruz\u0259l\u0259r dinl\u0259nil\u0259c\u0259k. Baxmayaraq&hellip;<\/p>\n","protected":false},"author":2,"featured_media":399308,"comment_status":"closed","ping_status":"closed","sticky":false,"template":"","format":"standard","meta":{"om_disable_all_campaigns":false,"_monsterinsights_skip_tracking":false,"_monsterinsights_sitenote_active":false,"_monsterinsights_sitenote_note":"","_monsterinsights_sitenote_category":0},"categories":[4],"tags":[],"aioseo_notices":[],"gutentor_comment":0,"rttpg_featured_image_url":{"full":["https:\/\/arantv.az\/wp-content\/uploads\/2021\/11\/993232.jpg",800,600,false],"landscape":["https:\/\/arantv.az\/wp-content\/uploads\/2021\/11\/993232.jpg",800,600,false],"portraits":["https:\/\/arantv.az\/wp-content\/uploads\/2021\/11\/993232.jpg",800,600,false],"thumbnail":["https:\/\/arantv.az\/wp-content\/uploads\/2021\/11\/993232-500x280.jpg",500,280,true],"medium":["https:\/\/arantv.az\/wp-content\/uploads\/2021\/11\/993232-487x365.jpg",487,365,true],"large":["https:\/\/arantv.az\/wp-content\/uploads\/2021\/11\/993232.jpg",640,480,false],"1536x1536":["https:\/\/arantv.az\/wp-content\/uploads\/2021\/11\/993232.jpg",800,600,false],"2048x2048":["https:\/\/arantv.az\/wp-content\/uploads\/2021\/11\/993232.jpg",800,600,false],"post-thumbnail":["https:\/\/arantv.az\/wp-content\/uploads\/2021\/11\/993232-240x172.jpg",240,172,true],"advps-thumb-one":["https:\/\/arantv.az\/wp-content\/uploads\/2021\/11\/993232.jpg",800,600,false]},"rttpg_author":{"display_name":"V\u00fcsal Rafiqo\u011flu","author_link":"https:\/\/arantv.az\/?author=2"},"rttpg_comment":0,"rttpg_category":"<a href=\"https:\/\/arantv.az\/?cat=4\" rel=\"category\">Siyas\u0259t<\/a>","rttpg_excerpt":"B\u00fct\u00fcn d\u00fcnya az\u0259rbaycanl\u0131lar\u0131 tariximizin \u0259lam\u0259tdar g\u00fcn\u00fc olan Z\u0259f\u0259r G\u00fcn\u00fcn qeyd edilm\u0259sin\u0259 haz\u0131rla\u015f\u0131r. ARANTV.AZ Trend-\u0259 istinad\u0259n bildirir ki,\u00a0bunu hakim Yeni Az\u0259rbaycan Partiyas\u0131 (YAP) s\u0259drinin m\u00fcavini &#8211; M\u0259rk\u0259zi Aparat\u0131n r\u0259hb\u0259ri Tahir Budaqov jurnalistl\u0259r\u0259 a\u00e7\u0131qlamas\u0131nda deyib. T.Budaqov bildirib ki, bu g\u00fcn ke\u00e7iril\u0259n t\u0259dbirimiz d\u0259 YAP t\u0259r\u0259find\u0259n sentyabr\u0131n 27-d\u0259n ba\u015flad\u0131lan silsil\u0259 t\u0259dbirl\u0259rin n\u00f6vb\u0259ti m\u0259rh\u0259l\u0259sidir: &#8220;Bu g\u00fcnki m\u00fczkir\u0259l\u0259rimiz z\u0259f\u0259r iqtisadiyyat\u0131na&hellip;","_links":{"self":[{"href":"https:\/\/arantv.az\/index.php?rest_route=\/wp\/v2\/posts\/399307"}],"collection":[{"href":"https:\/\/arantv.az\/index.php?rest_route=\/wp\/v2\/posts"}],"about":[{"href":"https:\/\/arantv.az\/index.php?rest_route=\/wp\/v2\/types\/post"}],"author":[{"embeddable":true,"href":"https:\/\/arantv.az\/index.php?rest_route=\/wp\/v2\/users\/2"}],"replies":[{"embeddable":true,"href":"https:\/\/arantv.az\/index.php?rest_route=%2Fwp%2Fv2%2Fcomments&post=399307"}],"version-history":[{"count":0,"href":"https:\/\/arantv.az\/index.php?rest_route=\/wp\/v2\/posts\/399307\/revisions"}],"wp:featuredmedia":[{"embeddable":true,"href":"https:\/\/arantv.az\/index.php?rest_route=\/wp\/v2\/media\/399308"}],"wp:attachment":[{"href":"https:\/\/arantv.az\/index.php?rest_route=%2Fwp%2Fv2%2Fmedia&parent=399307"}],"wp:term":[{"taxonomy":"category","embeddable":true,"href":"https:\/\/arantv.az\/index.php?rest_route=%2Fwp%2Fv2%2Fcategories&post=399307"},{"taxonomy":"post_tag","embeddable":true,"href":"https:\/\/arantv.az\/index.php?rest_route=%2Fwp%2Fv2%2Ftags&post=399307"}],"curies":[{"name":"wp","href":"https:\/\/api.w.org\/{rel}","templated":true}]}}