{"id":399358,"date":"2021-11-04T11:29:55","date_gmt":"2021-11-04T08:29:55","guid":{"rendered":"http:\/\/arantv.az\/?p=399358"},"modified":"2021-11-04T11:29:55","modified_gmt":"2021-11-04T08:29:55","slug":"bok-prezidenti-baki-forumunda-peyv%c9%99ndl%c9%99r-siyasil%c9%99sdirilir","status":"publish","type":"post","link":"https:\/\/arantv.az\/?p=399358","title":{"rendered":"BOK prezidenti Bak\u0131 Forumunda: \u201cPeyv\u0259ndl\u0259r siyasil\u0259\u015fdirilir\u201d"},"content":{"rendered":"<p>Beyn\u0259lxalq Olimpiya Komit\u0259sinin (BOK) prezidenti Tomas Bax VIII Qlobal Bak\u0131 Forumunun i\u015ftirak\u00e7\u0131lar\u0131na m\u00fcraci\u0259t \u00fcnvanlay\u0131b.<\/p>\n<p>APA-n\u0131n x\u0259b\u0259rin\u0259 g\u00f6r\u0259, m\u00fcraci\u0259ti\u00a0Xorvatiyan\u0131n sabiq prezidenti Kolinda Qrabar-Kitarovi\u00e7\u00a0s\u0259sl\u0259ndirib.<\/p>\n<p>M\u00fcraci\u0259td\u0259 bildirilib ki, COVID-19 pandemiyas\u0131 il\u0259 m\u00fcbariz\u0259d\u0259 beyn\u0259lxalq \u0259m\u0259kda\u015fl\u0131q v\u0259 h\u0259mr\u0259ylik vacibdir:<\/p>\n<div id=\"AdviadNativeVideo0\" class=\"AdviadNativeVideo\"><\/div>\n<p>\u201cBiz g\u0259l\u0259c\u0259yi y\u00fcks\u0259k texnologiyalar olmadan qura bilm\u0259y\u0259c\u0259yik. Bizim g\u0259l\u0259c\u0259yimizi formala\u015fd\u0131rmaq \u00fc\u00e7\u00fcn plan\u0131m\u0131z olmal\u0131d\u0131r. Peyv\u0259ndl\u0259r siyasil\u0259\u015fdirilir. Beyn\u0259lxalq Olimpiya Komit\u0259si d\u00fcnyada peyv\u0259ndl\u0259rin b\u0259rab\u0259r \u015f\u0259kild\u0259 paylanmas\u0131na t\u0259r\u0259fdard\u0131r. Tokioda ke\u00e7iril\u0259n Olimpiya Oyunlar\u0131 h\u0259mr\u0259ylik y\u00f6n\u00fcnd\u0259 d\u00fcnyaya bir mesaj idi\u201d.<\/p>\n<p>M\u00fcraci\u0259td\u0259 qeyd olunub ki, r\u0259q\u0259msalla\u015fan d\u00fcnya yeni riskl\u0259r yarad\u0131r:<\/p>\n<p>\u201cBiz rifah\u0131, \u0259m\u0259kda\u015fl\u0131\u011f\u0131 t\u0259min etm\u0259liyik. Bizim \u00f6hd\u0259liyimiz idman\u0131n \u00fcz\u0259rin\u0259 d\u00fc\u015f\u0259n m\u0259ram\u0131 sona q\u0259d\u0259r h\u0259yata ke\u00e7irm\u0259kdir. Biz problemi h\u0259ll ets\u0259k d\u0259, onun sosial v\u0259 iqtisadi t\u0259sirl\u0259rini hiss ed\u0259c\u0259yik. 2022-2025-ci ill\u0259rd\u0259 biz r\u0259q\u0259msalla\u015fman\u0131n geni\u015fl\u0259nm\u0259si \u00fc\u00e7\u00fcn h\u0259mr\u0259yliy\u0259 daha \u00e7ox \u00f6n\u0259m verm\u0259liyik. COVID-19 pandemiyas\u0131 g\u00f6st\u0259rdi ki, idman bizi m\u00fcsb\u0259t i\u015fl\u0259r\u0259 s\u00f6vq ed\u0259 bil\u0259r\u201d.<\/p>\n","protected":false},"excerpt":{"rendered":"<p>Beyn\u0259lxalq Olimpiya Komit\u0259sinin (BOK) prezidenti Tomas Bax VIII Qlobal Bak\u0131 Forumunun i\u015ftirak\u00e7\u0131lar\u0131na m\u00fcraci\u0259t \u00fcnvanlay\u0131b. APA-n\u0131n x\u0259b\u0259rin\u0259 g\u00f6r\u0259, m\u00fcraci\u0259ti\u00a0Xorvatiyan\u0131n sabiq prezidenti Kolinda Qrabar-Kitarovi\u00e7\u00a0s\u0259sl\u0259ndirib. M\u00fcraci\u0259td\u0259 bildirilib ki, COVID-19 pandemiyas\u0131 il\u0259 m\u00fcbariz\u0259d\u0259 beyn\u0259lxalq \u0259m\u0259kda\u015fl\u0131q v\u0259 h\u0259mr\u0259ylik vacibdir: \u201cBiz g\u0259l\u0259c\u0259yi y\u00fcks\u0259k texnologiyalar olmadan qura bilm\u0259y\u0259c\u0259yik. Bizim g\u0259l\u0259c\u0259yimizi formala\u015fd\u0131rmaq \u00fc\u00e7\u00fcn plan\u0131m\u0131z olmal\u0131d\u0131r. Peyv\u0259ndl\u0259r siyasil\u0259\u015fdirilir. Beyn\u0259lxalq Olimpiya Komit\u0259si d\u00fcnyada peyv\u0259ndl\u0259rin b\u0259rab\u0259r \u015f\u0259kild\u0259 paylanmas\u0131na t\u0259r\u0259fdard\u0131r. Tokioda ke\u00e7iril\u0259n Olimpiya Oyunlar\u0131 h\u0259mr\u0259ylik y\u00f6n\u00fcnd\u0259 d\u00fcnyaya bir mesaj idi\u201d. M\u00fcraci\u0259td\u0259 qeyd olunub ki, r\u0259q\u0259msalla\u015fan d\u00fcnya yeni riskl\u0259r yarad\u0131r: \u201cBiz rifah\u0131, \u0259m\u0259kda\u015fl\u0131\u011f\u0131 t\u0259min etm\u0259liyik. Bizim \u00f6hd\u0259liyimiz idman\u0131n \u00fcz\u0259rin\u0259 d\u00fc\u015f\u0259n m\u0259ram\u0131 sona q\u0259d\u0259r&hellip;<\/p>\n","protected":false},"author":2,"featured_media":399359,"comment_status":"closed","ping_status":"closed","sticky":false,"template":"","format":"standard","meta":{"om_disable_all_campaigns":false,"_monsterinsights_skip_tracking":false,"_monsterinsights_sitenote_active":false,"_monsterinsights_sitenote_note":"","_monsterinsights_sitenote_category":0},"categories":[6],"tags":[],"aioseo_notices":[],"gutentor_comment":0,"rttpg_featured_image_url":{"full":["https:\/\/arantv.az\/wp-content\/uploads\/2021\/11\/FotoJet-2021-11-04T115319.879.jpg",620,413,false],"landscape":["https:\/\/arantv.az\/wp-content\/uploads\/2021\/11\/FotoJet-2021-11-04T115319.879.jpg",620,413,false],"portraits":["https:\/\/arantv.az\/wp-content\/uploads\/2021\/11\/FotoJet-2021-11-04T115319.879.jpg",620,413,false],"thumbnail":["https:\/\/arantv.az\/wp-content\/uploads\/2021\/11\/FotoJet-2021-11-04T115319.879-500x280.jpg",500,280,true],"medium":["https:\/\/arantv.az\/wp-content\/uploads\/2021\/11\/FotoJet-2021-11-04T115319.879-548x365.jpg",548,365,true],"large":["https:\/\/arantv.az\/wp-content\/uploads\/2021\/11\/FotoJet-2021-11-04T115319.879.jpg",620,413,false],"1536x1536":["https:\/\/arantv.az\/wp-content\/uploads\/2021\/11\/FotoJet-2021-11-04T115319.879.jpg",620,413,false],"2048x2048":["https:\/\/arantv.az\/wp-content\/uploads\/2021\/11\/FotoJet-2021-11-04T115319.879.jpg",620,413,false],"post-thumbnail":["https:\/\/arantv.az\/wp-content\/uploads\/2021\/11\/FotoJet-2021-11-04T115319.879-240x172.jpg",240,172,true],"advps-thumb-one":["https:\/\/arantv.az\/wp-content\/uploads\/2021\/11\/FotoJet-2021-11-04T115319.879.jpg",620,413,false]},"rttpg_author":{"display_name":"V\u00fcsal Rafiqo\u011flu","author_link":"https:\/\/arantv.az\/?author=2"},"rttpg_comment":0,"rttpg_category":"<a href=\"https:\/\/arantv.az\/?cat=6\" rel=\"category\">\u0130dman<\/a>","rttpg_excerpt":"Beyn\u0259lxalq Olimpiya Komit\u0259sinin (BOK) prezidenti Tomas Bax VIII Qlobal Bak\u0131 Forumunun i\u015ftirak\u00e7\u0131lar\u0131na m\u00fcraci\u0259t \u00fcnvanlay\u0131b. APA-n\u0131n x\u0259b\u0259rin\u0259 g\u00f6r\u0259, m\u00fcraci\u0259ti\u00a0Xorvatiyan\u0131n sabiq prezidenti Kolinda Qrabar-Kitarovi\u00e7\u00a0s\u0259sl\u0259ndirib. M\u00fcraci\u0259td\u0259 bildirilib ki, COVID-19 pandemiyas\u0131 il\u0259 m\u00fcbariz\u0259d\u0259 beyn\u0259lxalq \u0259m\u0259kda\u015fl\u0131q v\u0259 h\u0259mr\u0259ylik vacibdir: \u201cBiz g\u0259l\u0259c\u0259yi y\u00fcks\u0259k texnologiyalar olmadan qura bilm\u0259y\u0259c\u0259yik. Bizim g\u0259l\u0259c\u0259yimizi formala\u015fd\u0131rmaq \u00fc\u00e7\u00fcn plan\u0131m\u0131z olmal\u0131d\u0131r. Peyv\u0259ndl\u0259r siyasil\u0259\u015fdirilir. Beyn\u0259lxalq Olimpiya Komit\u0259si d\u00fcnyada peyv\u0259ndl\u0259rin b\u0259rab\u0259r&hellip;","_links":{"self":[{"href":"https:\/\/arantv.az\/index.php?rest_route=\/wp\/v2\/posts\/399358"}],"collection":[{"href":"https:\/\/arantv.az\/index.php?rest_route=\/wp\/v2\/posts"}],"about":[{"href":"https:\/\/arantv.az\/index.php?rest_route=\/wp\/v2\/types\/post"}],"author":[{"embeddable":true,"href":"https:\/\/arantv.az\/index.php?rest_route=\/wp\/v2\/users\/2"}],"replies":[{"embeddable":true,"href":"https:\/\/arantv.az\/index.php?rest_route=%2Fwp%2Fv2%2Fcomments&post=399358"}],"version-history":[{"count":0,"href":"https:\/\/arantv.az\/index.php?rest_route=\/wp\/v2\/posts\/399358\/revisions"}],"wp:featuredmedia":[{"embeddable":true,"href":"https:\/\/arantv.az\/index.php?rest_route=\/wp\/v2\/media\/399359"}],"wp:attachment":[{"href":"https:\/\/arantv.az\/index.php?rest_route=%2Fwp%2Fv2%2Fmedia&parent=399358"}],"wp:term":[{"taxonomy":"category","embeddable":true,"href":"https:\/\/arantv.az\/index.php?rest_route=%2Fwp%2Fv2%2Fcategories&post=399358"},{"taxonomy":"post_tag","embeddable":true,"href":"https:\/\/arantv.az\/index.php?rest_route=%2Fwp%2Fv2%2Ftags&post=399358"}],"curies":[{"name":"wp","href":"https:\/\/api.w.org\/{rel}","templated":true}]}}