{"id":400401,"date":"2021-11-05T20:42:27","date_gmt":"2021-11-05T17:42:27","guid":{"rendered":"http:\/\/arantv.az\/?p=400401"},"modified":"2021-11-05T20:42:27","modified_gmt":"2021-11-05T17:42:27","slug":"8-noyabr-turk-dunyasinin-z%c9%99f%c9%99r-yaddasidir","status":"publish","type":"post","link":"https:\/\/arantv.az\/?p=400401","title":{"rendered":"8 Noyabr T\u00fcrk d\u00fcnyas\u0131n\u0131n Z\u0259f\u0259r yadda\u015f\u0131d\u0131r"},"content":{"rendered":"<p>\u00d6t\u0259n \u0259srin sonlar\u0131nda\u00a0Erm\u0259nistan Az\u0259rbaycan\u0131n tarixi torpaqlar\u0131na \u0259razi iddialar\u0131\u00a0ir\u0259li s\u00fcrd\u00fc\u00a0v\u0259 \u00f6lk\u0259miz\u0259 qar\u015f\u0131 h\u0259rbi t\u0259cav\u00fcz\u0259\u00a0ba\u015flad\u0131. H\u0259min d\u00f6vrd\u0259 Az\u0259rbaycanda h\u00f6km s\u00fcr\u0259n h\u0259rc-m\u0259rclikd\u0259n istifad\u0259 ed\u0259n Erm\u0259nistan torpaqlar\u0131m\u0131z\u0131n 20 faizini\u00a0i\u015f\u011fal etdi, Erm\u0259nistan\u0131n h\u0259yata ke\u00e7irdiyi etnik t\u0259mizl\u0259m\u0259 siyas\u0259ti n\u0259tic\u0259sind\u0259 1 milyondan art\u0131q az\u0259rbaycanl\u0131 \u00f6z do\u011fma yurd-yuvas\u0131ndan did\u0259rgin d\u00fc\u015fd\u00fc.\u00a0Az\u0259rbaycana qar\u015f\u0131 h\u0259rbi t\u0259cav\u00fcz\u00fcn n\u0259tic\u0259l\u0259rinin aradan qald\u0131r\u0131lmas\u0131 v\u0259 BMT T\u0259hl\u00fck\u0259sizlik \u015euras\u0131n\u0131n 822, 853, 874 v\u0259 884 sayl\u0131 q\u0259tnam\u0259l\u0259rinin h\u0259yata ke\u00e7irilm\u0259si \u00fczr\u0259 30 il\u0259 yax\u0131n davam ed\u0259n dan\u0131\u015f\u0131qlar prosesi Erm\u0259nistan\u0131n destruktiv m\u00f6vqeyin\u0259 g\u00f6r\u0259 n\u0259tic\u0259 verm\u0259di.<\/p>\n<p>2019-cu ild\u0259n etibar\u0259n is\u0259 Erm\u0259nistan h\u0259rbi-siyasi r\u0259hb\u0259rliyinin bir-birinin ard\u0131nca verdiyi t\u0259xribat\u00e7\u0131 b\u0259yanatlar v\u0259 atd\u0131\u011f\u0131 add\u0131mlar dan\u0131\u015f\u0131qlar prosesini m\u0259qs\u0259dy\u00f6nl\u00fc \u015f\u0259kild\u0259 tamamil\u0259\u00a0pozma\u011fa y\u00f6n\u0259lmi\u015fdi. Bununla Erm\u0259nistan bir daha \u00f6z\u00fcn\u00fcn \u0259sl m\u0259qs\u0259dinin m\u00f6vcud status-kvonu m\u00f6hk\u0259ml\u0259ndirm\u0259kd\u0259n v\u0259 Az\u0259rbaycan \u0259razil\u0259rini ilhaq etm\u0259kd\u0259n ibar\u0259t oldu\u011funu n\u00fcmayi\u015f etdirirdi.<\/p>\n<p>\u0130ki \u0259srdir erm\u0259ni fa\u015fizminin\u00a0davam ed\u0259n i\u015f\u011fal\u00e7\u0131l\u0131q siyas\u0259tin\u0259\u00a0qar\u015f\u0131 Az\u0259rbaycan Ordusu\u00a02020-ci il sentyabr\u0131n 27-d\u0259\u00a0ba\u015flanan\u00a0\u0259ks h\u00fccum \u0259m\u0259liyyat\u0131 il\u0259 cavab verdi.\u00a0Bu m\u0259qamda qeyd etm\u0259k laz\u0131md\u0131r ki, \u00fcmummilli lider Heyd\u0259r \u018fliyevin m\u00fcst\u0259sna xidm\u0259tl\u0259ri say\u0259sind\u0259 formala\u015fan v\u0259 inki\u015faf yoluna q\u0259d\u0259m qoyan Az\u0259rbaycan Silahl\u0131 Q\u00fcvv\u0259l\u0259ri bu g\u00fcn M\u00fcz\u0259ff\u0259r Ali Ba\u015f Komandan \u0130lham \u018fliyevin r\u0259hb\u0259rliyi alt\u0131nda \u00f6z xalq\u0131na Q\u0259l\u0259b\u0259ni b\u0259x\u015f ed\u0259n r\u0259\u015fad\u0259tli orduya \u00e7evrilmi\u015fdir. Apar\u0131lan u\u011furlu siyas\u0259t v\u0259 g\u00f6r\u00fcl\u0259n davaml\u0131 t\u0259dbirl\u0259r say\u0259sind\u0259 Az\u0259rbaycan Ordusu d\u00fcnyan\u0131n \u0259n g\u00fccl\u00fc ordular\u0131 s\u0131ras\u0131ndad\u0131r. Ordumuzun m\u00fcasir texnika il\u0259 t\u0259chizat\u0131, m\u00fcnt\u0259z\u0259m olaraq ke\u00e7irilmi\u015f t\u0259liml\u0259r, d\u00f6y\u00fc\u015f potensial\u0131n\u0131n g\u00fccl\u0259ndirilm\u0259si, h\u0259rbi s\u0259naye kompleksinin yarad\u0131lmas\u0131 v\u0259 idxaldan m\u00fc\u0259yy\u0259n d\u0259r\u0259c\u0259d\u0259 as\u0131l\u0131l\u0131\u011f\u0131n azald\u0131lmas\u0131 \u2013 b\u00fct\u00fcn bunlar m\u0259qs\u0259dy\u00f6nl\u00fc \u015f\u0259kild\u0259 apar\u0131lan siyas\u0259tin t\u0259rkib hiss\u0259sidir.\u00a0Az\u0259rbaycan o\u011fullar\u0131 Erm\u0259nistan\u0131 d\u00f6y\u00fc\u015f meydan\u0131nda m\u0259hv etdi. Erm\u0259nil\u0259rin uzun ill\u0259r \u00f6z ordusu haqq\u0131nda yalan m\u0259lumat yayaraq mif yaratm\u0131\u015fd\u0131lar. Guya Erm\u0259nistan ordusu yenilm\u0259z ordudur. C\u0259mi 44 g\u00fcn \u0259rzind\u0259 Erm\u0259nistan ordusu m\u0259hv edildi, h\u0259rbi texnikas\u0131 m\u0259hv edildi, canl\u0131 q\u00fcvv\u0259si m\u0259hv edildi v\u0259 bununla da Az\u0259rbaycan \u00f6z g\u00fcc\u00fcn\u00fc, \u00f6z q\u00fcdr\u0259tini g\u00f6st\u0259rdi.<\/p>\n<p>44 g\u00fcnl\u00fck u\u011furlu \u0259ks-h\u00fccum \u0259m\u0259liyyat\u0131 n\u0259tic\u0259sind\u0259 5 \u015f\u0259h\u0259r, 4 q\u0259s\u0259b\u0259 v\u0259 286 k\u0259nd i\u015f\u011faldan azad edildi. C\u0259bray\u0131l \u015f\u0259h\u0259ri v\u0259 rayonun 90 k\u0259ndi, F\u00fczuli \u015f\u0259h\u0259ri v\u0259 rayonun 53 k\u0259ndi, Z\u0259ngilan \u015f\u0259h\u0259ri, rayonun Mincivan, A\u011fb\u0259nd, Bartaz q\u0259s\u0259b\u0259l\u0259ri v\u0259 52 k\u0259ndi, Xocav\u0259nd rayonunun Hadrut q\u0259s\u0259b\u0259si v\u0259 35 k\u0259ndi, T\u0259rt\u0259r rayonunun 3 k\u0259ndi, Qubadl\u0131 \u015f\u0259h\u0259ri v\u0259 rayonun 41 k\u0259ndi, Xocal\u0131 rayonunun 9 k\u0259ndi, \u015eu\u015fa \u015f\u0259h\u0259ri, Lac\u0327\u0131n rayonunun 3 k\u0259ndi, h\u0259m\u00e7inin A\u011fd\u0259r\u0259 v\u0259 Murovda\u011f istiqam\u0259tl\u0259rind\u0259 bir ne\u00e7\u0259 strateji y\u00fcks\u0259kliyi, Z\u0259ngilanda is\u0259 Bartaz, S\u0131g\u0306\u0131rt, S\u0327u\u0308ku\u0308rataz y\u00fcks\u0259kl\u0259ri v\u0259 daha 5 ads\u0131z y\u00fcks\u0259klik azad olundu.<\/p>\n<p>Az\u0259rbaycan xalq\u0131 Q\u0259l\u0259b\u0259ni 30 il\u0259 yax\u0131n m\u00fcdd\u0259td\u0259 Ali Ba\u015f Komandan\u0131n \u0259mrini g\u00f6zl\u0259yirdi. M\u00fcharib\u0259 d\u00f6vr\u00fcnd\u0259 xalq \u00f6z d\u0259mir yumru\u011funu, birliyini v\u0259 g\u00fcc\u00fcn\u00fc n\u00fcmayi\u015f etdir\u0259 bildi.\u00a0Az\u0259rbaycan \u0259sg\u0259ri b\u00f6y\u00fck q\u0259hr\u0259manl\u0131q, \u015f\u00fcca\u0259t g\u00f6st\u0259rdi, V\u0259t\u0259n u\u011frunda \u015f\u0259r\u0259fl\u0259 vuru\u015fub \u00f6z ad\u0131n\u0131 Az\u0259rbaycan tarixin\u0259 yazd\u0131.\u00a0Az\u0259rbaycan Ordusu s\u00fcbut etdi ki,\u00a0Qaraba\u011f Az\u0259rbaycan\u0131n \u0259b\u0259di q\u00fcrurudur! Qaraba\u011f u\u011frunda can\u0131ndan ke\u00e7\u0259n q\u0259hr\u0259manlar\u0131m\u0131z bu z\u0259f\u0259rl\u0259 qalib mill\u0259t obraz\u0131n\u0131 tamamlad\u0131lar. Qaraba\u011f T\u00fcrk d\u00fcnyas\u0131n\u0131n z\u0259f\u0259r yadda\u015f\u0131d\u0131r. QARABA\u011e AZ\u018fRBAYCANDIR!<\/p>\n<p><strong>\u0130lqar \u0130lyasov,<\/strong><br \/>\n<em>YAP La\u00e7\u0131n rayon t\u0259\u015fkilat\u0131n\u0131n s\u0259dri<\/em><\/p>\n","protected":false},"excerpt":{"rendered":"<p>\u00d6t\u0259n \u0259srin sonlar\u0131nda\u00a0Erm\u0259nistan Az\u0259rbaycan\u0131n tarixi torpaqlar\u0131na \u0259razi iddialar\u0131\u00a0ir\u0259li s\u00fcrd\u00fc\u00a0v\u0259 \u00f6lk\u0259miz\u0259 qar\u015f\u0131 h\u0259rbi t\u0259cav\u00fcz\u0259\u00a0ba\u015flad\u0131. H\u0259min d\u00f6vrd\u0259 Az\u0259rbaycanda h\u00f6km s\u00fcr\u0259n h\u0259rc-m\u0259rclikd\u0259n istifad\u0259 ed\u0259n Erm\u0259nistan torpaqlar\u0131m\u0131z\u0131n 20 faizini\u00a0i\u015f\u011fal etdi, Erm\u0259nistan\u0131n h\u0259yata ke\u00e7irdiyi etnik t\u0259mizl\u0259m\u0259 siyas\u0259ti n\u0259tic\u0259sind\u0259 1 milyondan art\u0131q az\u0259rbaycanl\u0131 \u00f6z do\u011fma yurd-yuvas\u0131ndan did\u0259rgin d\u00fc\u015fd\u00fc.\u00a0Az\u0259rbaycana qar\u015f\u0131 h\u0259rbi t\u0259cav\u00fcz\u00fcn n\u0259tic\u0259l\u0259rinin aradan qald\u0131r\u0131lmas\u0131 v\u0259 BMT T\u0259hl\u00fck\u0259sizlik \u015euras\u0131n\u0131n 822, 853, 874 v\u0259 884 sayl\u0131 q\u0259tnam\u0259l\u0259rinin h\u0259yata ke\u00e7irilm\u0259si \u00fczr\u0259 30 il\u0259 yax\u0131n davam ed\u0259n dan\u0131\u015f\u0131qlar prosesi Erm\u0259nistan\u0131n destruktiv m\u00f6vqeyin\u0259 g\u00f6r\u0259 n\u0259tic\u0259 verm\u0259di. 2019-cu ild\u0259n etibar\u0259n is\u0259 Erm\u0259nistan h\u0259rbi-siyasi r\u0259hb\u0259rliyinin bir-birinin ard\u0131nca verdiyi t\u0259xribat\u00e7\u0131 b\u0259yanatlar v\u0259 atd\u0131\u011f\u0131 add\u0131mlar&hellip;<\/p>\n","protected":false},"author":2,"featured_media":400402,"comment_status":"closed","ping_status":"closed","sticky":false,"template":"","format":"standard","meta":{"om_disable_all_campaigns":false,"_monsterinsights_skip_tracking":false,"_monsterinsights_sitenote_active":false,"_monsterinsights_sitenote_note":"","_monsterinsights_sitenote_category":0},"categories":[4],"tags":[],"aioseo_notices":[],"gutentor_comment":0,"rttpg_featured_image_url":{"full":["https:\/\/arantv.az\/wp-content\/uploads\/2021\/11\/76383b3416361284566017112161061646.jpg",975,540,false],"landscape":["https:\/\/arantv.az\/wp-content\/uploads\/2021\/11\/76383b3416361284566017112161061646.jpg",975,540,false],"portraits":["https:\/\/arantv.az\/wp-content\/uploads\/2021\/11\/76383b3416361284566017112161061646.jpg",975,540,false],"thumbnail":["https:\/\/arantv.az\/wp-content\/uploads\/2021\/11\/76383b3416361284566017112161061646-500x280.jpg",500,280,true],"medium":["https:\/\/arantv.az\/wp-content\/uploads\/2021\/11\/76383b3416361284566017112161061646-660x365.jpg",660,365,true],"large":["https:\/\/arantv.az\/wp-content\/uploads\/2021\/11\/76383b3416361284566017112161061646-840x465.jpg",640,354,true],"1536x1536":["https:\/\/arantv.az\/wp-content\/uploads\/2021\/11\/76383b3416361284566017112161061646.jpg",975,540,false],"2048x2048":["https:\/\/arantv.az\/wp-content\/uploads\/2021\/11\/76383b3416361284566017112161061646.jpg",975,540,false],"post-thumbnail":["https:\/\/arantv.az\/wp-content\/uploads\/2021\/11\/76383b3416361284566017112161061646-240x172.jpg",240,172,true],"advps-thumb-one":["https:\/\/arantv.az\/wp-content\/uploads\/2021\/11\/76383b3416361284566017112161061646.jpg",975,540,false]},"rttpg_author":{"display_name":"V\u00fcsal Rafiqo\u011flu","author_link":"https:\/\/arantv.az\/?author=2"},"rttpg_comment":0,"rttpg_category":"<a href=\"https:\/\/arantv.az\/?cat=4\" rel=\"category\">Siyas\u0259t<\/a>","rttpg_excerpt":"\u00d6t\u0259n \u0259srin sonlar\u0131nda\u00a0Erm\u0259nistan Az\u0259rbaycan\u0131n tarixi torpaqlar\u0131na \u0259razi iddialar\u0131\u00a0ir\u0259li s\u00fcrd\u00fc\u00a0v\u0259 \u00f6lk\u0259miz\u0259 qar\u015f\u0131 h\u0259rbi t\u0259cav\u00fcz\u0259\u00a0ba\u015flad\u0131. H\u0259min d\u00f6vrd\u0259 Az\u0259rbaycanda h\u00f6km s\u00fcr\u0259n h\u0259rc-m\u0259rclikd\u0259n istifad\u0259 ed\u0259n Erm\u0259nistan torpaqlar\u0131m\u0131z\u0131n 20 faizini\u00a0i\u015f\u011fal etdi, Erm\u0259nistan\u0131n h\u0259yata ke\u00e7irdiyi etnik t\u0259mizl\u0259m\u0259 siyas\u0259ti n\u0259tic\u0259sind\u0259 1 milyondan art\u0131q az\u0259rbaycanl\u0131 \u00f6z do\u011fma yurd-yuvas\u0131ndan did\u0259rgin d\u00fc\u015fd\u00fc.\u00a0Az\u0259rbaycana qar\u015f\u0131 h\u0259rbi t\u0259cav\u00fcz\u00fcn n\u0259tic\u0259l\u0259rinin aradan qald\u0131r\u0131lmas\u0131 v\u0259 BMT T\u0259hl\u00fck\u0259sizlik \u015euras\u0131n\u0131n 822, 853, 874&hellip;","_links":{"self":[{"href":"https:\/\/arantv.az\/index.php?rest_route=\/wp\/v2\/posts\/400401"}],"collection":[{"href":"https:\/\/arantv.az\/index.php?rest_route=\/wp\/v2\/posts"}],"about":[{"href":"https:\/\/arantv.az\/index.php?rest_route=\/wp\/v2\/types\/post"}],"author":[{"embeddable":true,"href":"https:\/\/arantv.az\/index.php?rest_route=\/wp\/v2\/users\/2"}],"replies":[{"embeddable":true,"href":"https:\/\/arantv.az\/index.php?rest_route=%2Fwp%2Fv2%2Fcomments&post=400401"}],"version-history":[{"count":0,"href":"https:\/\/arantv.az\/index.php?rest_route=\/wp\/v2\/posts\/400401\/revisions"}],"wp:featuredmedia":[{"embeddable":true,"href":"https:\/\/arantv.az\/index.php?rest_route=\/wp\/v2\/media\/400402"}],"wp:attachment":[{"href":"https:\/\/arantv.az\/index.php?rest_route=%2Fwp%2Fv2%2Fmedia&parent=400401"}],"wp:term":[{"taxonomy":"category","embeddable":true,"href":"https:\/\/arantv.az\/index.php?rest_route=%2Fwp%2Fv2%2Fcategories&post=400401"},{"taxonomy":"post_tag","embeddable":true,"href":"https:\/\/arantv.az\/index.php?rest_route=%2Fwp%2Fv2%2Ftags&post=400401"}],"curies":[{"name":"wp","href":"https:\/\/api.w.org\/{rel}","templated":true}]}}