{"id":400408,"date":"2021-11-05T20:44:44","date_gmt":"2021-11-05T17:44:44","guid":{"rendered":"http:\/\/arantv.az\/?p=400408"},"modified":"2021-11-05T20:44:44","modified_gmt":"2021-11-05T17:44:44","slug":"z%c9%99f%c9%99r-s%c9%99nin-adindir-az%c9%99rbaycan-%c9%99sg%c9%99ri","status":"publish","type":"post","link":"https:\/\/arantv.az\/?p=400408","title":{"rendered":"Z\u0259f\u0259r s\u0259nin ad\u0131nd\u0131r, Az\u0259rbaycan \u0259sg\u0259ri!"},"content":{"rendered":"<p>Bir g\u00f6z\u00fcm\u00fczl\u0259 g\u00fcls\u0259k d\u0259 bir g\u00f6z\u00fcm\u00fczl\u0259 h\u0259r zaman a\u011flam\u0131\u015f\u0131q. \u201cV\u0259t\u0259n\u201d dey\u0259-dey\u0259 ill\u0259rl\u0259 \u00fcr\u0259yimiz\u0259 qara qanlar ax\u0131tm\u0131\u015f\u0131q. \u0130ll\u0259rl\u0259 dilimizd\u0259n d\u00fc\u015fm\u0259y\u0259n arzu, x\u0259yal, ist\u0259k\u2026 \u0130ll\u0259rdir h\u0259r s\u00f6z\u00fcm\u00fcz\u00fcn, s\u00f6hb\u0259timizin \u0259vv\u0259li, sonu Qaraba\u011f\u2026 \u0130ll\u0259rdir h\u0259sr\u0259tind\u0259 oldu\u011fumuz, xiff\u0259tini \u00e7\u0259kdiyimiz ata-baba torpaqlar\u0131na B\u00f6y\u00fck Qay\u0131d\u0131\u015f\u0131n arzusu il\u0259 ya\u015fam\u0131\u015f\u0131q. \u0130ll\u0259rdir h\u0259r duam\u0131z\u0131n i\u00e7ind\u0259 q\u0259l\u0259b\u0259 arzusu&#8230; N\u0259hay\u0259t, yuxuda g\u00f6rm\u0259yi bel\u0259 xo\u015fb\u0259xtlik hesab etdiyimiz arzumuz ger\u00e7\u0259kl\u0259\u015fdi.<\/p>\n<p>\u00d6t\u0259n il sentyabr\u0131n 27-d\u0259 Erm\u0259nistan\u0131n n\u00f6vb\u0259ti h\u0259rbi t\u0259xribat\u0131, b\u00fct\u00fcn c\u0259bh\u0259boyu \u0259razil\u0259rd\u0259 h\u00fccuma ke\u00e7m\u0259si v\u0259 birba\u015fa m\u00fclki \u0259halini h\u0259d\u0259f\u0259 almas\u0131 n\u0259tic\u0259sind\u0259 Az\u0259rbaycan Ordusu V\u0259t\u0259n u\u011frunda \u00f6l\u00fcm-dirim sava\u015f\u0131na qalxd\u0131. M\u00fcharib\u0259nin ilk g\u00fcnl\u0259rind\u0259n d\u00fc\u015fm\u0259nin \u00f6n m\u00fcdafi\u0259 x\u0259ttinin yar\u0131lmas\u0131, q\u0131sa zamanda bir ne\u00e7\u0259 k\u0259nd v\u0259 strateji \u0259h\u0259miyy\u0259tli y\u00fcks\u0259klikl\u0259rin i\u015f\u011faldan azad edilm\u0259si xalq\u0131m\u0131z\u0131n q\u0259l\u0259b\u0259 ovqat\u0131n\u0131 daha da art\u0131rd\u0131. B\u00fct\u00fcn xalq \u00f6z r\u0259hb\u0259ri \u0259traf\u0131nda d\u0259mir yumruq kimi s\u0131x birl\u0259\u015fdi. Minl\u0259rl\u0259 igid v\u0259t\u0259nda\u015flar\u0131m\u0131z m\u0259nfur d\u00fc\u015fm\u0259nl\u0259 vuru\u015fmaq \u00fc\u00e7\u00fcn h\u0259rbi s\u0259f\u0259rb\u0259rlik \u015f\u00f6b\u0259l\u0259rin\u0259 ax\u0131\u015fd\u0131. H\u0259r k\u0259s orduya maddi v\u0259 m\u0259n\u0259vi d\u0259st\u0259k g\u00f6st\u0259rm\u0259y\u0259 ba\u015flad\u0131. Q\u0259l\u0259b\u0259y\u0259 do\u011fru inamla ir\u0259lil\u0259y\u0259n q\u0259hr\u0259man \u0259sg\u0259rl\u0259rimiz d\u00fc\u015fm\u0259nin i\u015f\u011fal olunmu\u015f torpaqlar\u0131m\u0131zdak\u0131 h\u0259rbi hiss\u0259l\u0259rini, d\u00f6y\u00fc\u015f texnikalar\u0131n\u0131, infrastrukturunu, canl\u0131 q\u00fcvv\u0259sini, c\u0259bh\u0259nin d\u0259rinliyind\u0259ki at\u0259\u015f n\u00f6qt\u0259l\u0259rini, bazalar\u0131n\u0131 darmada\u011f\u0131n ed\u0259r\u0259k s\u00fcr\u0259tl\u0259 k\u0259ndl\u0259rimizi, q\u0259s\u0259b\u0259l\u0259rimizi, \u015f\u0259h\u0259rl\u0259rimizi, strateji y\u00fcks\u0259klikl\u0259ri i\u015f\u011faldan azad etdi.<\/p>\n<p>M\u00fcz\u0259ff\u0259r Ali Ba\u015f Komandan\u0131n q\u0259tiyy\u0259tli m\u00f6vqeyi, Az\u0259rbaycan \u0259sg\u0259rinin r\u0259\u015fad\u0259ti, \u015f\u00fcca\u0259ti, xalq\u0131m\u0131z\u0131n birliyi, h\u0259mr\u0259yliyi n\u0259tic\u0259sind\u0259 d\u00fc\u015fm\u0259nin m\u00fcqavim\u0259ti q\u0131r\u0131ld\u0131 v\u0259 8 Noyabr \u015fanl\u0131 tariximiz\u0259 Z\u0259f\u0259r G\u00fcn\u00fc kimi yaz\u0131ld\u0131. Uzun ill\u0259rd\u0259n sonra do\u011fma torpaqlar\u0131m\u0131zda yenid\u0259n \u00fc\u00e7r\u0259ngli bayra\u011f\u0131m\u0131z ucald\u0131ld\u0131. H\u0259r k\u0259s m\u00fcq\u0259dd\u0259s \u00fc\u00e7r\u0259ngli bayra\u011f\u0131m\u0131za b\u00fcr\u00fcn\u0259r\u0259k k\u00fc\u00e7\u0259l\u0259r\u0259 ax\u0131\u015fd\u0131, sevincini bir-biril\u0259 b\u00f6l\u00fc\u015fd\u00fc. \u015e\u0259h\u0259rl\u0259r, k\u0259ndl\u0259r, q\u0259s\u0259b\u0259l\u0259r bayram sevinci il\u0259 Z\u0259f\u0259r G\u00fcn\u00fcn\u00fc qeyd etdi. V\u0259 budur, \u015fanl\u0131 Q\u0259l\u0259b\u0259mizin bir ili tamam olur.<\/p>\n<p>Z\u0259f\u0259r\u0259 ged\u0259n bu yol q\u0131sa olsa da, bu 44 g\u00fcn\u00fcn h\u0259r g\u00fcn\u00fc biz\u0259 bir \u00f6m\u00fcr kimi g\u0259ldi. H\u0259r g\u00fcn\u00fc yeni, xo\u015f x\u0259b\u0259rl\u0259r g\u00f6zl\u0259y\u0259r\u0259k, h\u0259sr\u0259tl\u0259 ba\u015fa vurduq. Ald\u0131\u011f\u0131m\u0131z h\u0259r xo\u015f x\u0259b\u0259r biz\u0259 d\u00fcnyan\u0131 b\u0259x\u015f ed\u0259rk\u0259n, h\u0259r ac\u0131 x\u0259b\u0259r \u00fcr\u0259yimiz\u0259 x\u0259nc\u0259r kimi sanc\u0131ld\u0131. \u015e\u0259hid analar\u0131n\u0131n f\u0259ryad\u0131, g\u00f6z\u00fc ya\u015fl\u0131 k\u00f6rp\u0259l\u0259rin \u00fcr\u0259k da\u011flayan s\u0259si d\u00fc\u015fm\u0259n\u0259 olan nifr\u0259timizi, intiqam hissini bir\u0259 on art\u0131rd\u0131. A\u011fr\u0131-ac\u0131s\u0131 uzun olan bu q\u0131sa m\u00fcharib\u0259 d\u00fcnya h\u0259rb tarixin\u0259 misli g\u00f6r\u00fcnm\u0259mi\u015f sava\u015f kimi d\u00fc\u015fd\u00fc. Az\u0259rbaycan Ordusu g\u00fcc\u00fcn\u00fc, Az\u0259rbaycan xalq\u0131n\u0131n q\u00fcdr\u0259tini b\u0259\u015f\u0259riyy\u0259t\u0259 s\u00fcbut etdi. Bizim bu haqq sava\u015f\u0131m\u0131z Az\u0259rbaycan tarixin\u0259 q\u0131z\u0131l h\u0259rfl\u0259rl\u0259 \u0259b\u0259di yaz\u0131ld\u0131.<\/p>\n<p>Bu yurd sava\u015f\u0131nda Az\u0259rbaycan\u0131n yenilm\u0259z qarda\u015f\u0131 T\u00fcrkiy\u0259 daim xalq\u0131m\u0131z\u0131n yan\u0131nda oldu. H\u0259m siyasi, h\u0259m d\u0259 m\u0259n\u0259vi d\u0259st\u0259yini bizd\u0259n \u0259sirg\u0259m\u0259y\u0259n can qarda\u015f\u0131m\u0131z T\u00fcrkiy\u0259 bir daha t\u00fcrk\u00fcn t\u00fcrkd\u0259n ba\u015fqa dostu olmad\u0131\u011f\u0131n\u0131 d\u00fcnyaya s\u00fcbut etm\u0259kd\u0259 biz\u0259 yard\u0131m\u00e7\u0131 oldu.<\/p>\n<p>\u201c\u015eu\u015fas\u0131z Qaraba\u011f, Qaraba\u011fs\u0131z \u015eu\u015fa yoxdur\u201d dey\u0259n ulu \u00f6nd\u0259r Heyd\u0259r \u018fliyevin arzusu realla\u015fd\u0131. B\u00f6y\u00fck Q\u0259l\u0259b\u0259ni al qan\u0131 il\u0259 yazan \u015f\u0259hidl\u0259rimizin intiqam\u0131n\u0131n al\u0131nmas\u0131 il\u0259 \u0259ld\u0259 edil\u0259n Z\u0259f\u0259ri, qalibiyy\u0259ti Az\u0259rbaycan xalq\u0131na b\u0259x\u015f etm\u0259kl\u0259 Ali Ba\u015f Komandan\u0131m\u0131z xalqa \u0259srin sevincini ya\u015fatd\u0131.<\/p>\n<p>Az\u0259rbaycan \u0259sg\u0259ri! Bu s\u00f6z nec\u0259 d\u0259 iftixarla s\u0259sl\u0259nir! Bu s\u0259sl\u0259ni\u015fd\u0259 bir q\u00fcrur var, z\u0259f\u0259r var, qalibiyy\u0259t var. Z\u0259f\u0259r s\u0259nin ad\u0131nd\u0131r, Az\u0259rbaycan \u0259sg\u0259ri! Tarix boyu s\u0259nin ad\u0131n h\u0259r yerd\u0259 h\u00f6rm\u0259t v\u0259 izz\u0259tl\u0259 \u00e7\u0259kilib. Bu g\u00fcn\u0259 q\u0259d\u0259r s\u0259nin \u015f\u0259nin\u0259 y\u00fczl\u0259rl\u0259 \u0259s\u0259rl\u0259r yaz\u0131l\u0131b, mahn\u0131lar b\u0259st\u0259l\u0259nib, abid\u0259l\u0259r ucald\u0131l\u0131b. Az\u0259rbacan \u0259sg\u0259ri, s\u0259nin q\u0259hr\u0259manl\u0131\u011f\u0131n bundan sonra da h\u0259r zaman v\u0259sf olunacaq, ad\u0131n dill\u0259r\u0259 dastan olacaq.<\/p>\n<p><strong>P\u0259rviz Babayev,<\/strong><\/p>\n<p><em>Bak\u0131 \u015f\u0259h\u0259ri N\u0259simi rayonu icra \u015f\u00f6b\u0259sinin\u00a0icra m\u0259muru, I d\u0259r\u0259c\u0259li \u0259dliyy\u0259 qulluq\u00e7usu<\/em><\/p>\n","protected":false},"excerpt":{"rendered":"<p>Bir g\u00f6z\u00fcm\u00fczl\u0259 g\u00fcls\u0259k d\u0259 bir g\u00f6z\u00fcm\u00fczl\u0259 h\u0259r zaman a\u011flam\u0131\u015f\u0131q. \u201cV\u0259t\u0259n\u201d dey\u0259-dey\u0259 ill\u0259rl\u0259 \u00fcr\u0259yimiz\u0259 qara qanlar ax\u0131tm\u0131\u015f\u0131q. \u0130ll\u0259rl\u0259 dilimizd\u0259n d\u00fc\u015fm\u0259y\u0259n arzu, x\u0259yal, ist\u0259k\u2026 \u0130ll\u0259rdir h\u0259r s\u00f6z\u00fcm\u00fcz\u00fcn, s\u00f6hb\u0259timizin \u0259vv\u0259li, sonu Qaraba\u011f\u2026 \u0130ll\u0259rdir h\u0259sr\u0259tind\u0259 oldu\u011fumuz, xiff\u0259tini \u00e7\u0259kdiyimiz ata-baba torpaqlar\u0131na B\u00f6y\u00fck Qay\u0131d\u0131\u015f\u0131n arzusu il\u0259 ya\u015fam\u0131\u015f\u0131q. \u0130ll\u0259rdir h\u0259r duam\u0131z\u0131n i\u00e7ind\u0259 q\u0259l\u0259b\u0259 arzusu&#8230; N\u0259hay\u0259t, yuxuda g\u00f6rm\u0259yi bel\u0259 xo\u015fb\u0259xtlik hesab etdiyimiz arzumuz ger\u00e7\u0259kl\u0259\u015fdi. \u00d6t\u0259n il sentyabr\u0131n 27-d\u0259 Erm\u0259nistan\u0131n n\u00f6vb\u0259ti h\u0259rbi t\u0259xribat\u0131, b\u00fct\u00fcn c\u0259bh\u0259boyu \u0259razil\u0259rd\u0259 h\u00fccuma ke\u00e7m\u0259si v\u0259 birba\u015fa m\u00fclki \u0259halini h\u0259d\u0259f\u0259 almas\u0131 n\u0259tic\u0259sind\u0259 Az\u0259rbaycan Ordusu V\u0259t\u0259n u\u011frunda \u00f6l\u00fcm-dirim sava\u015f\u0131na qalxd\u0131. M\u00fcharib\u0259nin ilk g\u00fcnl\u0259rind\u0259n d\u00fc\u015fm\u0259nin \u00f6n m\u00fcdafi\u0259 x\u0259ttinin&hellip;<\/p>\n","protected":false},"author":2,"featured_media":400410,"comment_status":"closed","ping_status":"closed","sticky":false,"template":"","format":"standard","meta":{"om_disable_all_campaigns":false,"_monsterinsights_skip_tracking":false,"_monsterinsights_sitenote_active":false,"_monsterinsights_sitenote_note":"","_monsterinsights_sitenote_category":0},"categories":[26],"tags":[],"aioseo_notices":[],"gutentor_comment":0,"rttpg_featured_image_url":{"full":["https:\/\/arantv.az\/wp-content\/uploads\/2021\/11\/6f8805c8163005985851731221710909192-1.jpg",975,540,false],"landscape":["https:\/\/arantv.az\/wp-content\/uploads\/2021\/11\/6f8805c8163005985851731221710909192-1.jpg",975,540,false],"portraits":["https:\/\/arantv.az\/wp-content\/uploads\/2021\/11\/6f8805c8163005985851731221710909192-1.jpg",975,540,false],"thumbnail":["https:\/\/arantv.az\/wp-content\/uploads\/2021\/11\/6f8805c8163005985851731221710909192-1-500x280.jpg",500,280,true],"medium":["https:\/\/arantv.az\/wp-content\/uploads\/2021\/11\/6f8805c8163005985851731221710909192-1-660x365.jpg",660,365,true],"large":["https:\/\/arantv.az\/wp-content\/uploads\/2021\/11\/6f8805c8163005985851731221710909192-1-840x465.jpg",640,354,true],"1536x1536":["https:\/\/arantv.az\/wp-content\/uploads\/2021\/11\/6f8805c8163005985851731221710909192-1.jpg",975,540,false],"2048x2048":["https:\/\/arantv.az\/wp-content\/uploads\/2021\/11\/6f8805c8163005985851731221710909192-1.jpg",975,540,false],"post-thumbnail":["https:\/\/arantv.az\/wp-content\/uploads\/2021\/11\/6f8805c8163005985851731221710909192-1-240x172.jpg",240,172,true],"advps-thumb-one":["https:\/\/arantv.az\/wp-content\/uploads\/2021\/11\/6f8805c8163005985851731221710909192-1.jpg",975,540,false]},"rttpg_author":{"display_name":"V\u00fcsal Rafiqo\u011flu","author_link":"https:\/\/arantv.az\/?author=2"},"rttpg_comment":0,"rttpg_category":"<a href=\"https:\/\/arantv.az\/?cat=26\" rel=\"category\">Sosial<\/a>","rttpg_excerpt":"Bir g\u00f6z\u00fcm\u00fczl\u0259 g\u00fcls\u0259k d\u0259 bir g\u00f6z\u00fcm\u00fczl\u0259 h\u0259r zaman a\u011flam\u0131\u015f\u0131q. \u201cV\u0259t\u0259n\u201d dey\u0259-dey\u0259 ill\u0259rl\u0259 \u00fcr\u0259yimiz\u0259 qara qanlar ax\u0131tm\u0131\u015f\u0131q. \u0130ll\u0259rl\u0259 dilimizd\u0259n d\u00fc\u015fm\u0259y\u0259n arzu, x\u0259yal, ist\u0259k\u2026 \u0130ll\u0259rdir h\u0259r s\u00f6z\u00fcm\u00fcz\u00fcn, s\u00f6hb\u0259timizin \u0259vv\u0259li, sonu Qaraba\u011f\u2026 \u0130ll\u0259rdir h\u0259sr\u0259tind\u0259 oldu\u011fumuz, xiff\u0259tini \u00e7\u0259kdiyimiz ata-baba torpaqlar\u0131na B\u00f6y\u00fck Qay\u0131d\u0131\u015f\u0131n arzusu il\u0259 ya\u015fam\u0131\u015f\u0131q. \u0130ll\u0259rdir h\u0259r duam\u0131z\u0131n i\u00e7ind\u0259 q\u0259l\u0259b\u0259 arzusu&#8230; N\u0259hay\u0259t, yuxuda g\u00f6rm\u0259yi bel\u0259 xo\u015fb\u0259xtlik hesab etdiyimiz arzumuz&hellip;","_links":{"self":[{"href":"https:\/\/arantv.az\/index.php?rest_route=\/wp\/v2\/posts\/400408"}],"collection":[{"href":"https:\/\/arantv.az\/index.php?rest_route=\/wp\/v2\/posts"}],"about":[{"href":"https:\/\/arantv.az\/index.php?rest_route=\/wp\/v2\/types\/post"}],"author":[{"embeddable":true,"href":"https:\/\/arantv.az\/index.php?rest_route=\/wp\/v2\/users\/2"}],"replies":[{"embeddable":true,"href":"https:\/\/arantv.az\/index.php?rest_route=%2Fwp%2Fv2%2Fcomments&post=400408"}],"version-history":[{"count":0,"href":"https:\/\/arantv.az\/index.php?rest_route=\/wp\/v2\/posts\/400408\/revisions"}],"wp:featuredmedia":[{"embeddable":true,"href":"https:\/\/arantv.az\/index.php?rest_route=\/wp\/v2\/media\/400410"}],"wp:attachment":[{"href":"https:\/\/arantv.az\/index.php?rest_route=%2Fwp%2Fv2%2Fmedia&parent=400408"}],"wp:term":[{"taxonomy":"category","embeddable":true,"href":"https:\/\/arantv.az\/index.php?rest_route=%2Fwp%2Fv2%2Fcategories&post=400408"},{"taxonomy":"post_tag","embeddable":true,"href":"https:\/\/arantv.az\/index.php?rest_route=%2Fwp%2Fv2%2Ftags&post=400408"}],"curies":[{"name":"wp","href":"https:\/\/api.w.org\/{rel}","templated":true}]}}