{"id":400412,"date":"2021-11-05T20:49:55","date_gmt":"2021-11-05T17:49:55","guid":{"rendered":"http:\/\/arantv.az\/?p=400412"},"modified":"2021-11-05T20:49:55","modified_gmt":"2021-11-05T17:49:55","slug":"q%c9%99hr%c9%99man-s%c9%99hidimiz-samil-huseynli-v%c9%99t%c9%99n-muharib%c9%99sind%c9%99-boyuk-f%c9%99dakarliq-gost%c9%99rib-video","status":"publish","type":"post","link":"https:\/\/arantv.az\/?p=400412","title":{"rendered":"Q\u0259hr\u0259man \u015f\u0259hidimiz \u015eamil H\u00fcseynli V\u0259t\u0259n m\u00fcharib\u0259sind\u0259 b\u00f6y\u00fck f\u0259dakarl\u0131q g\u00f6st\u0259rib &#8211; V\u0130DEO"},"content":{"rendered":"<div class=\"article_text\">\n<p><strong>\u0130\u015f\u011fal alt\u0131ndak\u0131 torpaqlar\u0131m\u0131z\u0131n azad edilm\u0259sind\u0259 can\u0131ndan ke\u00e7\u0259n q\u0259hr\u0259manlar\u0131m\u0131zdan biri d\u0259 \u0130mi\u015fli sakini \u015eamil H\u00fcseynlidir.<\/strong><\/p>\n<p><strong>ARANTV.AZ<\/strong> X\u0259z\u0259r TV-y\u0259 istinad\u0259n x\u0259b\u0259r verir ki, \u015eamil H\u00fcseynli 1993-c\u00fc il yanvar\u0131n 8-d\u0259 rayonun C\u0259f\u0259rli k\u0259ndind\u0259n anadan olub.<\/p>\n<p>Orta t\u0259hsilini ba\u015fa vuduqdan sonra \u015eamil h\u0259rbi xidm\u0259t\u0259 yollan\u0131b. 44 g\u00fcnl\u00fck V\u0259t\u0259n m\u00fcharib\u0259sin\u0259 k\u00f6n\u00fcll\u00fc qat\u0131lan \u015eamil H\u00fcseynli d\u00fc\u015fm\u0259nin canl\u0131 q\u00fcvv\u0259 v\u0259 texnikas\u0131n\u0131n m\u0259hv edilm\u0259sind\u0259 i\u015ftirak edib.<\/p>\n<p>C\u0259bray\u0131l v\u0259 Qubadl\u0131 rayonlar\u0131n\u0131n azadl\u0131\u011f\u0131 u\u011frunda d\u00f6y\u00fc\u015fl\u0259rd\u0259 i\u015ftirak ed\u0259n q\u0259hr\u0259man\u0131m\u0131z \u00f6t\u0259n il noyabr\u0131n 3-d\u0259 \u015f\u0259had\u0259t\u0259 ucal\u0131b.<\/p>\n<p>Q\u0259hr\u0259man \u015f\u0259hidimiz \u00f6l\u00fcm\u00fcnd\u0259n sonra &#8220;V\u0259t\u0259n u\u011frunda&#8221;, &#8220;C\u0259sur d\u00f6y\u00fc\u015f\u00e7\u00fc&#8221;, &#8220;C\u0259bray\u0131l\u0131n azad olunmas\u0131na g\u00f6r\u0259&#8221; v\u0259 &#8220;Qubadl\u0131n\u0131n azad olunmas\u0131na g\u00f6r\u0259&#8221; medallar\u0131 il\u0259 t\u0259ltif edilib.<\/p>\n<div>\n<div id=\"AdviadNativeVideo0\" class=\"AdviadNativeVideo\"><\/div>\n<\/div>\n<p>M\u00f6vzu il\u0259 ba\u011fl\u0131 daha \u0259trafl\u0131 videomaterial\u0131 t\u0259qdim edirik:<\/p>\n<p>&nbsp;<\/p>\n<p><iframe loading=\"lazy\" src=\"https:\/\/daytube.az\/az\/embed\/117936\" width=\"670\" height=\"400\" frameborder=\"0\" allowfullscreen=\"allowfullscreen\" data-mce-fragment=\"1\"><\/iframe><\/p>\n<\/div>\n<p>&nbsp;<\/p>\n","protected":false},"excerpt":{"rendered":"<p>\u0130\u015f\u011fal alt\u0131ndak\u0131 torpaqlar\u0131m\u0131z\u0131n azad edilm\u0259sind\u0259 can\u0131ndan ke\u00e7\u0259n q\u0259hr\u0259manlar\u0131m\u0131zdan biri d\u0259 \u0130mi\u015fli sakini \u015eamil H\u00fcseynlidir. ARANTV.AZ X\u0259z\u0259r TV-y\u0259 istinad\u0259n x\u0259b\u0259r verir ki, \u015eamil H\u00fcseynli 1993-c\u00fc il yanvar\u0131n 8-d\u0259 rayonun C\u0259f\u0259rli k\u0259ndind\u0259n anadan olub. Orta t\u0259hsilini ba\u015fa vuduqdan sonra \u015eamil h\u0259rbi xidm\u0259t\u0259 yollan\u0131b. 44 g\u00fcnl\u00fck V\u0259t\u0259n m\u00fcharib\u0259sin\u0259 k\u00f6n\u00fcll\u00fc qat\u0131lan \u015eamil H\u00fcseynli d\u00fc\u015fm\u0259nin canl\u0131 q\u00fcvv\u0259 v\u0259 texnikas\u0131n\u0131n m\u0259hv edilm\u0259sind\u0259 i\u015ftirak edib. C\u0259bray\u0131l v\u0259 Qubadl\u0131 rayonlar\u0131n\u0131n azadl\u0131\u011f\u0131 u\u011frunda d\u00f6y\u00fc\u015fl\u0259rd\u0259 i\u015ftirak ed\u0259n q\u0259hr\u0259man\u0131m\u0131z \u00f6t\u0259n il noyabr\u0131n 3-d\u0259 \u015f\u0259had\u0259t\u0259 ucal\u0131b. Q\u0259hr\u0259man \u015f\u0259hidimiz \u00f6l\u00fcm\u00fcnd\u0259n sonra &#8220;V\u0259t\u0259n u\u011frunda&#8221;, &#8220;C\u0259sur d\u00f6y\u00fc\u015f\u00e7\u00fc&#8221;, &#8220;C\u0259bray\u0131l\u0131n azad olunmas\u0131na g\u00f6r\u0259&#8221; v\u0259 &#8220;Qubadl\u0131n\u0131n azad olunmas\u0131na&hellip;<\/p>\n","protected":false},"author":2,"featured_media":400413,"comment_status":"closed","ping_status":"closed","sticky":false,"template":"","format":"standard","meta":{"om_disable_all_campaigns":false,"_monsterinsights_skip_tracking":false,"_monsterinsights_sitenote_active":false,"_monsterinsights_sitenote_note":"","_monsterinsights_sitenote_category":0},"categories":[26],"tags":[],"aioseo_notices":[],"gutentor_comment":0,"rttpg_featured_image_url":{"full":["https:\/\/arantv.az\/wp-content\/uploads\/2021\/11\/993549.jpg",800,600,false],"landscape":["https:\/\/arantv.az\/wp-content\/uploads\/2021\/11\/993549.jpg",800,600,false],"portraits":["https:\/\/arantv.az\/wp-content\/uploads\/2021\/11\/993549.jpg",800,600,false],"thumbnail":["https:\/\/arantv.az\/wp-content\/uploads\/2021\/11\/993549-500x280.jpg",500,280,true],"medium":["https:\/\/arantv.az\/wp-content\/uploads\/2021\/11\/993549-487x365.jpg",487,365,true],"large":["https:\/\/arantv.az\/wp-content\/uploads\/2021\/11\/993549.jpg",640,480,false],"1536x1536":["https:\/\/arantv.az\/wp-content\/uploads\/2021\/11\/993549.jpg",800,600,false],"2048x2048":["https:\/\/arantv.az\/wp-content\/uploads\/2021\/11\/993549.jpg",800,600,false],"post-thumbnail":["https:\/\/arantv.az\/wp-content\/uploads\/2021\/11\/993549-240x172.jpg",240,172,true],"advps-thumb-one":["https:\/\/arantv.az\/wp-content\/uploads\/2021\/11\/993549.jpg",800,600,false]},"rttpg_author":{"display_name":"V\u00fcsal Rafiqo\u011flu","author_link":"https:\/\/arantv.az\/?author=2"},"rttpg_comment":0,"rttpg_category":"<a href=\"https:\/\/arantv.az\/?cat=26\" rel=\"category\">Sosial<\/a>","rttpg_excerpt":"\u0130\u015f\u011fal alt\u0131ndak\u0131 torpaqlar\u0131m\u0131z\u0131n azad edilm\u0259sind\u0259 can\u0131ndan ke\u00e7\u0259n q\u0259hr\u0259manlar\u0131m\u0131zdan biri d\u0259 \u0130mi\u015fli sakini \u015eamil H\u00fcseynlidir. ARANTV.AZ X\u0259z\u0259r TV-y\u0259 istinad\u0259n x\u0259b\u0259r verir ki, \u015eamil H\u00fcseynli 1993-c\u00fc il yanvar\u0131n 8-d\u0259 rayonun C\u0259f\u0259rli k\u0259ndind\u0259n anadan olub. Orta t\u0259hsilini ba\u015fa vuduqdan sonra \u015eamil h\u0259rbi xidm\u0259t\u0259 yollan\u0131b. 44 g\u00fcnl\u00fck V\u0259t\u0259n m\u00fcharib\u0259sin\u0259 k\u00f6n\u00fcll\u00fc qat\u0131lan \u015eamil H\u00fcseynli d\u00fc\u015fm\u0259nin canl\u0131 q\u00fcvv\u0259 v\u0259 texnikas\u0131n\u0131n m\u0259hv&hellip;","_links":{"self":[{"href":"https:\/\/arantv.az\/index.php?rest_route=\/wp\/v2\/posts\/400412"}],"collection":[{"href":"https:\/\/arantv.az\/index.php?rest_route=\/wp\/v2\/posts"}],"about":[{"href":"https:\/\/arantv.az\/index.php?rest_route=\/wp\/v2\/types\/post"}],"author":[{"embeddable":true,"href":"https:\/\/arantv.az\/index.php?rest_route=\/wp\/v2\/users\/2"}],"replies":[{"embeddable":true,"href":"https:\/\/arantv.az\/index.php?rest_route=%2Fwp%2Fv2%2Fcomments&post=400412"}],"version-history":[{"count":0,"href":"https:\/\/arantv.az\/index.php?rest_route=\/wp\/v2\/posts\/400412\/revisions"}],"wp:featuredmedia":[{"embeddable":true,"href":"https:\/\/arantv.az\/index.php?rest_route=\/wp\/v2\/media\/400413"}],"wp:attachment":[{"href":"https:\/\/arantv.az\/index.php?rest_route=%2Fwp%2Fv2%2Fmedia&parent=400412"}],"wp:term":[{"taxonomy":"category","embeddable":true,"href":"https:\/\/arantv.az\/index.php?rest_route=%2Fwp%2Fv2%2Fcategories&post=400412"},{"taxonomy":"post_tag","embeddable":true,"href":"https:\/\/arantv.az\/index.php?rest_route=%2Fwp%2Fv2%2Ftags&post=400412"}],"curies":[{"name":"wp","href":"https:\/\/api.w.org\/{rel}","templated":true}]}}