{"id":400415,"date":"2021-11-05T20:56:54","date_gmt":"2021-11-05T17:56:54","guid":{"rendered":"http:\/\/arantv.az\/?p=400415"},"modified":"2021-11-05T20:56:54","modified_gmt":"2021-11-05T17:56:54","slug":"z%c9%99f%c9%99r-amnistiyasi","status":"publish","type":"post","link":"https:\/\/arantv.az\/?p=400415","title":{"rendered":"\u201cZ\u0259f\u0259r\u201d amnistiyas\u0131"},"content":{"rendered":"<p><em><strong>Prezident \u0130lham \u018fliyev humanizm kimi ali d\u0259y\u0259r\u0259 sadiq qald\u0131\u011f\u0131n\u0131 n\u00f6vb\u0259ti d\u0259f\u0259 n\u00fcmayi\u015f etdirdi<\/strong><\/em><\/p>\n<p>Z\u0259f\u0259r G\u00fcn\u00fc m\u00fcnasib\u0259til\u0259 elan edil\u0259n amnistiyan\u0131n t\u0259tbiq edil\u0259c\u0259yi \u015f\u0259xsl\u0259rin say\u0131na v\u0259 \u0259hat\u0259 etdiyi cinay\u0259t m\u0259suliyy\u0259tind\u0259n v\u0259 c\u0259zadan azad etm\u0259 institutlar\u0131n\u0131n dair\u0259sin\u0259 g\u00f6r\u0259 \u0259n b\u00f6y\u00fck akt olmas\u0131 onun humanizm n\u00f6qteyi-n\u0259z\u0259rd\u0259n \u0259h\u0259miyy\u0259tind\u0259n x\u0259b\u0259r verir. S\u00f6hb\u0259t ondan gedir ki, V\u0259t\u0259n m\u00fcharib\u0259sind\u0259 qazan\u0131lm\u0131\u015f tarixi Z\u0259f\u0259rin birinci ild\u00f6n\u00fcm\u00fc il\u0259 ba\u011fl\u0131 bu tarixi Q\u0259l\u0259b\u0259nin memar\u0131 Ali Ba\u015f Komandan, Az\u0259rbaycan Respublikas\u0131n\u0131n Prezidenti \u0130lham \u018fliyev t\u0259r\u0259find\u0259n ir\u0259li s\u00fcr\u00fclm\u00fc\u015f t\u0259\u015f\u0259bb\u00fcs \u0259sas\u0131nda Milli M\u0259clisin q\u0259bul etdiyi qanun \u00fcmumilikd\u0259 16 mind\u0259n \u00e7ox \u015f\u0259xs\u0259 \u015famil edil\u0259c\u0259k.<\/p>\n<p>Amnistiya akt\u0131n\u0131n \u0259hat\u0259 dair\u0259sinin geni\u015f olmas\u0131 bir t\u0259r\u0259fd\u0259n onun \u00f6lk\u0259mizin tarixi Z\u0259f\u0259rinin ild\u00f6n\u00fcm\u00fcn\u0259 t\u0259sad\u00fcf etm\u0259si il\u0259 ba\u011fl\u0131d\u0131rsa,\u00a0\u00a0 dig\u0259r t\u0259r\u0259fd\u0259n, Az\u0259rbaycan d\u00f6vl\u0259tinin ali m\u0259qs\u0259dinin insan h\u00fcquq v\u0259 azadl\u0131qlar\u0131n\u0131n, v\u0259t\u0259nda\u015flar\u0131n daha layiqli h\u0259yat s\u0259viyy\u0259sinin t\u0259min olunmas\u0131 il\u0259 \u0259laq\u0259dard\u0131r. \u0130st\u0259nil\u0259n amnistiya akt\u0131n\u0131n humanizm\u0259 \u0259saslanmas\u0131 \u00a0bu prinsipin d\u00f6vl\u0259t siyas\u0259tinin t\u0259m\u0259lind\u0259 dayanmas\u0131 il\u0259 izah oluna bil\u0259r. N\u0259tic\u0259 etibaril\u0259 bu akt da \u00f6z\u00fcnd\u0259n \u0259vv\u0259lkil\u0259r kimi \u00a0ehtiyac\u0131 olan, eyni zamanda, islah olub faydal\u0131 \u015f\u0259xs kimi c\u0259miyy\u0259tin inki\u015faf\u0131na t\u00f6hf\u0259sini ver\u0259 bil\u0259c\u0259k insanlar\u0131n m\u0259nafeyin\u0259 xidm\u0259t edir. Prezident \u0130lham \u018fliyev m\u0259hkum h\u0259yat ya\u015fam\u0131\u015f \u015f\u0259xsl\u0259r\u0259 c\u0259miyy\u0259t\u0259 inteqrasiya olunmalar\u0131 \u00fc\u00e7\u00fcn n\u00f6vb\u0259ti \u015fans verib. Bu m\u0259nada s\u00f6z\u00fcged\u0259n humanizm akt\u0131 t\u0259kc\u0259 h\u0259min m\u0259hkumlar\u0131n \u00f6zl\u0259ri v\u0259 \u00a0ail\u0259l\u0259rin\u0259 deyil, qohumlar\u0131na v\u0259 yax\u0131nlar\u0131na verilmi\u015f ikinci \u015fansd\u0131r.<\/p>\n<p>Bu add\u0131m, h\u0259m\u00e7inin Prezident \u0130lham \u018fliyevin humanizm kimi ali d\u0259y\u0259r\u0259 sadiq qald\u0131\u011f\u0131n\u0131 n\u00f6vb\u0259ti d\u0259f\u0259 n\u00fcmayi\u015f etdirdi. Bu da t\u0259sad\u00fcfi amil deyil. Ayd\u0131n m\u0259s\u0259l\u0259dir ki, d\u00f6vl\u0259timizin ba\u015f\u00e7\u0131s\u0131 ulu \u00f6nd\u0259r Heyd\u0259r \u018fliyevin m\u00fc\u0259yy\u0259n etdiyi siyasi kursa sadiqdir v\u0259 18 ildir davam etdiril\u0259n bu siyas\u0259td\u0259 humanizm \u00e7alarlar\u0131 d\u0259f\u0259l\u0259rl\u0259 \u00f6z\u00fcn\u00fc b\u00fcruz\u0259 verib.<\/p>\n<p>Az\u0259rbaycanda siyas\u0259td\u0259 humanizm prinsipin\u0259 yer verilm\u0259si is\u0259 ulu \u00f6nd\u0259r Heyd\u0259r \u018fliyevin ad\u0131 il\u0259 ba\u011fl\u0131d\u0131r. M\u0259hz \u00fcmummilli\u00a0 lider\u00a0 Heyd\u0259r \u018fliyevin xalq\u0131n t\u0259kidli t\u0259l\u0259bi il\u0259 hakimiyy\u0259t\u0259 qay\u0131d\u0131\u015f\u0131ndan sonra Az\u0259rbaycanda demokratikl\u0259\u015fm\u0259 il\u0259 yana\u015f\u0131, c\u0259miyy\u0259timizin b\u00fct\u00f6vl\u00fcy\u00fcn\u0259 xidm\u0259t ed\u0259n humanizm \u0259n\u0259n\u0259l\u0259rinin t\u0259m\u0259li qoyulub. Bununla da h\u0259min d\u00f6vrd\u0259n ba\u015flayaraq h\u0259yata ke\u00e7irilmi\u015f humanizm siyas\u0259tinin ba\u015fl\u0131ca n\u00fcmun\u0259l\u0259rind\u0259n biri d\u0259 ulu \u00f6nd\u0259r Heyd\u0259r \u018fliyevin t\u0259\u015f\u0259bb\u00fcs\u00fc il\u0259 1993-c\u00fc ild\u0259 Az\u0259rbaycanda \u00f6l\u00fcm c\u0259zas\u0131n\u0131n icras\u0131na moratorium qoyulmas\u0131, 1998-ci ild\u0259 is\u0259 \u00f6l\u00fcm c\u0259zas\u0131n\u0131n l\u0259\u011fv edil\u0259r\u0259k c\u0259za sistemind\u0259n \u00e7\u0131xar\u0131lmas\u0131d\u0131r. M\u0259hz \u00fcmummilli lider Heyd\u0259r \u018fliyevin t\u0259\u015f\u0259bb\u00fcs\u00fc v\u0259 irad\u0259si say\u0259sind\u0259 1995-2003-c\u00fc ill\u0259rd\u0259 77 mind\u0259n \u00e7ox m\u0259hkuma \u015famil edil\u0259n 7 amnistiya v\u0259 32 \u0259fv S\u0259r\u0259ncam\u0131 verilib.\u00a0 Onlardan 21 min 325 n\u0259f\u0259ri c\u0259zas\u0131n\u0131n \u00e7\u0259kilm\u0259mi\u015f hiss\u0259sind\u0259n\u00a0 azad olunub.<\/p>\n<p>Bel\u0259likl\u0259 d\u0259 Az\u0259rbaycanda d\u00f6vl\u0259t siyas\u0259tin\u0259 humanizm prinsipinin g\u0259tirilm\u0259sinin tarixi 28 il \u0259vv\u0259l\u0259 gedib \u00e7\u0131x\u0131r. \u00d6t\u0259n m\u00fcdd\u0259t \u0259rzind\u0259 insan h\u00fcquq v\u0259 azadl\u0131qlar\u0131n\u0131n v\u0259 v\u0259t\u0259nda\u015flar\u0131n layiqli h\u0259yat s\u0259viyy\u0259sinin t\u0259min edilm\u0259sini d\u00f6vl\u0259tin ali m\u0259qs\u0259di kimi b\u0259yan ed\u0259n \u00f6lk\u0259 Konstitusiyas\u0131 il\u0259 h\u0259mah\u0259ng olan d\u00f6vl\u0259t siyas\u0259ti v\u0259 realla\u015fd\u0131r\u0131lan islahatlar \u0259dal\u0259t, qanun\u00e7uluq, h\u0259r k\u0259sin qanun v\u0259 m\u0259hk\u0259m\u0259 qar\u015f\u0131s\u0131nda b\u0259rab\u0259rliyi prinsipl\u0259ri il\u0259 yana\u015f\u0131, humanizm prinsipl\u0259rin\u0259 d\u0259 \u0259saslan\u0131r.<\/p>\n<p>Bu m\u0259nada Prezident \u0130lham \u018fliyev t\u0259r\u0259find\u0259n ir\u0259li s\u00fcr\u00fclm\u00fc\u015f t\u0259\u015f\u0259bb\u00fcs \u0259sas\u0131nda Milli M\u0259clisin q\u0259bul etdiyi amnistiya akt\u0131 Az\u0259rbaycan\u0131n humanizm prinsipl\u0259ri \u0259sas\u0131nda inki\u015faf yolu se\u00e7diyini bir daha n\u00fcmayi\u015f etdirir.<\/p>\n","protected":false},"excerpt":{"rendered":"<p>Prezident \u0130lham \u018fliyev humanizm kimi ali d\u0259y\u0259r\u0259 sadiq qald\u0131\u011f\u0131n\u0131 n\u00f6vb\u0259ti d\u0259f\u0259 n\u00fcmayi\u015f etdirdi Z\u0259f\u0259r G\u00fcn\u00fc m\u00fcnasib\u0259til\u0259 elan edil\u0259n amnistiyan\u0131n t\u0259tbiq edil\u0259c\u0259yi \u015f\u0259xsl\u0259rin say\u0131na v\u0259 \u0259hat\u0259 etdiyi cinay\u0259t m\u0259suliyy\u0259tind\u0259n v\u0259 c\u0259zadan azad etm\u0259 institutlar\u0131n\u0131n dair\u0259sin\u0259 g\u00f6r\u0259 \u0259n b\u00f6y\u00fck akt olmas\u0131 onun humanizm n\u00f6qteyi-n\u0259z\u0259rd\u0259n \u0259h\u0259miyy\u0259tind\u0259n x\u0259b\u0259r verir. S\u00f6hb\u0259t ondan gedir ki, V\u0259t\u0259n m\u00fcharib\u0259sind\u0259 qazan\u0131lm\u0131\u015f tarixi Z\u0259f\u0259rin birinci ild\u00f6n\u00fcm\u00fc il\u0259 ba\u011fl\u0131 bu tarixi Q\u0259l\u0259b\u0259nin memar\u0131 Ali Ba\u015f Komandan, Az\u0259rbaycan Respublikas\u0131n\u0131n Prezidenti \u0130lham \u018fliyev t\u0259r\u0259find\u0259n ir\u0259li s\u00fcr\u00fclm\u00fc\u015f t\u0259\u015f\u0259bb\u00fcs \u0259sas\u0131nda Milli M\u0259clisin q\u0259bul etdiyi qanun \u00fcmumilikd\u0259 16 mind\u0259n \u00e7ox \u015f\u0259xs\u0259 \u015famil edil\u0259c\u0259k. Amnistiya akt\u0131n\u0131n \u0259hat\u0259&hellip;<\/p>\n","protected":false},"author":2,"featured_media":400417,"comment_status":"closed","ping_status":"closed","sticky":false,"template":"","format":"standard","meta":{"om_disable_all_campaigns":false,"_monsterinsights_skip_tracking":false,"_monsterinsights_sitenote_active":false,"_monsterinsights_sitenote_note":"","_monsterinsights_sitenote_category":0},"categories":[4],"tags":[],"aioseo_notices":[],"gutentor_comment":0,"rttpg_featured_image_url":{"full":["https:\/\/arantv.az\/wp-content\/uploads\/2021\/11\/3d600348163612880691475931010104068-1.jpg",975,540,false],"landscape":["https:\/\/arantv.az\/wp-content\/uploads\/2021\/11\/3d600348163612880691475931010104068-1.jpg",975,540,false],"portraits":["https:\/\/arantv.az\/wp-content\/uploads\/2021\/11\/3d600348163612880691475931010104068-1.jpg",975,540,false],"thumbnail":["https:\/\/arantv.az\/wp-content\/uploads\/2021\/11\/3d600348163612880691475931010104068-1-500x280.jpg",500,280,true],"medium":["https:\/\/arantv.az\/wp-content\/uploads\/2021\/11\/3d600348163612880691475931010104068-1-660x365.jpg",660,365,true],"large":["https:\/\/arantv.az\/wp-content\/uploads\/2021\/11\/3d600348163612880691475931010104068-1-840x465.jpg",640,354,true],"1536x1536":["https:\/\/arantv.az\/wp-content\/uploads\/2021\/11\/3d600348163612880691475931010104068-1.jpg",975,540,false],"2048x2048":["https:\/\/arantv.az\/wp-content\/uploads\/2021\/11\/3d600348163612880691475931010104068-1.jpg",975,540,false],"post-thumbnail":["https:\/\/arantv.az\/wp-content\/uploads\/2021\/11\/3d600348163612880691475931010104068-1-240x172.jpg",240,172,true],"advps-thumb-one":["https:\/\/arantv.az\/wp-content\/uploads\/2021\/11\/3d600348163612880691475931010104068-1.jpg",975,540,false]},"rttpg_author":{"display_name":"V\u00fcsal Rafiqo\u011flu","author_link":"https:\/\/arantv.az\/?author=2"},"rttpg_comment":0,"rttpg_category":"<a href=\"https:\/\/arantv.az\/?cat=4\" rel=\"category\">Siyas\u0259t<\/a>","rttpg_excerpt":"Prezident \u0130lham \u018fliyev humanizm kimi ali d\u0259y\u0259r\u0259 sadiq qald\u0131\u011f\u0131n\u0131 n\u00f6vb\u0259ti d\u0259f\u0259 n\u00fcmayi\u015f etdirdi Z\u0259f\u0259r G\u00fcn\u00fc m\u00fcnasib\u0259til\u0259 elan edil\u0259n amnistiyan\u0131n t\u0259tbiq edil\u0259c\u0259yi \u015f\u0259xsl\u0259rin say\u0131na v\u0259 \u0259hat\u0259 etdiyi cinay\u0259t m\u0259suliyy\u0259tind\u0259n v\u0259 c\u0259zadan azad etm\u0259 institutlar\u0131n\u0131n dair\u0259sin\u0259 g\u00f6r\u0259 \u0259n b\u00f6y\u00fck akt olmas\u0131 onun humanizm n\u00f6qteyi-n\u0259z\u0259rd\u0259n \u0259h\u0259miyy\u0259tind\u0259n x\u0259b\u0259r verir. S\u00f6hb\u0259t ondan gedir ki, V\u0259t\u0259n m\u00fcharib\u0259sind\u0259 qazan\u0131lm\u0131\u015f tarixi Z\u0259f\u0259rin birinci&hellip;","_links":{"self":[{"href":"https:\/\/arantv.az\/index.php?rest_route=\/wp\/v2\/posts\/400415"}],"collection":[{"href":"https:\/\/arantv.az\/index.php?rest_route=\/wp\/v2\/posts"}],"about":[{"href":"https:\/\/arantv.az\/index.php?rest_route=\/wp\/v2\/types\/post"}],"author":[{"embeddable":true,"href":"https:\/\/arantv.az\/index.php?rest_route=\/wp\/v2\/users\/2"}],"replies":[{"embeddable":true,"href":"https:\/\/arantv.az\/index.php?rest_route=%2Fwp%2Fv2%2Fcomments&post=400415"}],"version-history":[{"count":0,"href":"https:\/\/arantv.az\/index.php?rest_route=\/wp\/v2\/posts\/400415\/revisions"}],"wp:featuredmedia":[{"embeddable":true,"href":"https:\/\/arantv.az\/index.php?rest_route=\/wp\/v2\/media\/400417"}],"wp:attachment":[{"href":"https:\/\/arantv.az\/index.php?rest_route=%2Fwp%2Fv2%2Fmedia&parent=400415"}],"wp:term":[{"taxonomy":"category","embeddable":true,"href":"https:\/\/arantv.az\/index.php?rest_route=%2Fwp%2Fv2%2Fcategories&post=400415"},{"taxonomy":"post_tag","embeddable":true,"href":"https:\/\/arantv.az\/index.php?rest_route=%2Fwp%2Fv2%2Ftags&post=400415"}],"curies":[{"name":"wp","href":"https:\/\/api.w.org\/{rel}","templated":true}]}}