{"id":400428,"date":"2021-11-05T21:01:16","date_gmt":"2021-11-05T18:01:16","guid":{"rendered":"http:\/\/arantv.az\/?p=400428"},"modified":"2021-11-05T21:01:16","modified_gmt":"2021-11-05T18:01:16","slug":"n%c9%99c%c9%99f-allahverdiyev-insanda-qorxunun-olmamasi-m%c9%99suliyy%c9%99tsizliy%c9%99-g%c9%99tirib-cixarir-video","status":"publish","type":"post","link":"https:\/\/arantv.az\/?p=400428","title":{"rendered":"N\u0259c\u0259f Allahverdiyev: \u201c\u0130nsanda qorxunun olmamas\u0131, m\u0259suliyy\u0259tsizliy\u0259 g\u0259tirib \u00e7\u0131xar\u0131r\u201d &#8211; V\u0130DEO"},"content":{"rendered":"<p>\u201cPodkast kimi adam\u201d layih\u0259sinin yeni burax\u0131l\u0131\u015f\u0131 yay\u0131mlan\u0131b.<\/p>\n<p><strong>ARANTV.AZ <\/strong>\u00a0x\u0259b\u0259r verir ki, S\u0259m\u0259d Mehriban\u0131n t\u0259qdimat\u0131nda yay\u0131mlan\u0131n podkast\u0131n bud\u0259f\u0259ki qona\u011f\u0131 \u201cKarnegiKlub\u201dun r\u0259hb\u0259ri Dr. N\u0259c\u0259f Allahverdiyev olub.<\/p>\n<p>\u201cMoskva Ritorika v\u0259 Natiqlik Bacar\u0131\u011f\u0131 Universiteti\u201dnin apar\u0131c\u0131 t\u0259lim\u00e7isi olan N\u0259c\u0259f Allahverdiyev m\u00fcxt\u0259lif n\u00f6v qorxular v\u0259 onlar\u0131n yaranma s\u0259b\u0259bl\u0259ri haqq\u0131nda m\u0259lumat verib.<\/p>\n<p>Bundan ba\u015fqa t\u0259lim\u00e7i insanlar\u0131n h\u0259yatlar\u0131n\u0131 m\u00fcsb\u0259t y\u00f6nd\u0259 d\u0259yi\u015fm\u0259sin\u0259 treninql\u0259r vasit\u0259si il\u0259 nec\u0259 nail olduqlar\u0131ndan dan\u0131\u015f\u0131b.<\/p>\n<p>\u018ftrafl\u0131 videonu t\u0259qdim edirik:<\/p>\n<div><iframe loading=\"lazy\" title=\"YouTube video player\" src=\"https:\/\/www.youtube.com\/embed\/WDoBhGLcBQs\" width=\"560\" height=\"315\" frameborder=\"0\" allowfullscreen=\"allowfullscreen\" data-mce-fragment=\"1\"><\/iframe><\/div>\n<p>&nbsp;<\/p>\n","protected":false},"excerpt":{"rendered":"<p>\u201cPodkast kimi adam\u201d layih\u0259sinin yeni burax\u0131l\u0131\u015f\u0131 yay\u0131mlan\u0131b. ARANTV.AZ \u00a0x\u0259b\u0259r verir ki, S\u0259m\u0259d Mehriban\u0131n t\u0259qdimat\u0131nda yay\u0131mlan\u0131n podkast\u0131n bud\u0259f\u0259ki qona\u011f\u0131 \u201cKarnegiKlub\u201dun r\u0259hb\u0259ri Dr. N\u0259c\u0259f Allahverdiyev olub. \u201cMoskva Ritorika v\u0259 Natiqlik Bacar\u0131\u011f\u0131 Universiteti\u201dnin apar\u0131c\u0131 t\u0259lim\u00e7isi olan N\u0259c\u0259f Allahverdiyev m\u00fcxt\u0259lif n\u00f6v qorxular v\u0259 onlar\u0131n yaranma s\u0259b\u0259bl\u0259ri haqq\u0131nda m\u0259lumat verib. Bundan ba\u015fqa t\u0259lim\u00e7i insanlar\u0131n h\u0259yatlar\u0131n\u0131 m\u00fcsb\u0259t y\u00f6nd\u0259 d\u0259yi\u015fm\u0259sin\u0259 treninql\u0259r vasit\u0259si il\u0259 nec\u0259 nail olduqlar\u0131ndan dan\u0131\u015f\u0131b. \u018ftrafl\u0131 videonu t\u0259qdim edirik: &nbsp;<\/p>\n","protected":false},"author":2,"featured_media":400429,"comment_status":"closed","ping_status":"closed","sticky":false,"template":"","format":"standard","meta":{"om_disable_all_campaigns":false,"_monsterinsights_skip_tracking":false,"_monsterinsights_sitenote_active":false,"_monsterinsights_sitenote_note":"","_monsterinsights_sitenote_category":0},"categories":[26],"tags":[],"aioseo_notices":[],"gutentor_comment":0,"rttpg_featured_image_url":{"full":["https:\/\/arantv.az\/wp-content\/uploads\/2021\/11\/FotoJet-30-1.jpg",620,413,false],"landscape":["https:\/\/arantv.az\/wp-content\/uploads\/2021\/11\/FotoJet-30-1.jpg",620,413,false],"portraits":["https:\/\/arantv.az\/wp-content\/uploads\/2021\/11\/FotoJet-30-1.jpg",620,413,false],"thumbnail":["https:\/\/arantv.az\/wp-content\/uploads\/2021\/11\/FotoJet-30-1-500x280.jpg",500,280,true],"medium":["https:\/\/arantv.az\/wp-content\/uploads\/2021\/11\/FotoJet-30-1-548x365.jpg",548,365,true],"large":["https:\/\/arantv.az\/wp-content\/uploads\/2021\/11\/FotoJet-30-1.jpg",620,413,false],"1536x1536":["https:\/\/arantv.az\/wp-content\/uploads\/2021\/11\/FotoJet-30-1.jpg",620,413,false],"2048x2048":["https:\/\/arantv.az\/wp-content\/uploads\/2021\/11\/FotoJet-30-1.jpg",620,413,false],"post-thumbnail":["https:\/\/arantv.az\/wp-content\/uploads\/2021\/11\/FotoJet-30-1-240x172.jpg",240,172,true],"advps-thumb-one":["https:\/\/arantv.az\/wp-content\/uploads\/2021\/11\/FotoJet-30-1.jpg",620,413,false]},"rttpg_author":{"display_name":"V\u00fcsal Rafiqo\u011flu","author_link":"https:\/\/arantv.az\/?author=2"},"rttpg_comment":0,"rttpg_category":"<a href=\"https:\/\/arantv.az\/?cat=26\" rel=\"category\">Sosial<\/a>","rttpg_excerpt":"\u201cPodkast kimi adam\u201d layih\u0259sinin yeni burax\u0131l\u0131\u015f\u0131 yay\u0131mlan\u0131b. ARANTV.AZ \u00a0x\u0259b\u0259r verir ki, S\u0259m\u0259d Mehriban\u0131n t\u0259qdimat\u0131nda yay\u0131mlan\u0131n podkast\u0131n bud\u0259f\u0259ki qona\u011f\u0131 \u201cKarnegiKlub\u201dun r\u0259hb\u0259ri Dr. N\u0259c\u0259f Allahverdiyev olub. \u201cMoskva Ritorika v\u0259 Natiqlik Bacar\u0131\u011f\u0131 Universiteti\u201dnin apar\u0131c\u0131 t\u0259lim\u00e7isi olan N\u0259c\u0259f Allahverdiyev m\u00fcxt\u0259lif n\u00f6v qorxular v\u0259 onlar\u0131n yaranma s\u0259b\u0259bl\u0259ri haqq\u0131nda m\u0259lumat verib. Bundan ba\u015fqa t\u0259lim\u00e7i insanlar\u0131n h\u0259yatlar\u0131n\u0131 m\u00fcsb\u0259t y\u00f6nd\u0259 d\u0259yi\u015fm\u0259sin\u0259 treninql\u0259r vasit\u0259si&hellip;","_links":{"self":[{"href":"https:\/\/arantv.az\/index.php?rest_route=\/wp\/v2\/posts\/400428"}],"collection":[{"href":"https:\/\/arantv.az\/index.php?rest_route=\/wp\/v2\/posts"}],"about":[{"href":"https:\/\/arantv.az\/index.php?rest_route=\/wp\/v2\/types\/post"}],"author":[{"embeddable":true,"href":"https:\/\/arantv.az\/index.php?rest_route=\/wp\/v2\/users\/2"}],"replies":[{"embeddable":true,"href":"https:\/\/arantv.az\/index.php?rest_route=%2Fwp%2Fv2%2Fcomments&post=400428"}],"version-history":[{"count":0,"href":"https:\/\/arantv.az\/index.php?rest_route=\/wp\/v2\/posts\/400428\/revisions"}],"wp:featuredmedia":[{"embeddable":true,"href":"https:\/\/arantv.az\/index.php?rest_route=\/wp\/v2\/media\/400429"}],"wp:attachment":[{"href":"https:\/\/arantv.az\/index.php?rest_route=%2Fwp%2Fv2%2Fmedia&parent=400428"}],"wp:term":[{"taxonomy":"category","embeddable":true,"href":"https:\/\/arantv.az\/index.php?rest_route=%2Fwp%2Fv2%2Fcategories&post=400428"},{"taxonomy":"post_tag","embeddable":true,"href":"https:\/\/arantv.az\/index.php?rest_route=%2Fwp%2Fv2%2Ftags&post=400428"}],"curies":[{"name":"wp","href":"https:\/\/api.w.org\/{rel}","templated":true}]}}