{"id":400438,"date":"2021-11-05T21:05:24","date_gmt":"2021-11-05T18:05:24","guid":{"rendered":"http:\/\/arantv.az\/?p=400438"},"modified":"2021-11-05T21:05:24","modified_gmt":"2021-11-05T18:05:24","slug":"agstafada-%c9%99rli-qadin-evli-kisiy%c9%99-qosulub-qacdi","status":"publish","type":"post","link":"https:\/\/arantv.az\/?p=400438","title":{"rendered":"A\u011fstafada \u0259rli qad\u0131n evli ki\u015fiy\u0259 qo\u015fulub qa\u00e7d\u0131"},"content":{"rendered":"<p>A\u011fstafa rayonunun Poylu q\u0259s\u0259b\u0259sind\u0259 gizlin e\u015fq h\u0259yat\u0131 ya\u015fayan c\u00fctl\u00fcy\u00fcn e\u015fq mac\u0259ras\u0131n\u0131n \u00fcst\u00fc a\u00e7\u0131l\u0131b.<\/p>\n<p><strong>ARANTV.AZ\u00a0<\/strong> x\u0259b\u0259r verir ki, 35 ya\u015fl\u0131 Sevda Quliyeva ( ad, soy ad \u015f\u0259rtidir) 28 ya\u015fl\u0131 sevgilisi Orxan Al\u0131yevl\u0259 ( ad,soy ad \u015f\u0259rtidir) gizlin e\u015fq h\u0259yat\u0131 ya\u015fay\u0131b.<\/p>\n<p><ins id=\"ainsyndicationid163613547128859\" class=\"ainsyndicationid163613547128859\" data-ad-slot=\"445\" data-ainsyndication-status=\"done\"><ins><\/ins><\/ins>D\u0259f\u0259l\u0259rl\u0259 aralar\u0131nda g\u00f6r\u00fc\u015f olan c\u00fctl\u00fcy\u00fcn e\u015fq mac\u0259ras\u0131 uzun \u00e7\u0259km\u0259yib.<\/p>\n<p>Qad\u0131n bir ne\u00e7\u0259 d\u0259f\u0259 sevgilisi il\u0259 \u00f6z evind\u0259 g\u00f6r\u00fc\u015f\u00fcb. Sonuncu d\u0259f\u0259 g\u00f6r\u00fc\u015fd\u0259 qad\u0131n\u0131n 16 ya\u015fl\u0131 o\u011flu anas\u0131n\u0131n m\u0259\u015fuqunu hasardan h\u0259y\u0259t\u0259 d\u00fc\u015f\u0259n zaman g\u00f6r\u00fcb v\u0259 d\u0259rhal i\u015fd\u0259 olan atas\u0131na m\u0259lumat verib. Bu zaman qad\u0131n \u0259ri ev\u0259 g\u0259l\u0259n\u0259d\u0259k sevgilisi il\u0259 qa\u00e7\u0131b.<\/p>\n<p>Haz\u0131rda A\u011fstafa rayon polis \u015f\u00f6b\u0259sinin \u0259m\u0259kda\u015flar\u0131 c\u00fctl\u00fcy\u00fc axtar\u0131r.<\/p>\n<p>Daxili \u0130\u015fl\u0259r Nazirliyinin M\u0259tbuat Xidm\u0259tinin G\u0259nc\u0259 regional qrupunun ba\u015f inspektoru, \u00a0polis ba\u015f leytenant\u0131 E\u015fqin Qas\u0131mov Bizim.Media-ya a\u00e7\u0131qlamas\u0131nda fakt\u0131 t\u0259sdiql\u0259yib.<\/p>\n<p>Qeyd ed\u0259k ki, \u00a0h\u0259r iki \u015f\u0259xs ail\u0259lidir. H\u0259r\u0259sinin iki \u00f6vlad\u0131 var.<\/p>\n","protected":false},"excerpt":{"rendered":"<p>A\u011fstafa rayonunun Poylu q\u0259s\u0259b\u0259sind\u0259 gizlin e\u015fq h\u0259yat\u0131 ya\u015fayan c\u00fctl\u00fcy\u00fcn e\u015fq mac\u0259ras\u0131n\u0131n \u00fcst\u00fc a\u00e7\u0131l\u0131b. ARANTV.AZ\u00a0 x\u0259b\u0259r verir ki, 35 ya\u015fl\u0131 Sevda Quliyeva ( ad, soy ad \u015f\u0259rtidir) 28 ya\u015fl\u0131 sevgilisi Orxan Al\u0131yevl\u0259 ( ad,soy ad \u015f\u0259rtidir) gizlin e\u015fq h\u0259yat\u0131 ya\u015fay\u0131b. D\u0259f\u0259l\u0259rl\u0259 aralar\u0131nda g\u00f6r\u00fc\u015f olan c\u00fctl\u00fcy\u00fcn e\u015fq mac\u0259ras\u0131 uzun \u00e7\u0259km\u0259yib. Qad\u0131n bir ne\u00e7\u0259 d\u0259f\u0259 sevgilisi il\u0259 \u00f6z evind\u0259 g\u00f6r\u00fc\u015f\u00fcb. Sonuncu d\u0259f\u0259 g\u00f6r\u00fc\u015fd\u0259 qad\u0131n\u0131n 16 ya\u015fl\u0131 o\u011flu anas\u0131n\u0131n m\u0259\u015fuqunu hasardan h\u0259y\u0259t\u0259 d\u00fc\u015f\u0259n zaman g\u00f6r\u00fcb v\u0259 d\u0259rhal i\u015fd\u0259 olan atas\u0131na m\u0259lumat verib. Bu zaman qad\u0131n \u0259ri ev\u0259 g\u0259l\u0259n\u0259d\u0259k sevgilisi il\u0259 qa\u00e7\u0131b. Haz\u0131rda A\u011fstafa rayon&hellip;<\/p>\n","protected":false},"author":2,"featured_media":400439,"comment_status":"closed","ping_status":"closed","sticky":false,"template":"","format":"standard","meta":{"om_disable_all_campaigns":false,"_monsterinsights_skip_tracking":false,"_monsterinsights_sitenote_active":false,"_monsterinsights_sitenote_note":"","_monsterinsights_sitenote_category":0},"categories":[26],"tags":[],"aioseo_notices":[],"gutentor_comment":0,"rttpg_featured_image_url":{"full":["https:\/\/arantv.az\/wp-content\/uploads\/2021\/11\/1636114101_1636113466_1562143537_ee7a2d-768x403-1.jpg",770,415,false],"landscape":["https:\/\/arantv.az\/wp-content\/uploads\/2021\/11\/1636114101_1636113466_1562143537_ee7a2d-768x403-1.jpg",770,415,false],"portraits":["https:\/\/arantv.az\/wp-content\/uploads\/2021\/11\/1636114101_1636113466_1562143537_ee7a2d-768x403-1.jpg",770,415,false],"thumbnail":["https:\/\/arantv.az\/wp-content\/uploads\/2021\/11\/1636114101_1636113466_1562143537_ee7a2d-768x403-1-500x280.jpg",500,280,true],"medium":["https:\/\/arantv.az\/wp-content\/uploads\/2021\/11\/1636114101_1636113466_1562143537_ee7a2d-768x403-1-660x356.jpg",660,356,true],"large":["https:\/\/arantv.az\/wp-content\/uploads\/2021\/11\/1636114101_1636113466_1562143537_ee7a2d-768x403-1.jpg",640,345,false],"1536x1536":["https:\/\/arantv.az\/wp-content\/uploads\/2021\/11\/1636114101_1636113466_1562143537_ee7a2d-768x403-1.jpg",770,415,false],"2048x2048":["https:\/\/arantv.az\/wp-content\/uploads\/2021\/11\/1636114101_1636113466_1562143537_ee7a2d-768x403-1.jpg",770,415,false],"post-thumbnail":["https:\/\/arantv.az\/wp-content\/uploads\/2021\/11\/1636114101_1636113466_1562143537_ee7a2d-768x403-1-240x172.jpg",240,172,true],"advps-thumb-one":["https:\/\/arantv.az\/wp-content\/uploads\/2021\/11\/1636114101_1636113466_1562143537_ee7a2d-768x403-1.jpg",770,415,false]},"rttpg_author":{"display_name":"V\u00fcsal Rafiqo\u011flu","author_link":"https:\/\/arantv.az\/?author=2"},"rttpg_comment":0,"rttpg_category":"<a href=\"https:\/\/arantv.az\/?cat=26\" rel=\"category\">Sosial<\/a>","rttpg_excerpt":"A\u011fstafa rayonunun Poylu q\u0259s\u0259b\u0259sind\u0259 gizlin e\u015fq h\u0259yat\u0131 ya\u015fayan c\u00fctl\u00fcy\u00fcn e\u015fq mac\u0259ras\u0131n\u0131n \u00fcst\u00fc a\u00e7\u0131l\u0131b. ARANTV.AZ\u00a0 x\u0259b\u0259r verir ki, 35 ya\u015fl\u0131 Sevda Quliyeva ( ad, soy ad \u015f\u0259rtidir) 28 ya\u015fl\u0131 sevgilisi Orxan Al\u0131yevl\u0259 ( ad,soy ad \u015f\u0259rtidir) gizlin e\u015fq h\u0259yat\u0131 ya\u015fay\u0131b. D\u0259f\u0259l\u0259rl\u0259 aralar\u0131nda g\u00f6r\u00fc\u015f olan c\u00fctl\u00fcy\u00fcn e\u015fq mac\u0259ras\u0131 uzun \u00e7\u0259km\u0259yib. Qad\u0131n bir ne\u00e7\u0259 d\u0259f\u0259 sevgilisi il\u0259 \u00f6z&hellip;","_links":{"self":[{"href":"https:\/\/arantv.az\/index.php?rest_route=\/wp\/v2\/posts\/400438"}],"collection":[{"href":"https:\/\/arantv.az\/index.php?rest_route=\/wp\/v2\/posts"}],"about":[{"href":"https:\/\/arantv.az\/index.php?rest_route=\/wp\/v2\/types\/post"}],"author":[{"embeddable":true,"href":"https:\/\/arantv.az\/index.php?rest_route=\/wp\/v2\/users\/2"}],"replies":[{"embeddable":true,"href":"https:\/\/arantv.az\/index.php?rest_route=%2Fwp%2Fv2%2Fcomments&post=400438"}],"version-history":[{"count":0,"href":"https:\/\/arantv.az\/index.php?rest_route=\/wp\/v2\/posts\/400438\/revisions"}],"wp:featuredmedia":[{"embeddable":true,"href":"https:\/\/arantv.az\/index.php?rest_route=\/wp\/v2\/media\/400439"}],"wp:attachment":[{"href":"https:\/\/arantv.az\/index.php?rest_route=%2Fwp%2Fv2%2Fmedia&parent=400438"}],"wp:term":[{"taxonomy":"category","embeddable":true,"href":"https:\/\/arantv.az\/index.php?rest_route=%2Fwp%2Fv2%2Fcategories&post=400438"},{"taxonomy":"post_tag","embeddable":true,"href":"https:\/\/arantv.az\/index.php?rest_route=%2Fwp%2Fv2%2Ftags&post=400438"}],"curies":[{"name":"wp","href":"https:\/\/api.w.org\/{rel}","templated":true}]}}