{"id":400444,"date":"2021-11-05T21:07:30","date_gmt":"2021-11-05T18:07:30","guid":{"rendered":"http:\/\/arantv.az\/?p=400444"},"modified":"2021-11-05T21:07:30","modified_gmt":"2021-11-05T18:07:30","slug":"s%c9%99hid-tariyel-atayevin-ail%c9%99si-ucun-f%c9%99rdi-yasayis-evi-tikilir","status":"publish","type":"post","link":"https:\/\/arantv.az\/?p=400444","title":{"rendered":"\u015e\u0259hid Tariyel Atayevin ail\u0259si \u00fc\u00e7\u00fcn f\u0259rdi ya\u015fay\u0131\u015f evi tikilir"},"content":{"rendered":"<p>\u015e\u0259hid ail\u0259l\u0259ri v\u0259 qazil\u0259r\u0259 d\u0259st\u0259k kampaniyas\u0131 \u00e7\u0259r\u00e7iv\u0259sind\u0259 Rusiyan\u0131n Udmurtiya Muxtar Respublikas\u0131nda f\u0259aliyy\u0259t g\u00f6st\u0259r\u0259n Udmurtiya-Az\u0259rbaycan Dostluq \u0130ctimai M\u0259rk\u0259zinin t\u0259\u015fkilat\u00e7\u0131l\u0131\u011f\u0131 il\u0259 n\u00f6vb\u0259ti ian\u0259 A\u011fcab\u0259di rayonundan olan \u015f\u0259hid Tariyel Atayevin ail\u0259sin\u0259 edilib. Bu t\u0259\u015f\u0259bb\u00fcs\u00fcn h\u0259yata ke\u00e7irilm\u0259si \u00fc\u00e7\u00fcn Beyn\u0259lxalq Avrasiya M\u0259tbuat Fondu (BAMF) d\u0259st\u0259k g\u00f6st\u0259rib.<\/p>\n<p>Bu bar\u0259d\u0259 BAMF m\u0259lumat yay\u0131b.<\/p>\n<p>Bildirilib ki, BAMF-\u0131n prezidenti Umud Mirz\u0259yev bildirib ki, \u015f\u0259hid Tariyel Atayevin h\u0259yat yolda\u015f\u0131, A\u011fcab\u0259di rayonunun Min\u0259xorlu k\u0259nd sakini Atayeva \u0130lham\u0259 \u015eakir q\u0131z\u0131 v\u0259 iki azya\u015fl\u0131 \u00f6vlad\u0131 \u00fc\u00e7\u00fcn tam t\u0259mirli \u00fc\u00e7 otaql\u0131 f\u0259rdi ya\u015fay\u0131\u015f evinin tikilm\u0259si i\u015fl\u0259ri davam edir:<\/p>\n<p>\u201c44 g\u00fcnl\u00fck V\u0259t\u0259n m\u00fcharib\u0259sinin birinci ild\u00f6n\u00fcm\u00fc \u0259r\u0259f\u0259sind\u0259 h\u0259r birimiz \u00f6z borcumuzu \u0259n x\u0131rda ian\u0259l\u0259rl\u0259 bel\u0259 yerin\u0259 yetirm\u0259liyik. ail\u0259sinin ehtiyac\u0131 oldu\u011fu isti oca\u011f\u0131n tikilm\u0259si v\u0259 \u015f\u0259hid ail\u0259sinin istifad\u0259sin\u0259 verilm\u0259si \u00fc\u00e7\u00fcn BAMF olaraq \u0259limizd\u0259n g\u0259l\u0259ni edirik\u201d.<\/p>\n<p>Qeyd ed\u0259k ki, \u0259sg\u0259r Tariyel Atayev V\u0259t\u0259n M\u00fcharib\u0259sind\u0259 F\u00fczuli, A\u011fd\u0259r\u0259, Xocav\u0259nd, \u015eu\u015fa istiqam\u0259tind\u0259 ged\u0259n d\u00f6y\u00fc\u015fl\u0259rd\u0259 f\u0259rql\u0259nib. \u0130gid d\u00f6y\u00fc\u015f\u00e7\u00fc \u015eu\u015fa \u015f\u0259h\u0259ri u\u011frunda ged\u0259n d\u00f6y\u00fc\u015fl\u0259rd\u0259 q\u0259hr\u0259mancas\u0131na \u015f\u0259hid olub.<\/p>\n<p>U.Mirz\u0259yev \u0259lav\u0259 edib ki, Udmurtiya-Az\u0259rbaycan Dostluq \u0130ctimai M\u0259rk\u0259zinin n\u00fcmay\u0259nd\u0259l\u0259rinin Az\u0259rbaycana \u00f6t\u0259n s\u0259f\u0259ri zaman\u0131 A\u011fcab\u0259di rayonunun N\u0259c\u0259fqulub\u0259yli, Min\u0259xorlu, Hac\u0131b\u0259d\u0259lli k\u0259ndl\u0259rind\u0259 v\u0259 rayon m\u0259rk\u0259zind\u0259 10-a yax\u0131n \u015f\u0259hid ail\u0259si il\u0259 g\u00f6r\u00fc\u015f ke\u00e7irilib, h\u0259r bir ail\u0259nin ehtiyaclar\u0131 v\u0259 m\u0259nzil \u015f\u0259raiti \u00f6yr\u0259nilib.<\/p>\n","protected":false},"excerpt":{"rendered":"<p>\u015e\u0259hid ail\u0259l\u0259ri v\u0259 qazil\u0259r\u0259 d\u0259st\u0259k kampaniyas\u0131 \u00e7\u0259r\u00e7iv\u0259sind\u0259 Rusiyan\u0131n Udmurtiya Muxtar Respublikas\u0131nda f\u0259aliyy\u0259t g\u00f6st\u0259r\u0259n Udmurtiya-Az\u0259rbaycan Dostluq \u0130ctimai M\u0259rk\u0259zinin t\u0259\u015fkilat\u00e7\u0131l\u0131\u011f\u0131 il\u0259 n\u00f6vb\u0259ti ian\u0259 A\u011fcab\u0259di rayonundan olan \u015f\u0259hid Tariyel Atayevin ail\u0259sin\u0259 edilib. Bu t\u0259\u015f\u0259bb\u00fcs\u00fcn h\u0259yata ke\u00e7irilm\u0259si \u00fc\u00e7\u00fcn Beyn\u0259lxalq Avrasiya M\u0259tbuat Fondu (BAMF) d\u0259st\u0259k g\u00f6st\u0259rib. Bu bar\u0259d\u0259 BAMF m\u0259lumat yay\u0131b. Bildirilib ki, BAMF-\u0131n prezidenti Umud Mirz\u0259yev bildirib ki, \u015f\u0259hid Tariyel Atayevin h\u0259yat yolda\u015f\u0131, A\u011fcab\u0259di rayonunun Min\u0259xorlu k\u0259nd sakini Atayeva \u0130lham\u0259 \u015eakir q\u0131z\u0131 v\u0259 iki azya\u015fl\u0131 \u00f6vlad\u0131 \u00fc\u00e7\u00fcn tam t\u0259mirli \u00fc\u00e7 otaql\u0131 f\u0259rdi ya\u015fay\u0131\u015f evinin tikilm\u0259si i\u015fl\u0259ri davam edir: \u201c44 g\u00fcnl\u00fck V\u0259t\u0259n m\u00fcharib\u0259sinin birinci ild\u00f6n\u00fcm\u00fc&hellip;<\/p>\n","protected":false},"author":2,"featured_media":400445,"comment_status":"closed","ping_status":"closed","sticky":false,"template":"","format":"standard","meta":{"om_disable_all_campaigns":false,"_monsterinsights_skip_tracking":false,"_monsterinsights_sitenote_active":false,"_monsterinsights_sitenote_note":"","_monsterinsights_sitenote_category":0},"categories":[26],"tags":[],"aioseo_notices":[],"gutentor_comment":0,"rttpg_featured_image_url":{"full":["https:\/\/arantv.az\/wp-content\/uploads\/2021\/11\/FotoJet-32-1.jpg",620,413,false],"landscape":["https:\/\/arantv.az\/wp-content\/uploads\/2021\/11\/FotoJet-32-1.jpg",620,413,false],"portraits":["https:\/\/arantv.az\/wp-content\/uploads\/2021\/11\/FotoJet-32-1.jpg",620,413,false],"thumbnail":["https:\/\/arantv.az\/wp-content\/uploads\/2021\/11\/FotoJet-32-1-500x280.jpg",500,280,true],"medium":["https:\/\/arantv.az\/wp-content\/uploads\/2021\/11\/FotoJet-32-1-548x365.jpg",548,365,true],"large":["https:\/\/arantv.az\/wp-content\/uploads\/2021\/11\/FotoJet-32-1.jpg",620,413,false],"1536x1536":["https:\/\/arantv.az\/wp-content\/uploads\/2021\/11\/FotoJet-32-1.jpg",620,413,false],"2048x2048":["https:\/\/arantv.az\/wp-content\/uploads\/2021\/11\/FotoJet-32-1.jpg",620,413,false],"post-thumbnail":["https:\/\/arantv.az\/wp-content\/uploads\/2021\/11\/FotoJet-32-1-240x172.jpg",240,172,true],"advps-thumb-one":["https:\/\/arantv.az\/wp-content\/uploads\/2021\/11\/FotoJet-32-1.jpg",620,413,false]},"rttpg_author":{"display_name":"V\u00fcsal Rafiqo\u011flu","author_link":"https:\/\/arantv.az\/?author=2"},"rttpg_comment":0,"rttpg_category":"<a href=\"https:\/\/arantv.az\/?cat=26\" rel=\"category\">Sosial<\/a>","rttpg_excerpt":"\u015e\u0259hid ail\u0259l\u0259ri v\u0259 qazil\u0259r\u0259 d\u0259st\u0259k kampaniyas\u0131 \u00e7\u0259r\u00e7iv\u0259sind\u0259 Rusiyan\u0131n Udmurtiya Muxtar Respublikas\u0131nda f\u0259aliyy\u0259t g\u00f6st\u0259r\u0259n Udmurtiya-Az\u0259rbaycan Dostluq \u0130ctimai M\u0259rk\u0259zinin t\u0259\u015fkilat\u00e7\u0131l\u0131\u011f\u0131 il\u0259 n\u00f6vb\u0259ti ian\u0259 A\u011fcab\u0259di rayonundan olan \u015f\u0259hid Tariyel Atayevin ail\u0259sin\u0259 edilib. Bu t\u0259\u015f\u0259bb\u00fcs\u00fcn h\u0259yata ke\u00e7irilm\u0259si \u00fc\u00e7\u00fcn Beyn\u0259lxalq Avrasiya M\u0259tbuat Fondu (BAMF) d\u0259st\u0259k g\u00f6st\u0259rib. Bu bar\u0259d\u0259 BAMF m\u0259lumat yay\u0131b. Bildirilib ki, BAMF-\u0131n prezidenti Umud Mirz\u0259yev bildirib ki, \u015f\u0259hid&hellip;","_links":{"self":[{"href":"https:\/\/arantv.az\/index.php?rest_route=\/wp\/v2\/posts\/400444"}],"collection":[{"href":"https:\/\/arantv.az\/index.php?rest_route=\/wp\/v2\/posts"}],"about":[{"href":"https:\/\/arantv.az\/index.php?rest_route=\/wp\/v2\/types\/post"}],"author":[{"embeddable":true,"href":"https:\/\/arantv.az\/index.php?rest_route=\/wp\/v2\/users\/2"}],"replies":[{"embeddable":true,"href":"https:\/\/arantv.az\/index.php?rest_route=%2Fwp%2Fv2%2Fcomments&post=400444"}],"version-history":[{"count":0,"href":"https:\/\/arantv.az\/index.php?rest_route=\/wp\/v2\/posts\/400444\/revisions"}],"wp:featuredmedia":[{"embeddable":true,"href":"https:\/\/arantv.az\/index.php?rest_route=\/wp\/v2\/media\/400445"}],"wp:attachment":[{"href":"https:\/\/arantv.az\/index.php?rest_route=%2Fwp%2Fv2%2Fmedia&parent=400444"}],"wp:term":[{"taxonomy":"category","embeddable":true,"href":"https:\/\/arantv.az\/index.php?rest_route=%2Fwp%2Fv2%2Fcategories&post=400444"},{"taxonomy":"post_tag","embeddable":true,"href":"https:\/\/arantv.az\/index.php?rest_route=%2Fwp%2Fv2%2Ftags&post=400444"}],"curies":[{"name":"wp","href":"https:\/\/api.w.org\/{rel}","templated":true}]}}