{"id":400452,"date":"2021-11-06T07:51:54","date_gmt":"2021-11-06T04:51:54","guid":{"rendered":"http:\/\/arantv.az\/?p=400452"},"modified":"2021-11-06T07:51:54","modified_gmt":"2021-11-06T04:51:54","slug":"erm%c9%99nil%c9%99rin-az%c9%99rbaycanlilara-qarsi-dusm%c9%99ncilik-siyas%c9%99ti-200-ild%c9%99n-coxdur-davam-edir","status":"publish","type":"post","link":"https:\/\/arantv.az\/?p=400452","title":{"rendered":"Erm\u0259nil\u0259rin az\u0259rbaycanl\u0131lara qar\u015f\u0131 d\u00fc\u015fm\u0259n\u00e7ilik siyas\u0259ti 200 ild\u0259n \u00e7oxdur davam edir"},"content":{"rendered":"<p>\u00c7ar Rusiyas\u0131 zaman\u0131 \u0259z\u0259li Az\u0259rbaycan torpa\u011f\u0131 Qaraba\u011fa k\u00f6\u00e7\u00fcr\u00fcld\u00fckl\u0259ri vaxtdan ba\u015flayaraq bu g\u00fcn\u0259 q\u0259d\u0259r erm\u0259ni t\u0259xribatlar\u0131 davam edir. Erm\u0259nil\u0259r \u0259razil\u0259rimizd\u0259 m\u0259skunla\u015fd\u0131qlar\u0131 ilk g\u00fcnd\u0259n Az\u0259rbaycan toponiml\u0259rini d\u0259yi\u015fm\u0259y\u0259 ba\u015flam\u0131\u015f, m\u00fcnbit \u0259razil\u0259ri \u0259l\u0259 ke\u00e7irm\u0259y\u0259 \u00e7al\u0131\u015fm\u0131\u015f, \u0259ks\u0259riyy\u0259t t\u0259\u015fkil etdikl\u0259ri ya\u015fay\u0131\u015f m\u0259nt\u0259q\u0259l\u0259rind\u0259 az\u0259rbaycanl\u0131lar\u0131 s\u0131x\u0131\u015fd\u0131rm\u0131\u015flar. Az\u0259rbaycanl\u0131lara qar\u015f\u0131 etnik d\u00f6z\u00fcms\u00fczl\u00fck \u00e7ar Rusiyas\u0131ndan sonrak\u0131 ill\u0259rd\u0259 d\u0259 davam etmi\u015fdir. Rusiya inqilablar\u0131n\u0131n yaratd\u0131\u011f\u0131 \u015f\u0259raitd\u0259n sui-istifad\u0259 ed\u0259n erm\u0259ni q\u0259sbkarlar\u0131 1905-1907-ci v\u0259 1918-ci ill\u0259rd\u0259 on minl\u0259rl\u0259 soyda\u015f\u0131m\u0131z\u0131 v\u0259h\u015fic\u0259sin\u0259 q\u0259tl\u0259 yetirmi\u015fl\u0259r. 1918-1920-ci ill\u0259r is\u0259 xalq\u0131m\u0131z\u0131n yadda\u015f\u0131nda erm\u0259ni silahl\u0131 quldur d\u0259st\u0259l\u0259rinin x\u00fcsusi q\u0259ddarl\u0131\u011f\u0131 il\u0259 yadda qalm\u0131\u015fd\u0131r. H\u0259min ill\u0259rd\u0259 \u0130r\u0259vanda, D\u0259r\u0259l\u0259y\u0259zd\u0259, Z\u0259ng\u0259zurda, G\u00f6y\u00e7\u0259d\u0259, Tiflisd\u0259, Nax\u00e7\u0131vanda, Bak\u0131da, G\u0259nc\u0259d\u0259, \u015eamax\u0131da, Qubada, L\u0259nk\u0259randa, Qaraba\u011fda, Mu\u011fanda, G\u00f6y\u00e7ayda on minl\u0259rl\u0259 dinc az\u0259rbaycanl\u0131 \u0259hali soyq\u0131r\u0131m\u0131na m\u0259ruz qalm\u0131\u015f, ya\u015fad\u0131qlar\u0131 yerl\u0259rd\u0259n qovulmu\u015f, onlara i\u015fg\u0259nc\u0259l\u0259r verilmi\u015f, y\u00fczl\u0259rl\u0259 ya\u015fay\u0131\u015f m\u0259nt\u0259q\u0259si da\u011f\u0131d\u0131l\u0131b yerl\u0259-yeksan edilmi\u015fdir. Az\u0259rbaycanl\u0131lar\u0131n \u00f6z tarixi-etnik torpaqlar\u0131ndan qovulmas\u0131 sovet d\u00f6vr\u00fcnd\u0259 d\u0259 davam etmi\u015fdir.1948-1953-c\u00fc ill\u0259rd\u0259 Erm\u0259nistandak\u0131 \u00f6z tarixi d\u0259d\u0259-baba torpaqlar\u0131ndan 150 000 az\u0259rbaycanl\u0131 deportasiya olunaraq Az\u0259rbaycan\u0131n K\u00fcr-Araz d\u00fcz\u0259nliyind\u0259 yerl\u0259\u015fdirilmi\u015fdir.<\/p>\n<p>\u0130\u015f\u011fal\u00e7\u0131 Erm\u0259nistanla Az\u0259rbaycan aras\u0131nda n\u00f6vb\u0259ti \u00a0m\u00fcnaqi\u015f\u0259 SSR\u0130-nin m\u00f6vcud oldu\u011fu d\u00f6vrd\u0259 Erm\u0259nistan\u0131n Az\u0259rbaycana qar\u015f\u0131 qanunsuz v\u0259 \u0259sass\u0131z \u0259razi iddialar\u0131 il\u0259 ba\u015flam\u0131\u015fd\u0131r. 1988-ci ild\u0259 daha 250 000 az\u0259rbaycanl\u0131 \u00f6z do\u011fma yurdundan qovulmu\u015f, bununla da Erm\u0259nistan monoetnik d\u00f6vl\u0259t\u0259 \u00e7evrilmi\u015fdir. 1988-ci ild\u0259 ba\u015flayan Qaraba\u011f hadis\u0259l\u0259ri, erm\u0259ni ideoloqlar\u0131n\u0131n \u201cd\u0259nizd\u0259n-d\u0259niz\u0259 Erm\u0259nistan\u201d adl\u0131 s\u0259rs\u0259m ideyas\u0131n\u0131 realla\u015fd\u0131rmaq c\u0259hdl\u0259ri k\u0259ndl\u0259rin, q\u0259s\u0259b\u0259l\u0259rin, \u00a0\u015f\u0259h\u0259rl\u0259rin da\u011f\u0131lmas\u0131, on minl\u0259r\u0259 g\u00fcnahs\u0131z insan\u0131n \u00f6l\u00fcm\u00fc, y\u00fcz minl\u0259rl\u0259 az\u0259rbaycanl\u0131n\u0131n \u00f6z tarixi torpaqlar\u0131ndan did\u0259rgin d\u00fc\u015fm\u0259si il\u0259 n\u0259tic\u0259l\u0259nmi\u015fdir.<\/p>\n<p>1991-ci ild\u0259 v\u0259 1992-ci ilin \u0259vv\u0259ll\u0259rind\u0259 Erm\u0259nistan Az\u0259rbaycana qar\u015f\u0131 geni\u015fmiqyasl\u0131 m\u00fcharib\u0259y\u0259 ba\u015flad\u0131. M\u00fcnaqi\u015f\u0259nin aktiv h\u0259rbi m\u0259rh\u0259l\u0259si 1994-c\u00fc ilin may\u0131nda at\u0259\u015fk\u0259s \u0259ld\u0259 olunana q\u0259d\u0259r davam etdi. O vaxta q\u0259d\u0259r Az\u0259rbaycan \u0259razisinin \u0259h\u0259miyy\u0259tli hiss\u0259si (iyirmi faizi), o c\u00fcml\u0259d\u0259n Qaraba\u011f, ona biti\u015fik yeddi rayon terroru, cinay\u0259tkarl\u0131\u011f\u0131, o\u011furlu\u011fu \u00a0m\u0259qbul hesab ed\u0259n Erm\u0259nistan t\u0259r\u0259find\u0259n i\u015f\u011fal olundu. T\u0259cav\u00fcz zaman\u0131 Erm\u0259nistan silahl\u0131 q\u00fcvv\u0259l\u0259ri on minl\u0259rl\u0259 insan\u0131n \u00f6l\u00fcm\u00fcn\u0259 s\u0259b\u0259b olan h\u0259rbi cinay\u0259tl\u0259r, insanl\u0131q \u0259leyhin\u0259 g\u00f6r\u00fclm\u0259y\u0259n soyq\u0131r\u0131m\u0131 t\u00f6r\u0259tdil\u0259r, Az\u0259rbaycan\u0131n y\u00fczl\u0259rl\u0259 \u015f\u0259h\u0259r, q\u0259s\u0259b\u0259 v\u0259 k\u0259ndl\u0259ri da\u011f\u0131d\u0131l\u0131b talan edildi.<\/p>\n<p>Erm\u0259nistan hakimiyy\u0259ti \u0259z\u0259li ata-baba torpaqlar\u0131m\u0131z\u0131 i\u015f\u011fal alt\u0131nda saxlad\u0131\u011f\u0131 onillikl\u0259r \u0259rzind\u0259 yaln\u0131z ya\u015fay\u0131\u015f m\u0259nt\u0259q\u0259l\u0259rini deyil, m\u0259zarl\u0131qlar\u0131 da da\u011f\u0131d\u0131b viran qoyub. V\u0259h\u015filiyin, nifr\u0259tin v\u0259 vandalizmin tam m\u0259nz\u0259r\u0259si is\u0259 h\u0259min \u0259razil\u0259rin i\u015f\u011faldan azad edilm\u0259sind\u0259n sonra biz\u0259, el\u0259c\u0259 d\u0259 b\u00fct\u00fcn d\u00fcnyaya \u00e7\u0131lpaql\u0131\u011f\u0131 il\u0259\u00a0 ayd\u0131n oldu. \u018flb\u0259tt\u0259 ki, bel\u0259 miqyasda da\u011f\u0131nt\u0131lar m\u00fcharib\u0259 zaman\u0131 t\u00f6r\u0259dil\u0259 bilm\u0259zdi. Cinay\u0259tkar, talan\u00e7\u0131 v\u0259 i\u015f\u011fal\u00e7\u0131 erm\u0259nil\u0259r bu v\u0259h\u015filikl\u0259ri 30 illik i\u015f\u011fal d\u00f6vr\u00fcnd\u0259 t\u00f6r\u0259tmi\u015fdil\u0259r.<\/p>\n<p>BMT Nizamnam\u0259sinin 51-ci madd\u0259sin\u0259 g\u00f6r\u0259, h\u0259r hans\u0131 d\u00f6vl\u0259t beyn\u0259lxalq \u00f6hd\u0259likl\u0259rini yerin\u0259 yetirm\u0259diyi v\u0259 ba\u015fqa d\u00f6vl\u0259tin \u0259razisini i\u015f\u011fal etm\u0259k \u00fc\u00e7\u00fcn h\u0259rbi q\u00fcvv\u0259d\u0259n istifad\u0259 etdiyi hallarda t\u0259cav\u00fcz qurban\u0131na \u00f6z\u00fcn\u00fc f\u0259rdi v\u0259 ya kollektiv \u015f\u0259kild\u0259 m\u00fcdafi\u0259 etm\u0259k h\u00fcququ verilir. Bir daha yada salaq ki, BMT T\u0259hl\u00fck\u0259sizlik \u015euras\u0131, BMT Ba\u015f Assambleyas\u0131, Qo\u015fulmama H\u0259r\u0259kat\u0131, Avropa \u015euras\u0131, Avropa Parlamenti, \u0130slam \u018fm\u0259kda\u015fl\u0131q T\u0259\u015fkilat\u0131 v\u0259 dig\u0259r beyn\u0259lxalq t\u0259\u015fkilatlar Az\u0259rbaycan\u0131n \u0259razi b\u00fct\u00f6vl\u00fcy\u00fcn\u00fcn pozulmas\u0131n\u0131 v\u0259 erm\u0259ni fa\u015fizminin \u00f6lk\u0259miz\u0259 qar\u015f\u0131 t\u0259cav\u00fcz akt\u0131n\u0131 t\u0259sdiql\u0259y\u0259n q\u0259tnam\u0259l\u0259r q\u0259bul edibl\u0259r.<\/p>\n<p>Bel\u0259likl\u0259, Ali Ba\u015f Komandan\u0131n r\u0259hb\u0259rliyi\u00a0 alt\u0131nda r\u0259\u015fad\u0259tli ordumuz BMT T\u0259hl\u00fck\u0259sizlik \u015euras\u0131n\u0131n yerin\u0259 yetirilm\u0259y\u0259n 4 q\u0259tnam\u0259sini t\u0259kba\u015f\u0131na icra ed\u0259r\u0259k, Qaraba\u011f\u0131m\u0131z\u0131 44 g\u00fcnd\u0259 i\u015f\u011faldan azad etdi. Bel\u0259likl\u0259, V\u0259t\u0259n m\u00fcharib\u0259si noyabr\u0131n 10-da tarixi Q\u0259l\u0259b\u0259 il\u0259 ba\u015fa \u00e7atd\u0131. N\u0259tic\u0259d\u0259 Az\u0259rbaycan \u0130kinci Qaraba\u011f m\u00fcharib\u0259si d\u00f6vr\u00fcnd\u0259 n\u0259inki d\u00f6y\u00fc\u015f meydan\u0131nda, eyni zamanda, informasiya m\u00fcharib\u0259sind\u0259 d\u00fc\u015fm\u0259nl\u0259r\u0259, Erm\u0259nistana havadarl\u0131q etm\u0259k niyy\u0259ti il\u0259 q\u0259r\u0259zli fikir bildir\u0259nl\u0259r\u0259 qalib g\u0259ldi.\u00a0 \u00d6lk\u0259 r\u0259hb\u0259rliyi t\u0259r\u0259find\u0259n ist\u0259r V\u0259t\u0259n m\u00fcharib\u0259si, ist\u0259rs\u0259 d\u0259 postm\u00fcharib\u0259 d\u00f6vr\u00fcnd\u0259 x\u00fcsus\u0259n effektiv xarici siyas\u0259t davam etdirildi.<\/p>\n<p>Az\u0259rbaycan Prezidenti \u0130lham \u018fliyev\u00a0 i\u015f\u011faldan azad edilmi\u015f \u0259razil\u0259rd\u0259 t\u00f6r\u0259dilmi\u015f erm\u0259ni vandalizmini b\u00fct\u00fcn d\u00fcnyaya g\u00f6st\u0259rm\u0259k \u00fc\u00e7\u00fcn silsil\u0259 t\u0259dbirl\u0259rin ke\u00e7iril\u0259c\u0259yini \u00e7\u0131x\u0131\u015flar\u0131nda d\u0259f\u0259l\u0259rl\u0259 dil\u0259 g\u0259tirib. M\u00fcz\u0259ff\u0259r Ali Ba\u015f Komandan K\u0259lb\u0259c\u0259r rayonuna s\u0259f\u0259ri zaman\u0131 bildirdi ki, erm\u0259ni vandallar\u0131n\u0131n t\u00f6r\u0259tdikl\u0259ri g\u00f6z qaba\u011f\u0131ndad\u0131r: \u201cAmma onlar\u0131n himay\u0259darlar\u0131 bunu g\u00f6rm\u0259k ist\u0259mirl\u0259r. Amma bunu g\u00f6rm\u0259lidirl\u0259r v\u0259 g\u00f6r\u0259c\u0259kl\u0259r. Bunu onlara g\u00f6st\u0259r\u0259c\u0259yik.\u201d<\/p>\n<p>Prezident \u0130lham \u018fliyev 27 Sentyabr \u2013 An\u0131m G\u00fcn\u00fc il\u0259 \u0259laq\u0259dar xalqa m\u00fcraci\u0259tind\u0259 d\u0259 erm\u0259ni fa\u015fizminin \u0259m\u0259ll\u0259rin\u0259 diqq\u0259t \u00e7\u0259k\u0259r\u0259k bu m\u0259qam\u0131 vur\u011fulam\u0131\u015fd\u0131: \u201cBizim b\u00fct\u00fcn \u015f\u0259h\u0259rl\u0259rimiz yerl\u0259-yeksan edilib, b\u00fct\u00fcn tarixi abid\u0259l\u0259rimiz, m\u0259scidl\u0259rimiz erm\u0259nil\u0259r t\u0259r\u0259find\u0259n ya tam da\u011f\u0131d\u0131l\u0131b, ya da t\u0259hqir olunub. 67 m\u0259scidd\u0259n 65-i tamamil\u0259 da\u011f\u0131d\u0131l\u0131b, qalan yar\u0131da\u011f\u0131lm\u0131\u015f m\u0259scidl\u0259rd\u0259 m\u0259nfur d\u00fc\u015fm\u0259n bizi t\u0259hqir etm\u0259k \u00fc\u00e7\u00fcn, b\u00fct\u00fcn d\u00fcnya m\u00fcs\u0259lmanlar\u0131n\u0131 t\u0259hqir etm\u0259k \u00fc\u00e7\u00fcn heyvan saxlay\u0131rd\u0131, in\u0259k, donuz saxlay\u0131rd\u0131. M\u0259n \u0259min\u0259m ki, d\u00fcnya m\u00fcs\u0259lmanlar\u0131 buna adekvat reaksiya ver\u0259c\u0259kl\u0259r. M\u0259n bir \u00e7ox m\u00fcs\u0259lman \u00f6lk\u0259l\u0259rind\u0259n bu m\u0259s\u0259l\u0259 il\u0259 ba\u011fl\u0131 m\u0259ktublar al\u0131ram. Biz i\u015f\u011fal d\u00f6vr\u00fcnd\u0259ki erm\u0259ni v\u0259h\u015filiyi il\u0259 ba\u011fl\u0131, erm\u0259ni fa\u015fizmi il\u0259 ba\u011fl\u0131 \u0259m\u0259li i\u015fl\u0259r apar\u0131r\u0131q, b\u00fct\u00fcn d\u00fcnyan\u0131 m\u0259lumatland\u0131r\u0131r\u0131q v\u0259 m\u0259lumatland\u0131raca\u011f\u0131q\u201d.<\/p>\n<p>Xat\u0131rladaq ki, Da\u011fl\u0131q Qaraba\u011f \u0259razisinin v\u0259 onun \u0259traf\u0131ndak\u0131 7 inzibati rayonun Erm\u0259nistan\u0131n i\u015f\u011fal\u0131na m\u0259ruz qalmas\u0131 n\u0259tic\u0259sind\u0259 m\u0259d\u0259niyy\u0259t abid\u0259l\u0259rimiz yerl\u0259-yeksan edilib. Statistikaya \u0259sas\u0259n, i\u015f\u011fal n\u0259tic\u0259sind\u0259 Az\u0259rbaycana aid 500 tarixi-memarl\u0131q abid\u0259l\u0259ri, 100-d\u0259n \u00e7ox arxeoloji abid\u0259, minl\u0259rl\u0259 \u0259s\u0259rin qorundu\u011fu 22 muzey, 4 r\u0259sm s\u0259rgisi, 4,6 milyon kitab v\u0259 \u0259lyazma saxlanan 927 kitabxana, 85 inc\u0259s\u0259n\u0259t m\u0259kt\u0259bi, 20 m\u0259d\u0259niyy\u0259t saray\u0131, 4 d\u00f6vl\u0259t teatr\u0131 erm\u0259nil\u0259r t\u0259r\u0259find\u0259n m\u0259hv edilib.<\/p>\n<p>Prezident \u0130lham \u018fliyev q\u0259tiyy\u0259tl\u0259 bildirir ki, d\u0259ymi\u015f h\u0259r bir ziyan hesablan\u0131r: \u00abAzad edilmi\u015f b\u00fct\u00fcn torpaqlarda, \u015f\u0259h\u0259rl\u0259rd\u0259, k\u0259ndl\u0259rd\u0259 indi monitorinq apar\u0131l\u0131r, pasportla\u015fd\u0131rma apar\u0131l\u0131r, b\u00fct\u00fcn evl\u0259rin pasportlar\u0131 haz\u0131rlan\u0131r, d\u0259ymi\u015f ziyan t\u0259sbit edilir v\u0259 biz beyn\u0259lxalq m\u0259hk\u0259m\u0259l\u0259rd\u0259 d\u0259ymi\u015f b\u00fct\u00fcn ziyan\u0131n qaytar\u0131lmas\u0131n\u0131 t\u0259l\u0259b ed\u0259c\u0259yik\u201d.<\/p>\n","protected":false},"excerpt":{"rendered":"<p>\u00c7ar Rusiyas\u0131 zaman\u0131 \u0259z\u0259li Az\u0259rbaycan torpa\u011f\u0131 Qaraba\u011fa k\u00f6\u00e7\u00fcr\u00fcld\u00fckl\u0259ri vaxtdan ba\u015flayaraq bu g\u00fcn\u0259 q\u0259d\u0259r erm\u0259ni t\u0259xribatlar\u0131 davam edir. Erm\u0259nil\u0259r \u0259razil\u0259rimizd\u0259 m\u0259skunla\u015fd\u0131qlar\u0131 ilk g\u00fcnd\u0259n Az\u0259rbaycan toponiml\u0259rini d\u0259yi\u015fm\u0259y\u0259 ba\u015flam\u0131\u015f, m\u00fcnbit \u0259razil\u0259ri \u0259l\u0259 ke\u00e7irm\u0259y\u0259 \u00e7al\u0131\u015fm\u0131\u015f, \u0259ks\u0259riyy\u0259t t\u0259\u015fkil etdikl\u0259ri ya\u015fay\u0131\u015f m\u0259nt\u0259q\u0259l\u0259rind\u0259 az\u0259rbaycanl\u0131lar\u0131 s\u0131x\u0131\u015fd\u0131rm\u0131\u015flar. Az\u0259rbaycanl\u0131lara qar\u015f\u0131 etnik d\u00f6z\u00fcms\u00fczl\u00fck \u00e7ar Rusiyas\u0131ndan sonrak\u0131 ill\u0259rd\u0259 d\u0259 davam etmi\u015fdir. Rusiya inqilablar\u0131n\u0131n yaratd\u0131\u011f\u0131 \u015f\u0259raitd\u0259n sui-istifad\u0259 ed\u0259n erm\u0259ni q\u0259sbkarlar\u0131 1905-1907-ci v\u0259 1918-ci ill\u0259rd\u0259 on minl\u0259rl\u0259 soyda\u015f\u0131m\u0131z\u0131 v\u0259h\u015fic\u0259sin\u0259 q\u0259tl\u0259 yetirmi\u015fl\u0259r. 1918-1920-ci ill\u0259r is\u0259 xalq\u0131m\u0131z\u0131n yadda\u015f\u0131nda erm\u0259ni silahl\u0131 quldur d\u0259st\u0259l\u0259rinin x\u00fcsusi q\u0259ddarl\u0131\u011f\u0131 il\u0259 yadda qalm\u0131\u015fd\u0131r. H\u0259min ill\u0259rd\u0259 \u0130r\u0259vanda, D\u0259r\u0259l\u0259y\u0259zd\u0259, Z\u0259ng\u0259zurda, G\u00f6y\u00e7\u0259d\u0259, Tiflisd\u0259, Nax\u00e7\u0131vanda, Bak\u0131da,&hellip;<\/p>\n","protected":false},"author":2,"featured_media":400453,"comment_status":"closed","ping_status":"closed","sticky":false,"template":"","format":"standard","meta":{"om_disable_all_campaigns":false,"_monsterinsights_skip_tracking":false,"_monsterinsights_sitenote_active":false,"_monsterinsights_sitenote_note":"","_monsterinsights_sitenote_category":0},"categories":[19],"tags":[],"aioseo_notices":[],"gutentor_comment":0,"rttpg_featured_image_url":{"full":["https:\/\/arantv.az\/wp-content\/uploads\/2021\/11\/808e22af161976791782187331210639598.jpg",975,540,false],"landscape":["https:\/\/arantv.az\/wp-content\/uploads\/2021\/11\/808e22af161976791782187331210639598.jpg",975,540,false],"portraits":["https:\/\/arantv.az\/wp-content\/uploads\/2021\/11\/808e22af161976791782187331210639598.jpg",975,540,false],"thumbnail":["https:\/\/arantv.az\/wp-content\/uploads\/2021\/11\/808e22af161976791782187331210639598-500x280.jpg",500,280,true],"medium":["https:\/\/arantv.az\/wp-content\/uploads\/2021\/11\/808e22af161976791782187331210639598-660x365.jpg",660,365,true],"large":["https:\/\/arantv.az\/wp-content\/uploads\/2021\/11\/808e22af161976791782187331210639598-840x465.jpg",640,354,true],"1536x1536":["https:\/\/arantv.az\/wp-content\/uploads\/2021\/11\/808e22af161976791782187331210639598.jpg",975,540,false],"2048x2048":["https:\/\/arantv.az\/wp-content\/uploads\/2021\/11\/808e22af161976791782187331210639598.jpg",975,540,false],"post-thumbnail":["https:\/\/arantv.az\/wp-content\/uploads\/2021\/11\/808e22af161976791782187331210639598-240x172.jpg",240,172,true],"advps-thumb-one":["https:\/\/arantv.az\/wp-content\/uploads\/2021\/11\/808e22af161976791782187331210639598.jpg",975,540,false]},"rttpg_author":{"display_name":"V\u00fcsal Rafiqo\u011flu","author_link":"https:\/\/arantv.az\/?author=2"},"rttpg_comment":0,"rttpg_category":"<a href=\"https:\/\/arantv.az\/?cat=19\" rel=\"category\">G\u00fcnd\u0259m<\/a>","rttpg_excerpt":"\u00c7ar Rusiyas\u0131 zaman\u0131 \u0259z\u0259li Az\u0259rbaycan torpa\u011f\u0131 Qaraba\u011fa k\u00f6\u00e7\u00fcr\u00fcld\u00fckl\u0259ri vaxtdan ba\u015flayaraq bu g\u00fcn\u0259 q\u0259d\u0259r erm\u0259ni t\u0259xribatlar\u0131 davam edir. Erm\u0259nil\u0259r \u0259razil\u0259rimizd\u0259 m\u0259skunla\u015fd\u0131qlar\u0131 ilk g\u00fcnd\u0259n Az\u0259rbaycan toponiml\u0259rini d\u0259yi\u015fm\u0259y\u0259 ba\u015flam\u0131\u015f, m\u00fcnbit \u0259razil\u0259ri \u0259l\u0259 ke\u00e7irm\u0259y\u0259 \u00e7al\u0131\u015fm\u0131\u015f, \u0259ks\u0259riyy\u0259t t\u0259\u015fkil etdikl\u0259ri ya\u015fay\u0131\u015f m\u0259nt\u0259q\u0259l\u0259rind\u0259 az\u0259rbaycanl\u0131lar\u0131 s\u0131x\u0131\u015fd\u0131rm\u0131\u015flar. Az\u0259rbaycanl\u0131lara qar\u015f\u0131 etnik d\u00f6z\u00fcms\u00fczl\u00fck \u00e7ar Rusiyas\u0131ndan sonrak\u0131 ill\u0259rd\u0259 d\u0259 davam etmi\u015fdir. Rusiya inqilablar\u0131n\u0131n yaratd\u0131\u011f\u0131 \u015f\u0259raitd\u0259n sui-istifad\u0259 ed\u0259n&hellip;","_links":{"self":[{"href":"https:\/\/arantv.az\/index.php?rest_route=\/wp\/v2\/posts\/400452"}],"collection":[{"href":"https:\/\/arantv.az\/index.php?rest_route=\/wp\/v2\/posts"}],"about":[{"href":"https:\/\/arantv.az\/index.php?rest_route=\/wp\/v2\/types\/post"}],"author":[{"embeddable":true,"href":"https:\/\/arantv.az\/index.php?rest_route=\/wp\/v2\/users\/2"}],"replies":[{"embeddable":true,"href":"https:\/\/arantv.az\/index.php?rest_route=%2Fwp%2Fv2%2Fcomments&post=400452"}],"version-history":[{"count":0,"href":"https:\/\/arantv.az\/index.php?rest_route=\/wp\/v2\/posts\/400452\/revisions"}],"wp:featuredmedia":[{"embeddable":true,"href":"https:\/\/arantv.az\/index.php?rest_route=\/wp\/v2\/media\/400453"}],"wp:attachment":[{"href":"https:\/\/arantv.az\/index.php?rest_route=%2Fwp%2Fv2%2Fmedia&parent=400452"}],"wp:term":[{"taxonomy":"category","embeddable":true,"href":"https:\/\/arantv.az\/index.php?rest_route=%2Fwp%2Fv2%2Fcategories&post=400452"},{"taxonomy":"post_tag","embeddable":true,"href":"https:\/\/arantv.az\/index.php?rest_route=%2Fwp%2Fv2%2Ftags&post=400452"}],"curies":[{"name":"wp","href":"https:\/\/api.w.org\/{rel}","templated":true}]}}