{"id":400461,"date":"2021-11-06T07:54:28","date_gmt":"2021-11-06T04:54:28","guid":{"rendered":"http:\/\/arantv.az\/?p=400461"},"modified":"2021-11-06T07:54:28","modified_gmt":"2021-11-06T04:54:28","slug":"z%c9%99f%c9%99rl%c9%99-zin%c9%99tl%c9%99nmis-sanli-ildonumu","status":"publish","type":"post","link":"https:\/\/arantv.az\/?p=400461","title":{"rendered":"Z\u0259f\u0259rl\u0259 zin\u0259tl\u0259nmi\u015f \u015fanl\u0131 ild\u00f6n\u00fcm\u00fc"},"content":{"rendered":"<p>SSR\u0130-nin s\u00fcqutundan sonra f\u00fcrs\u0259td\u0259n istifad\u0259 ed\u0259r\u0259k hakimiyy\u0259t\u0259 yiy\u0259l\u0259nm\u0259k u\u011frunda \u00f6z aralar\u0131nda daxili \u00e7arp\u0131\u015fmaya qalxan \u00fczd\u0259niraq siyas\u0259tbazlar\u0131n b\u0259d v\u0259 son d\u0259r\u0259c\u0259 t\u0259hl\u00fck\u0259li \u0259m\u0259ll\u0259ri ill\u0259r boyu \u00f6lk\u0259miz\u0259 qar\u015f\u0131 \u0259razi iddias\u0131 il\u0259 al\u0131\u015f\u0131b-yanan, \u201cb\u00f6y\u00fck Erm\u0259nistan\u201d d\u00f6vl\u0259ti yaratmaq kimi iyr\u0259nc x\u00fclyaya d\u00fc\u015f\u0259n b\u0259dnam qon\u015fumuz Erm\u0259nistan\u0131n, h\u0259m\u00e7inin \u0259razimizd\u0259 yuva salm\u0131\u015f seperat\u00e7\u0131 silahl\u0131 erm\u0259ni birl\u0259\u015fm\u0259l\u0259rinin f\u0259alla\u015fmas\u0131na s\u0259b\u0259b oldu. Az\u0259rbaycan\u0131n d\u00f6vl\u0259t m\u00fcst\u0259qilliyi t\u0259hl\u00fck\u0259 il\u0259 \u00fcz-\u00fcz\u0259 qalm\u0131\u015fd\u0131.<\/p>\n<p>N\u0259hay\u0259t, 1993-c\u00fc ilin iyun ay\u0131nda daxili \u00e7arp\u0131\u015fma v\u0259 v\u0259t\u0259nda\u015f m\u00fcharib\u0259si h\u0259ddin\u0259 \u00e7atm\u0131\u015f \u00f6lk\u0259mizin taleyi \u00e7oxmilyonlu xalq\u0131m\u0131z\u0131n t\u0259kidli t\u0259l\u0259bi il\u0259 Ulu \u00d6nd\u0259r\u0259 etibar edildi. \u0130dar\u0259\u00e7iliyi k\u00f6k\u00fcnd\u0259n qopmu\u015f Az\u0259rbaycan m\u0259hz \u00dcmummilli Liderini m\u00fcdrik, uzaqg\u00f6r\u0259n siyas\u0259ti, z\u0259ngin idar\u0259etm\u0259 bacar\u0131\u011f\u0131 say\u0259sind\u0259 getdikc\u0259 q\u0259ddini d\u00fcz\u0259ltm\u0259y\u0259 ba\u015flad\u0131. \u0130lk \u00f6nc\u0259 c\u0259miyy\u0259td\u0259 h\u00f6km s\u00fcr\u0259n iqtisadi-siyasi, m\u0259n\u0259vi-psixioloji g\u0259rginliyi aradan qald\u0131ran Ulu \u00d6nd\u0259r d\u00f6vl\u0259t v\u0259 ordu quruculu\u011funun g\u00fccl\u0259ndirilm\u0259sinin z\u0259ruriliyini \u015f\u0259rtl\u0259ndirdi. Eyni zamanda, \u00f6lk\u0259 daxilind\u0259 m\u00f6hk\u0259m v\u0259 etibarl\u0131 sabitliyin yarad\u0131lmas\u0131, demokratik islahatlar prosesin\u0259 ba\u015fland\u0131. B\u00fct\u00fcn qanunvericilik v\u0259 idar\u0259etm\u0259 strukturlar\u0131nda \u0259dal\u0259t pirnsipin\u0259 s\u00f6yk\u0259n\u0259n demokratik islahatlar v\u00fcs\u0259t ald\u0131. \u018fdliyy\u0259, m\u0259hk\u0259m\u0259, prokurorluq, h\u0259min qurumlar\u0131n t\u0259rkib hiss\u0259si olan notariat, v\u0259t\u0259nda\u015fl\u0131q v\u0259ziyy\u0259tinin qeyd\u0259 al\u0131nmas\u0131 orqanlar\u0131n\u0131n maddi-texniki bazalar\u0131 m\u00f6hk\u0259ml\u0259ndirilm\u0259kl\u0259, insan h\u00fcquq v\u0259 azadl\u0131qlar\u0131n\u0131n etibarl\u0131 qorunmas\u0131 v\u0259 m\u00fcdafi\u0259si m\u0259qs\u0259di il\u0259 yeni qanunvericilik aktlar\u0131 q\u0259bul edildi.<\/p>\n<p>Ulu \u00d6nd\u0259rin beyn\u0259lxalq m\u00fcst\u0259vid\u0259 n\u00fcfuzunun getdikc\u0259 y\u00fcks\u0259lm\u0259si d\u00fcnyan\u0131n bir s\u0131ra \u00f6lk\u0259l\u0259rinin Az\u0259rbaycana mara\u011f\u0131n\u0131 art\u0131rd\u0131. Bu islahatlar\u0131n ilkin n\u0259tic\u0259si olaraq 1994-c\u00fc ilin sentyabr\u0131nda m\u0259hz Heyd\u0259r \u018fliyevin m\u00fc\u0259llifi oldu\u011fu n\u0259h\u0259ng neft m\u00fcqavil\u0259si- \u00ab\u018fsrin m\u00fcqavil\u0259si\u00bb imzaland\u0131. Bununla da Az\u0259rbaycan son d\u00f6vl\u0259t\u00e7ilik tarixind\u0259 ilk d\u0259f\u0259 olaraq \u00f6z s\u0259rv\u0259tl\u0259rinin \u0259sl sahibi kimi \u00e7\u0131x\u0131\u015f etdi.<\/p>\n<p>\u00d6lk\u0259mizin m\u00fcst\u0259qilliyini v\u0259 \u0259razi b\u00fct\u00f6vl\u00fcy\u00fcn\u00fc t\u0259min etm\u0259k, q\u00fcdr\u0259tli d\u00f6vl\u0259t yaratmaq arzusunda olan \u00dcmummilli Liderin yar\u0131m\u00e7\u0131q qalm\u0131\u015f m\u00fcq\u0259dd\u0259s ideyalar\u0131n\u0131 m\u0259hz 2003-c\u00fc ild\u0259 xalq\u0131m\u0131z\u0131n m\u00fctl\u0259q \u0259ks\u0259riyy\u0259tinin s\u0259s \u00e7oxlu\u011fu il\u0259 hakimiyy\u0259t\u0259 g\u0259l\u0259n m\u00f6ht\u0259r\u0259m Prezidentimiz \u0130lham \u018fliyev s\u0259daq\u0259tl\u0259 davam etdirm\u0259k yolunu se\u00e7di. \u018fsrin \u0259vv\u0259lind\u0259n qaynaqlanan d\u00f6vl\u0259t\u00e7ilik siyas\u0259timizi, \u0259dliyy\u0259, m\u0259hk\u0259m\u0259, prokurorluq, h\u00fcquq-m\u00fchafiz\u0259, qanunverici v\u0259 icraedici strukturlar\u0131n h\u00fcquq-m\u00fchafiz\u0259 orqanlar\u0131n\u0131n f\u0259aliyy\u0259tinin daha da t\u0259kmill\u0259\u015fdirilm\u0259si v\u0259 Az\u0259rbaycan\u0131n regionda h\u00fcquqi-dimokratik d\u00f6vl\u0259t kimi m\u00f6hk\u0259m\u0259lnm\u0259si yolunda inaml\u0131 add\u0131mlar atd\u0131. Lakin bu ill\u0259r \u0259rzind\u0259 \u0259ld\u0259 olunan u\u011furlara baxmayaraq xalq\u0131m\u0131z\u0131n Qaraba\u011f d\u0259rdi qalmaqda idi. D\u00fczg\u00fcn, d\u00fc\u015f\u00fcn\u00fclm\u00fc\u015f v\u0259 balansla\u015fd\u0131r\u0131lm\u0131\u015f daxili v\u0259 xarici siyas\u0259ti il\u0259 d\u00fcnya arenas\u0131nda n\u00fcfuzu artan \u00f6lk\u0259 ba\u015f\u00e7\u0131s\u0131 f\u0259aliyy\u0259tinin \u0259sas prioritetini \u0259razi b\u00fct\u00f6vl\u00fcy\u00fcm\u00fcz\u00fcn t\u0259min olunmas\u0131na y\u00f6n\u0259ltm\u0259kl\u0259 durmadan i\u015f apar\u0131rd\u0131. C\u0259nab Prezident v\u0259 \u00f6lk\u0259mizin Birinci vitse-prezidenti Mehriban xan\u0131m \u018fliyeva r\u0259smi xarici s\u0259f\u0259rl\u0259rd\u0259, beyn\u0259lxalq s\u0259viyy\u0259li v\u0259 diplomatik korpuslarda g\u00fccl\u00fc siyasi irad\u0259, q\u0259tiyy\u0259t v\u0259 c\u0259sar\u0259t g\u00f6st\u0259rir, ali k\u00fcrs\u00fcl\u0259rd\u0259n m\u0259nfur Erm\u0259nistan\u0131n i\u00e7 \u00fcz\u00fcn\u00fc, i\u015f\u011fal\u00e7\u0131 v\u0259 t\u0259cav\u00fczkar siyas\u0259tini if\u015fa edir, d\u00fcnya ictimaiyy\u0259tini Erm\u0259nistan r\u0259hb\u0259rliyinin avant\u00fcrist v\u0259 qeyri-konstruktiv m\u00f6vqeyini pisl\u0259m\u0259y\u0259 \u00e7a\u011f\u0131r\u0131rd\u0131lar. Lakin demokratiyadan d\u0259m vuran v\u0259 ikiba\u015fl\u0131 siyas\u0259t yerid\u0259n bir s\u0131ra Avropa \u00f6lk\u0259l\u0259ri, x\u00fcsusil\u0259 m\u00fcnaqi\u015f\u0259nin dinc yolla, \u0259dal\u0259tli h\u0259llin\u0259 bilavasit\u0259 cavabdehlik da\u015f\u0131yan BMT T\u0259hl\u00fck\u0259sizlik \u015euras\u0131, Avropa \u015euras\u0131, AT\u018fT-in Minsk qrupu seyr\u00e7i m\u00f6vqeyind\u0259 durur, \u0259razil\u0259rmizin 20 faizind\u0259n \u00e7oxunu i\u015f\u011fal alt\u0131nda saxlayan d\u00fc\u015fm\u0259nin xain \u0259m\u0259ll\u0259rin\u0259 g\u00f6z yumurdular. Art\u0131q s\u0259bir kasas\u0131 da\u015fm\u0131\u015f m\u00f6ht\u0259r\u0259m Prezidentimiz \u0130lham \u018fliyev \u00f6lk\u0259mizin s\u0259rh\u0259dl\u0259rini intensiv olaraq silahl\u0131 t\u0259xribatla kobud \u015f\u0259kild\u0259 pozmaq kimi iyr\u0259nc xisl\u0259tind\u0259n \u0259l \u00e7\u0259km\u0259y\u0259n d\u00fc\u015fm\u0259nin sonu g\u00f6r\u00fcnm\u0259y\u0259n t\u0259xribatlar\u0131n\u0131n qar\u015f\u0131s\u0131n\u0131 almaq m\u0259qs\u0259di il\u0259 2020-ci il sentyabr\u0131n 27-d\u0259 \u0259ks-h\u00fccuma, \u0130kinci Qaraba\u011f sava\u015f\u0131na ba\u015flamaq haqq\u0131nda \u0259mr verdi. H\u0259min g\u00fcnd\u0259n Ali Ba\u015f Komandan c\u0259nab \u0130lham \u018fliyevin \u00abd\u0259mir yumru\u011fu\u00bb \u0259traf\u0131nda birl\u0259\u015f\u0259n ordu v\u0259 xalq torpaqlar\u0131m\u0131z\u0131n i\u015f\u011faldan azad olunmas\u0131 u\u011frunda m\u00fcharib\u0259y\u0259 ba\u015flad\u0131. Q\u00fcdr\u0259tli, yenilm\u0259z v\u0259 g\u00fccl\u00fc Milli Ordumuzun h\u0259r bir general\u0131, zabiti v\u0259 \u0259sg\u0259ri b\u00fct\u00fcn c\u0259bh\u0259 boyu c\u0259surluq, q\u0259hr\u0259manl\u0131q, c\u0259ngav\u0259rlik, misli g\u00f6r\u00fcnm\u0259mi\u015f m\u0259rdlik v\u0259 r\u0259\u015fad\u0259t g\u00f6st\u0259r\u0259r\u0259k d\u00fc\u015fm\u0259nin ke\u00e7ilm\u0259z istehkamlar\u0131n\u0131, m\u00fch\u0259ndis-texniki qur\u011fular\u0131n\u0131, h\u00fccum v\u0259 m\u00fc\u015fahid\u0259 m\u0259nt\u0259q\u0259l\u0259rini, t\u00fclk\u00fc kimi gizl\u0259ndikl\u0259ri yeralt\u0131 bunker v\u0259 tunell\u0259ri darmada\u011f\u0131n ed\u0259r\u0259k c\u0259mi 44 \u0259rzind\u0259 30 il\u0259 yax\u0131n i\u015f\u011fal alt\u0131nda inl\u0259y\u0259n m\u00fcq\u0259dd\u0259s torpaqlar\u0131m\u0131z\u0131 azad edib, \u00fc\u00e7r\u0259ngli bayra\u011f\u0131m\u0131z\u0131 do\u011fma Qaraba\u011f\u0131m\u0131zda dal\u011faland\u0131rd\u0131lar.<\/p>\n<p>Ya\u011f\u0131 d\u00fc\u015fm\u0259n \u00fcz\u0259rind\u0259 m\u00f6ht\u0259\u015f\u0259m Q\u0259l\u0259b\u0259mizin \u015fanl\u0131 ild\u00f6n\u00fcm\u00fcn\u00fc, D\u00f6vl\u0259t Bayra\u011f\u0131 G\u00fcn\u00fcm\u00fcz\u00fc b\u00f6y\u00fck t\u0259nt\u0259n\u0259, \u0259sl el bayram\u0131 kimi qeyd etdiyimiz bir vaxtda onu da q\u00fcrurla vur\u011fulama\u011fa d\u0259y\u0259r ki, b\u00fct\u00fcn r\u0259smi d\u00f6vl\u0259t orqanlar\u0131 kimi, \u00e7al\u0131\u015fd\u0131\u011f\u0131m \u018fdliyy\u0259 Nazirliyinin b\u00fct\u00fcn strukturlar\u0131 da gec\u0259l\u0259rini g\u00fcnd\u00fcz\u0259 qataraq 44 g\u00fcnl\u00fck V\u0259t\u0259n m\u00fcharib\u0259si d\u00f6vr\u00fcnd\u0259 Erm\u0259nistan\u0131n m\u00fcharib\u0259 cinay\u0259tl\u0259rinin, qeyri-insani \u0259m\u0259ll\u0259rinin beyn\u0259lxalq ictimaiyy\u0259tin diqq\u0259tin\u0259 daha dol\u011fun \u00e7atd\u0131r\u0131lmas\u0131nda, h\u0259m\u00e7inin xarici \u00f6lk\u0259l\u0259rin \u0259dliyyy\u0259 nazirl\u0259rin\u0259 x\u00fcsusi m\u00fcraci\u0259tl\u0259r \u00fcnvanlanmas\u0131nda xidm\u0259tl\u0259ri il\u0259 Q\u0259l\u0259b\u0259miz\u0259 \u00f6z t\u00f6hf\u0259l\u0259rini vermi\u015fl\u0259r.<\/p>\n<p>M\u0259n bir \u0259dliyy\u0259 i\u015f\u00e7isi, bir ziyal\u0131, bir Az\u0259rbycan qad\u0131n\u0131 olaraq Z\u0259f\u0259rl\u0259 zin\u0259tl\u0259nmi\u015f \u015fanl\u0131 Q\u0259l\u0259b\u0259mizin ild\u00f6n\u00fcm\u00fc g\u00fcn\u00fcnd\u0259 sonsuz q\u00fcrur hissi ke\u00e7irir, xalq\u0131m\u0131za d\u00fcnya s\u0259viyy\u0259sind\u0259 ba\u015f ucal\u0131\u011f\u0131 g\u0259tir\u0259n, ba\u015fda m\u00f6ht\u0259r\u0259m Prezidentimiz, Silahl\u0131 Q\u00fcvv\u0259l\u0259rin Ali Ba\u015f Komandan\u0131, yenilm\u0259z v\u0259 M\u00fcz\u0259ff\u0259r S\u0259rk\u0259rd\u0259 c\u0259nab \u0130lham \u018fliyev olmaqla c\u0259bh\u0259 b\u00f6lg\u0259sind\u0259 can\u0131n\u0131-qan\u0131n\u0131 v\u0259 h\u0259yat\u0131n\u0131 V\u0259t\u0259n\u0259 qurban verm\u0259y\u0259 haz\u0131r olanlar\u0131n qar\u015f\u0131s\u0131nda ba\u015f \u0259yir, \u015f\u0259hidlik zirv\u0259sin\u0259 y\u00fcks\u0259lmi\u015f \u0259r\u0259nl\u0259rimiz\u0259 Tanr\u0131dan r\u0259hm\u0259t dil\u0259yir\u0259m.<\/p>\n<p>N\u0259 xo\u015f ki, art\u0131q D\u00f6vl\u0259t Bayra\u011f\u0131 G\u00fcn\u00fcn\u00fc, \u015fanl\u0131 Q\u0259l\u0259b\u0259mizin ild\u00f6n\u00fcm\u00fcn\u00fc v\u0259 qar\u015f\u0131dan g\u0259l\u0259n 22 noyabr \u2013 \u018fdliyy\u0259 Nazirliyinin yaranmas\u0131n\u0131n 103-c\u00fc ild\u00f6n\u00fcm\u00fc- pe\u015f\u0259 bayram\u0131 g\u00fcn\u00fcm\u00fcz\u00fc h\u00fcznl\u00fc, q\u0259mli, s\u00f6n\u00fck notlarla deyil, b\u00f6y\u00fck k\u00f6n\u00fcl xo\u015flu\u011fu il\u0259 qeyd etm\u0259k n\u0259sibimiz oldu. Z\u0259f\u0259r bayram\u0131n m\u00fcbar\u0259k, V\u0259t\u0259nim! Q\u0259l\u0259b\u0259 bayram\u0131n m\u00fcbar\u0259k, xalq\u0131m! G\u00f6z\u00fcn ayd\u0131n,Az\u0259rbaycan!<\/p>\n<p><strong>G\u00fclyanaq Bax\u0131\u015fova,<\/strong><br \/>\n<em>Yevlax rayon 1 n\u00f6mr\u0259li Notariat ofisinin notariusu<\/em><\/p>\n","protected":false},"excerpt":{"rendered":"<p>SSR\u0130-nin s\u00fcqutundan sonra f\u00fcrs\u0259td\u0259n istifad\u0259 ed\u0259r\u0259k hakimiyy\u0259t\u0259 yiy\u0259l\u0259nm\u0259k u\u011frunda \u00f6z aralar\u0131nda daxili \u00e7arp\u0131\u015fmaya qalxan \u00fczd\u0259niraq siyas\u0259tbazlar\u0131n b\u0259d v\u0259 son d\u0259r\u0259c\u0259 t\u0259hl\u00fck\u0259li \u0259m\u0259ll\u0259ri ill\u0259r boyu \u00f6lk\u0259miz\u0259 qar\u015f\u0131 \u0259razi iddias\u0131 il\u0259 al\u0131\u015f\u0131b-yanan, \u201cb\u00f6y\u00fck Erm\u0259nistan\u201d d\u00f6vl\u0259ti yaratmaq kimi iyr\u0259nc x\u00fclyaya d\u00fc\u015f\u0259n b\u0259dnam qon\u015fumuz Erm\u0259nistan\u0131n, h\u0259m\u00e7inin \u0259razimizd\u0259 yuva salm\u0131\u015f seperat\u00e7\u0131 silahl\u0131 erm\u0259ni birl\u0259\u015fm\u0259l\u0259rinin f\u0259alla\u015fmas\u0131na s\u0259b\u0259b oldu. Az\u0259rbaycan\u0131n d\u00f6vl\u0259t m\u00fcst\u0259qilliyi t\u0259hl\u00fck\u0259 il\u0259 \u00fcz-\u00fcz\u0259 qalm\u0131\u015fd\u0131. N\u0259hay\u0259t, 1993-c\u00fc ilin iyun ay\u0131nda daxili \u00e7arp\u0131\u015fma v\u0259 v\u0259t\u0259nda\u015f m\u00fcharib\u0259si h\u0259ddin\u0259 \u00e7atm\u0131\u015f \u00f6lk\u0259mizin taleyi \u00e7oxmilyonlu xalq\u0131m\u0131z\u0131n t\u0259kidli t\u0259l\u0259bi il\u0259 Ulu \u00d6nd\u0259r\u0259 etibar edildi. \u0130dar\u0259\u00e7iliyi k\u00f6k\u00fcnd\u0259n qopmu\u015f Az\u0259rbaycan m\u0259hz \u00dcmummilli Liderini m\u00fcdrik,&hellip;<\/p>\n","protected":false},"author":2,"featured_media":400462,"comment_status":"closed","ping_status":"closed","sticky":false,"template":"","format":"standard","meta":{"om_disable_all_campaigns":false,"_monsterinsights_skip_tracking":false,"_monsterinsights_sitenote_active":false,"_monsterinsights_sitenote_note":"","_monsterinsights_sitenote_category":0},"categories":[26],"tags":[],"aioseo_notices":[],"gutentor_comment":0,"rttpg_featured_image_url":{"full":["https:\/\/arantv.az\/wp-content\/uploads\/2021\/11\/a6ce9144163306541782596475710843321-1.jpg",975,540,false],"landscape":["https:\/\/arantv.az\/wp-content\/uploads\/2021\/11\/a6ce9144163306541782596475710843321-1.jpg",975,540,false],"portraits":["https:\/\/arantv.az\/wp-content\/uploads\/2021\/11\/a6ce9144163306541782596475710843321-1.jpg",975,540,false],"thumbnail":["https:\/\/arantv.az\/wp-content\/uploads\/2021\/11\/a6ce9144163306541782596475710843321-1-500x280.jpg",500,280,true],"medium":["https:\/\/arantv.az\/wp-content\/uploads\/2021\/11\/a6ce9144163306541782596475710843321-1-660x365.jpg",660,365,true],"large":["https:\/\/arantv.az\/wp-content\/uploads\/2021\/11\/a6ce9144163306541782596475710843321-1-840x465.jpg",640,354,true],"1536x1536":["https:\/\/arantv.az\/wp-content\/uploads\/2021\/11\/a6ce9144163306541782596475710843321-1.jpg",975,540,false],"2048x2048":["https:\/\/arantv.az\/wp-content\/uploads\/2021\/11\/a6ce9144163306541782596475710843321-1.jpg",975,540,false],"post-thumbnail":["https:\/\/arantv.az\/wp-content\/uploads\/2021\/11\/a6ce9144163306541782596475710843321-1-240x172.jpg",240,172,true],"advps-thumb-one":["https:\/\/arantv.az\/wp-content\/uploads\/2021\/11\/a6ce9144163306541782596475710843321-1.jpg",975,540,false]},"rttpg_author":{"display_name":"V\u00fcsal Rafiqo\u011flu","author_link":"https:\/\/arantv.az\/?author=2"},"rttpg_comment":0,"rttpg_category":"<a href=\"https:\/\/arantv.az\/?cat=26\" rel=\"category\">Sosial<\/a>","rttpg_excerpt":"SSR\u0130-nin s\u00fcqutundan sonra f\u00fcrs\u0259td\u0259n istifad\u0259 ed\u0259r\u0259k hakimiyy\u0259t\u0259 yiy\u0259l\u0259nm\u0259k u\u011frunda \u00f6z aralar\u0131nda daxili \u00e7arp\u0131\u015fmaya qalxan \u00fczd\u0259niraq siyas\u0259tbazlar\u0131n b\u0259d v\u0259 son d\u0259r\u0259c\u0259 t\u0259hl\u00fck\u0259li \u0259m\u0259ll\u0259ri ill\u0259r boyu \u00f6lk\u0259miz\u0259 qar\u015f\u0131 \u0259razi iddias\u0131 il\u0259 al\u0131\u015f\u0131b-yanan, \u201cb\u00f6y\u00fck Erm\u0259nistan\u201d d\u00f6vl\u0259ti yaratmaq kimi iyr\u0259nc x\u00fclyaya d\u00fc\u015f\u0259n b\u0259dnam qon\u015fumuz Erm\u0259nistan\u0131n, h\u0259m\u00e7inin \u0259razimizd\u0259 yuva salm\u0131\u015f seperat\u00e7\u0131 silahl\u0131 erm\u0259ni birl\u0259\u015fm\u0259l\u0259rinin f\u0259alla\u015fmas\u0131na s\u0259b\u0259b oldu. Az\u0259rbaycan\u0131n d\u00f6vl\u0259t m\u00fcst\u0259qilliyi&hellip;","_links":{"self":[{"href":"https:\/\/arantv.az\/index.php?rest_route=\/wp\/v2\/posts\/400461"}],"collection":[{"href":"https:\/\/arantv.az\/index.php?rest_route=\/wp\/v2\/posts"}],"about":[{"href":"https:\/\/arantv.az\/index.php?rest_route=\/wp\/v2\/types\/post"}],"author":[{"embeddable":true,"href":"https:\/\/arantv.az\/index.php?rest_route=\/wp\/v2\/users\/2"}],"replies":[{"embeddable":true,"href":"https:\/\/arantv.az\/index.php?rest_route=%2Fwp%2Fv2%2Fcomments&post=400461"}],"version-history":[{"count":0,"href":"https:\/\/arantv.az\/index.php?rest_route=\/wp\/v2\/posts\/400461\/revisions"}],"wp:featuredmedia":[{"embeddable":true,"href":"https:\/\/arantv.az\/index.php?rest_route=\/wp\/v2\/media\/400462"}],"wp:attachment":[{"href":"https:\/\/arantv.az\/index.php?rest_route=%2Fwp%2Fv2%2Fmedia&parent=400461"}],"wp:term":[{"taxonomy":"category","embeddable":true,"href":"https:\/\/arantv.az\/index.php?rest_route=%2Fwp%2Fv2%2Fcategories&post=400461"},{"taxonomy":"post_tag","embeddable":true,"href":"https:\/\/arantv.az\/index.php?rest_route=%2Fwp%2Fv2%2Ftags&post=400461"}],"curies":[{"name":"wp","href":"https:\/\/api.w.org\/{rel}","templated":true}]}}