{"id":400464,"date":"2021-11-06T07:55:04","date_gmt":"2021-11-06T04:55:04","guid":{"rendered":"http:\/\/arantv.az\/?p=400464"},"modified":"2021-11-06T07:55:04","modified_gmt":"2021-11-06T04:55:04","slug":"az%c9%99rbaycanin-istanbul-bas-konsullugu-z%c9%99f%c9%99r-gunu-il%c9%99-bagli-t%c9%99dbir-kecirib","status":"publish","type":"post","link":"https:\/\/arantv.az\/?p=400464","title":{"rendered":"Az\u0259rbaycan\u0131n \u0130stanbul Ba\u015f Konsullu\u011fu Z\u0259f\u0259r g\u00fcn\u00fc il\u0259 ba\u011fl\u0131 t\u0259dbir ke\u00e7irib"},"content":{"rendered":"<p>T\u00fcrkiy\u0259d\u0259 Az\u0259rbaycan\u0131n 8 Noyabr Z\u0259f\u0259r g\u00fcn\u00fc il\u0259 ba\u011fl\u0131 ke\u00e7irdiyi t\u0259dbirl\u0259r \u00e7\u0259r\u00e7iv\u0259sind\u0259 \u0130stanbulda \u201c\u015eanl\u0131 z\u0259f\u0259rin birinci ild\u00f6n\u00fcm\u00fcn\u0259 h\u0259sr olunmu\u015f gec\u0259\u201d ke\u00e7irilib.<\/p>\n<p><strong>ARANTV.AZ x\u0259b\u0259r verir ki,<\/strong>\u00a0Az\u0259rbaycan\u0131n \u0130stanbuldak\u0131 Ba\u015f Konsullu\u011funun t\u0259\u015fkilat\u00e7\u0131l\u0131\u011f\u0131 il\u0259 ke\u00e7iril\u0259n t\u0259dbird\u0259 \u0130stanbul valiliyinin, T\u00fcrkiy\u0259 M\u0259d\u0259niyy\u0259t Turizm Nazirliyinin n\u00fcmay\u0259nd\u0259l\u0259ri, deputatlar, T\u00fcrkiy\u0259d\u0259ki Az\u0259rbaycanl\u0131 \u0130\u015f Adamlar\u0131 Birliyinin \u00fczvl\u0259ri, qazil\u0259r, K\u0130V t\u0259msil\u00e7il\u0259ri i\u015ftirak edibl\u0259r.<\/p>\n<p>Az\u0259rbaycan\u0131n \u0130stanbul \u015f\u0259h\u0259rind\u0259ki Ba\u015f Konsulu N\u0259rmin\u0259 Mustafayeva deyib ki, 84 milyonluq T\u00fcrkiy\u0259 m\u00fcharib\u0259nin ilk anlar\u0131ndan Az\u0259rbaycan\u0131n yan\u0131nda olub: \u201cAz\u0259rbaycan\u0131n 44 g\u00fcnl\u00fck z\u0259f\u0259r bayram\u0131 m\u00fcbar\u0259kdir! Bu g\u00fcn buraya Az\u0259rbaycan tarixin\u0259 q\u0131z\u0131l h\u0259rfl\u0259rl\u0259 yaz\u0131lan bu g\u00fcn\u00fc qeyd etm\u0259k \u00fc\u00e7\u00fcn topla\u015fd\u0131q. Amma bu z\u0259f\u0259r t\u0259kc\u0259 Az\u0259rbaycan\u0131n deyil, bizim yan\u0131m\u0131zda olan, bizi d\u0259st\u0259kl\u0259y\u0259nl\u0259rin ham\u0131s\u0131n\u0131n z\u0259f\u0259ridir\u201d.<\/p>\n<p>Telejurnalist S\u0259id\u0259 \u00d6m\u0259rin t\u0259qdimat\u0131 il\u0259 ba\u015f tutan bayram t\u0259dbiri musiqi\u00e7il\u0259rin, r\u0259qs qrupunun ifas\u0131 il\u0259 ba\u015fa \u00e7at\u0131b.<\/p>\n","protected":false},"excerpt":{"rendered":"<p>T\u00fcrkiy\u0259d\u0259 Az\u0259rbaycan\u0131n 8 Noyabr Z\u0259f\u0259r g\u00fcn\u00fc il\u0259 ba\u011fl\u0131 ke\u00e7irdiyi t\u0259dbirl\u0259r \u00e7\u0259r\u00e7iv\u0259sind\u0259 \u0130stanbulda \u201c\u015eanl\u0131 z\u0259f\u0259rin birinci ild\u00f6n\u00fcm\u00fcn\u0259 h\u0259sr olunmu\u015f gec\u0259\u201d ke\u00e7irilib. ARANTV.AZ x\u0259b\u0259r verir ki,\u00a0Az\u0259rbaycan\u0131n \u0130stanbuldak\u0131 Ba\u015f Konsullu\u011funun t\u0259\u015fkilat\u00e7\u0131l\u0131\u011f\u0131 il\u0259 ke\u00e7iril\u0259n t\u0259dbird\u0259 \u0130stanbul valiliyinin, T\u00fcrkiy\u0259 M\u0259d\u0259niyy\u0259t Turizm Nazirliyinin n\u00fcmay\u0259nd\u0259l\u0259ri, deputatlar, T\u00fcrkiy\u0259d\u0259ki Az\u0259rbaycanl\u0131 \u0130\u015f Adamlar\u0131 Birliyinin \u00fczvl\u0259ri, qazil\u0259r, K\u0130V t\u0259msil\u00e7il\u0259ri i\u015ftirak edibl\u0259r. Az\u0259rbaycan\u0131n \u0130stanbul \u015f\u0259h\u0259rind\u0259ki Ba\u015f Konsulu N\u0259rmin\u0259 Mustafayeva deyib ki, 84 milyonluq T\u00fcrkiy\u0259 m\u00fcharib\u0259nin ilk anlar\u0131ndan Az\u0259rbaycan\u0131n yan\u0131nda olub: \u201cAz\u0259rbaycan\u0131n 44 g\u00fcnl\u00fck z\u0259f\u0259r bayram\u0131 m\u00fcbar\u0259kdir! Bu g\u00fcn buraya Az\u0259rbaycan tarixin\u0259 q\u0131z\u0131l h\u0259rfl\u0259rl\u0259 yaz\u0131lan bu g\u00fcn\u00fc qeyd etm\u0259k \u00fc\u00e7\u00fcn topla\u015fd\u0131q. Amma bu&hellip;<\/p>\n","protected":false},"author":2,"featured_media":400465,"comment_status":"closed","ping_status":"closed","sticky":false,"template":"","format":"standard","meta":{"om_disable_all_campaigns":false,"_monsterinsights_skip_tracking":false,"_monsterinsights_sitenote_active":false,"_monsterinsights_sitenote_note":"","_monsterinsights_sitenote_category":0},"categories":[26],"tags":[],"aioseo_notices":[],"gutentor_comment":0,"rttpg_featured_image_url":{"full":["https:\/\/arantv.az\/wp-content\/uploads\/2021\/11\/c82836ed163617205148278227810301411.jpg",975,540,false],"landscape":["https:\/\/arantv.az\/wp-content\/uploads\/2021\/11\/c82836ed163617205148278227810301411.jpg",975,540,false],"portraits":["https:\/\/arantv.az\/wp-content\/uploads\/2021\/11\/c82836ed163617205148278227810301411.jpg",975,540,false],"thumbnail":["https:\/\/arantv.az\/wp-content\/uploads\/2021\/11\/c82836ed163617205148278227810301411-500x280.jpg",500,280,true],"medium":["https:\/\/arantv.az\/wp-content\/uploads\/2021\/11\/c82836ed163617205148278227810301411-660x365.jpg",660,365,true],"large":["https:\/\/arantv.az\/wp-content\/uploads\/2021\/11\/c82836ed163617205148278227810301411-840x465.jpg",640,354,true],"1536x1536":["https:\/\/arantv.az\/wp-content\/uploads\/2021\/11\/c82836ed163617205148278227810301411.jpg",975,540,false],"2048x2048":["https:\/\/arantv.az\/wp-content\/uploads\/2021\/11\/c82836ed163617205148278227810301411.jpg",975,540,false],"post-thumbnail":["https:\/\/arantv.az\/wp-content\/uploads\/2021\/11\/c82836ed163617205148278227810301411-240x172.jpg",240,172,true],"advps-thumb-one":["https:\/\/arantv.az\/wp-content\/uploads\/2021\/11\/c82836ed163617205148278227810301411.jpg",975,540,false]},"rttpg_author":{"display_name":"V\u00fcsal Rafiqo\u011flu","author_link":"https:\/\/arantv.az\/?author=2"},"rttpg_comment":0,"rttpg_category":"<a href=\"https:\/\/arantv.az\/?cat=26\" rel=\"category\">Sosial<\/a>","rttpg_excerpt":"T\u00fcrkiy\u0259d\u0259 Az\u0259rbaycan\u0131n 8 Noyabr Z\u0259f\u0259r g\u00fcn\u00fc il\u0259 ba\u011fl\u0131 ke\u00e7irdiyi t\u0259dbirl\u0259r \u00e7\u0259r\u00e7iv\u0259sind\u0259 \u0130stanbulda \u201c\u015eanl\u0131 z\u0259f\u0259rin birinci ild\u00f6n\u00fcm\u00fcn\u0259 h\u0259sr olunmu\u015f gec\u0259\u201d ke\u00e7irilib. ARANTV.AZ x\u0259b\u0259r verir ki,\u00a0Az\u0259rbaycan\u0131n \u0130stanbuldak\u0131 Ba\u015f Konsullu\u011funun t\u0259\u015fkilat\u00e7\u0131l\u0131\u011f\u0131 il\u0259 ke\u00e7iril\u0259n t\u0259dbird\u0259 \u0130stanbul valiliyinin, T\u00fcrkiy\u0259 M\u0259d\u0259niyy\u0259t Turizm Nazirliyinin n\u00fcmay\u0259nd\u0259l\u0259ri, deputatlar, T\u00fcrkiy\u0259d\u0259ki Az\u0259rbaycanl\u0131 \u0130\u015f Adamlar\u0131 Birliyinin \u00fczvl\u0259ri, qazil\u0259r, K\u0130V t\u0259msil\u00e7il\u0259ri i\u015ftirak edibl\u0259r. Az\u0259rbaycan\u0131n \u0130stanbul \u015f\u0259h\u0259rind\u0259ki Ba\u015f Konsulu&hellip;","_links":{"self":[{"href":"https:\/\/arantv.az\/index.php?rest_route=\/wp\/v2\/posts\/400464"}],"collection":[{"href":"https:\/\/arantv.az\/index.php?rest_route=\/wp\/v2\/posts"}],"about":[{"href":"https:\/\/arantv.az\/index.php?rest_route=\/wp\/v2\/types\/post"}],"author":[{"embeddable":true,"href":"https:\/\/arantv.az\/index.php?rest_route=\/wp\/v2\/users\/2"}],"replies":[{"embeddable":true,"href":"https:\/\/arantv.az\/index.php?rest_route=%2Fwp%2Fv2%2Fcomments&post=400464"}],"version-history":[{"count":0,"href":"https:\/\/arantv.az\/index.php?rest_route=\/wp\/v2\/posts\/400464\/revisions"}],"wp:featuredmedia":[{"embeddable":true,"href":"https:\/\/arantv.az\/index.php?rest_route=\/wp\/v2\/media\/400465"}],"wp:attachment":[{"href":"https:\/\/arantv.az\/index.php?rest_route=%2Fwp%2Fv2%2Fmedia&parent=400464"}],"wp:term":[{"taxonomy":"category","embeddable":true,"href":"https:\/\/arantv.az\/index.php?rest_route=%2Fwp%2Fv2%2Fcategories&post=400464"},{"taxonomy":"post_tag","embeddable":true,"href":"https:\/\/arantv.az\/index.php?rest_route=%2Fwp%2Fv2%2Ftags&post=400464"}],"curies":[{"name":"wp","href":"https:\/\/api.w.org\/{rel}","templated":true}]}}