{"id":400467,"date":"2021-11-06T07:56:13","date_gmt":"2021-11-06T04:56:13","guid":{"rendered":"http:\/\/arantv.az\/?p=400467"},"modified":"2021-11-06T07:56:13","modified_gmt":"2021-11-06T04:56:13","slug":"b%c9%99rd%c9%99-rayon-heyd%c9%99r-%c9%99liyev-m%c9%99rk%c9%99zind%c9%99-h%c9%99rbi-q%c9%99nim%c9%99tl%c9%99r-parki-haqqinda-onlayn-s%c9%99n%c9%99dli-film-numayis-etdirilmisdir","status":"publish","type":"post","link":"https:\/\/arantv.az\/?p=400467","title":{"rendered":"B\u0259rd\u0259 rayon Heyd\u0259r \u018fliyev M\u0259rk\u0259zind\u0259 &#8220;H\u0259rbi Q\u0259nim\u0259tl\u0259r Park\u0131&#8221; haqq\u0131nda onlayn s\u0259n\u0259dli film n\u00fcmayi\u015f etdirilmi\u015fdir."},"content":{"rendered":"<p>Filmin n\u00fcmayi\u015find\u0259n \u0259vv\u0259l V\u0259t\u0259nimizin b\u00fct\u00f6vl\u00fcy\u00fc u\u011frunda can\u0131ndan ke\u00e7\u0259n \u015f\u0259hidl\u0259rimizin ruhu bir d\u0259qiq\u0259lik s\u00fckutla yad edilib. B\u0259rd\u0259 rayon Heyd\u0259r \u018fliyev M\u0259rk\u0259zinin direktoru Arif\u0259t \u018fhm\u0259dova 44 g\u00fcnl\u00fck V\u0259t\u0259n m\u00fcharib\u0259sind\u0259 Ali Ba\u015f Komandan \u0130lham \u018fliyevin r\u0259hb\u0259rliyi il\u0259 Az\u0259rbaycan ordusunun g\u00f6st\u0259rdiyi q\u0259hr\u0259manl\u0131qdan v\u0259 &#8220;H\u0259rbi Q\u0259nim\u0259tl\u0259r Park\u0131&#8221;n\u0131n yarad\u0131lmas\u0131ndan dan\u0131\u015f\u0131b. Daha sonra B\u0259rd\u0259 rayon Mollaisalar k\u0259nd tam orta m\u0259kt\u0259bin direktoru Ceyran Abdul\u0259zimova 44 g\u00fcnl\u00fck V\u0259t\u0259n m\u00fcharib\u0259sind\u0259 qazand\u0131\u011f\u0131m\u0131z q\u0259l\u0259b\u0259d\u0259n v\u0259 bu q\u0259l\u0259b\u0259d\u0259 \u015f\u0259hidl\u0259rimizin, qazil\u0259rimizin rolundan b\u0259hs edib. Sonra B\u0259rd\u0259 rayon Mollaisalar k\u0259nd tam orta m\u0259kt\u0259bin \u015fagirdl\u0259ri film\u0259 tama\u015fa edib.<\/p>\n","protected":false},"excerpt":{"rendered":"<p>Filmin n\u00fcmayi\u015find\u0259n \u0259vv\u0259l V\u0259t\u0259nimizin b\u00fct\u00f6vl\u00fcy\u00fc u\u011frunda can\u0131ndan ke\u00e7\u0259n \u015f\u0259hidl\u0259rimizin ruhu bir d\u0259qiq\u0259lik s\u00fckutla yad edilib. B\u0259rd\u0259 rayon Heyd\u0259r \u018fliyev M\u0259rk\u0259zinin direktoru Arif\u0259t \u018fhm\u0259dova 44 g\u00fcnl\u00fck V\u0259t\u0259n m\u00fcharib\u0259sind\u0259 Ali Ba\u015f Komandan \u0130lham \u018fliyevin r\u0259hb\u0259rliyi il\u0259 Az\u0259rbaycan ordusunun g\u00f6st\u0259rdiyi q\u0259hr\u0259manl\u0131qdan v\u0259 &#8220;H\u0259rbi Q\u0259nim\u0259tl\u0259r Park\u0131&#8221;n\u0131n yarad\u0131lmas\u0131ndan dan\u0131\u015f\u0131b. Daha sonra B\u0259rd\u0259 rayon Mollaisalar k\u0259nd tam orta m\u0259kt\u0259bin direktoru Ceyran Abdul\u0259zimova 44 g\u00fcnl\u00fck V\u0259t\u0259n m\u00fcharib\u0259sind\u0259 qazand\u0131\u011f\u0131m\u0131z q\u0259l\u0259b\u0259d\u0259n v\u0259 bu q\u0259l\u0259b\u0259d\u0259 \u015f\u0259hidl\u0259rimizin, qazil\u0259rimizin rolundan b\u0259hs edib. Sonra B\u0259rd\u0259 rayon Mollaisalar k\u0259nd tam orta m\u0259kt\u0259bin \u015fagirdl\u0259ri film\u0259 tama\u015fa edib.<\/p>\n","protected":false},"author":2,"featured_media":400468,"comment_status":"closed","ping_status":"closed","sticky":false,"template":"","format":"standard","meta":{"om_disable_all_campaigns":false,"_monsterinsights_skip_tracking":false,"_monsterinsights_sitenote_active":false,"_monsterinsights_sitenote_note":"","_monsterinsights_sitenote_category":0},"categories":[2],"tags":[],"aioseo_notices":[],"gutentor_comment":0,"rttpg_featured_image_url":{"full":["https:\/\/arantv.az\/wp-content\/uploads\/2021\/11\/252903932_206318081638642_1625892461847966051_n.jpg",960,720,false],"landscape":["https:\/\/arantv.az\/wp-content\/uploads\/2021\/11\/252903932_206318081638642_1625892461847966051_n.jpg",960,720,false],"portraits":["https:\/\/arantv.az\/wp-content\/uploads\/2021\/11\/252903932_206318081638642_1625892461847966051_n.jpg",960,720,false],"thumbnail":["https:\/\/arantv.az\/wp-content\/uploads\/2021\/11\/252903932_206318081638642_1625892461847966051_n-500x280.jpg",500,280,true],"medium":["https:\/\/arantv.az\/wp-content\/uploads\/2021\/11\/252903932_206318081638642_1625892461847966051_n-487x365.jpg",487,365,true],"large":["https:\/\/arantv.az\/wp-content\/uploads\/2021\/11\/252903932_206318081638642_1625892461847966051_n-840x630.jpg",640,480,true],"1536x1536":["https:\/\/arantv.az\/wp-content\/uploads\/2021\/11\/252903932_206318081638642_1625892461847966051_n.jpg",960,720,false],"2048x2048":["https:\/\/arantv.az\/wp-content\/uploads\/2021\/11\/252903932_206318081638642_1625892461847966051_n.jpg",960,720,false],"post-thumbnail":["https:\/\/arantv.az\/wp-content\/uploads\/2021\/11\/252903932_206318081638642_1625892461847966051_n-240x172.jpg",240,172,true],"advps-thumb-one":["https:\/\/arantv.az\/wp-content\/uploads\/2021\/11\/252903932_206318081638642_1625892461847966051_n-960x620.jpg",960,620,true]},"rttpg_author":{"display_name":"V\u00fcsal Rafiqo\u011flu","author_link":"https:\/\/arantv.az\/?author=2"},"rttpg_comment":0,"rttpg_category":"<a href=\"https:\/\/arantv.az\/?cat=2\" rel=\"category\">Region X\u0259b\u0259rl\u0259ri<\/a>","rttpg_excerpt":"Filmin n\u00fcmayi\u015find\u0259n \u0259vv\u0259l V\u0259t\u0259nimizin b\u00fct\u00f6vl\u00fcy\u00fc u\u011frunda can\u0131ndan ke\u00e7\u0259n \u015f\u0259hidl\u0259rimizin ruhu bir d\u0259qiq\u0259lik s\u00fckutla yad edilib. B\u0259rd\u0259 rayon Heyd\u0259r \u018fliyev M\u0259rk\u0259zinin direktoru Arif\u0259t \u018fhm\u0259dova 44 g\u00fcnl\u00fck V\u0259t\u0259n m\u00fcharib\u0259sind\u0259 Ali Ba\u015f Komandan \u0130lham \u018fliyevin r\u0259hb\u0259rliyi il\u0259 Az\u0259rbaycan ordusunun g\u00f6st\u0259rdiyi q\u0259hr\u0259manl\u0131qdan v\u0259 &#8220;H\u0259rbi Q\u0259nim\u0259tl\u0259r Park\u0131&#8221;n\u0131n yarad\u0131lmas\u0131ndan dan\u0131\u015f\u0131b. Daha sonra B\u0259rd\u0259 rayon Mollaisalar k\u0259nd tam orta m\u0259kt\u0259bin direktoru Ceyran&hellip;","_links":{"self":[{"href":"https:\/\/arantv.az\/index.php?rest_route=\/wp\/v2\/posts\/400467"}],"collection":[{"href":"https:\/\/arantv.az\/index.php?rest_route=\/wp\/v2\/posts"}],"about":[{"href":"https:\/\/arantv.az\/index.php?rest_route=\/wp\/v2\/types\/post"}],"author":[{"embeddable":true,"href":"https:\/\/arantv.az\/index.php?rest_route=\/wp\/v2\/users\/2"}],"replies":[{"embeddable":true,"href":"https:\/\/arantv.az\/index.php?rest_route=%2Fwp%2Fv2%2Fcomments&post=400467"}],"version-history":[{"count":0,"href":"https:\/\/arantv.az\/index.php?rest_route=\/wp\/v2\/posts\/400467\/revisions"}],"wp:featuredmedia":[{"embeddable":true,"href":"https:\/\/arantv.az\/index.php?rest_route=\/wp\/v2\/media\/400468"}],"wp:attachment":[{"href":"https:\/\/arantv.az\/index.php?rest_route=%2Fwp%2Fv2%2Fmedia&parent=400467"}],"wp:term":[{"taxonomy":"category","embeddable":true,"href":"https:\/\/arantv.az\/index.php?rest_route=%2Fwp%2Fv2%2Fcategories&post=400467"},{"taxonomy":"post_tag","embeddable":true,"href":"https:\/\/arantv.az\/index.php?rest_route=%2Fwp%2Fv2%2Ftags&post=400467"}],"curies":[{"name":"wp","href":"https:\/\/api.w.org\/{rel}","templated":true}]}}