{"id":400470,"date":"2021-11-06T07:57:19","date_gmt":"2021-11-06T04:57:19","guid":{"rendered":"http:\/\/arantv.az\/?p=400470"},"modified":"2021-11-06T07:57:19","modified_gmt":"2021-11-06T04:57:19","slug":"b%c9%99rd%c9%99d%c9%99-tarix-yazan-q%c9%99hr%c9%99manlar-adli-t%c9%99dbir-kecirilmisdir","status":"publish","type":"post","link":"https:\/\/arantv.az\/?p=400470","title":{"rendered":"B\u0259rd\u0259d\u0259 &#8220;Tarix yazan q\u0259hr\u0259manlar!&#8221; adl\u0131 t\u0259dbir ke\u00e7irilmi\u015fdir."},"content":{"rendered":"<div dir=\"auto\">V\u0259t\u0259n m\u00fcharib\u0259sind\u0259 Q\u0259l\u0259b\u0259nin birinci id\u00f6n\u00fcm\u00fc v\u0259 Z\u0259f\u0259r bayram\u0131 m\u00fcnasib\u0259til\u0259 B\u0259rd\u0259 rayonu T\u0259hsil \u015f\u00f6b\u0259sind\u0259 &#8220;Tarix yazan q\u0259hr\u0259manlar!&#8221; adl\u0131 t\u0259dbir ke\u00e7irilmi\u015fdir.<\/div>\n<div dir=\"auto\">T\u0259dbird\u0259 V\u0259t\u0259n m\u00fcharib\u0259si qazil\u0259ri v\u0259 i\u015ftirak\u00e7\u0131lar\u0131, \u015f\u0259hid ail\u0259l\u0259ri, rayon \u0130cra Hakimiyy\u0259tinin n\u00fcmay\u0259nd\u0259l\u0259ri, rayon T\u0259hsil \u015f\u00f6b\u0259sinin r\u0259hb\u0259rliyi v\u0259 \u0259m\u0259kda\u015flar\u0131, m\u00fc\u0259llim v\u0259 \u015fagird kollektivi i\u015ftirak etmi\u015fl\u0259r. \u00d6nc\u0259 torpaqlar\u0131m\u0131z\u0131n \u0259razi b\u00fct\u00f6vl\u00fcy\u00fc u\u011frunda h\u0259lak olmu\u015f \u015f\u0259hidl\u0259rimizin \u0259ziz xatir\u0259si bir d\u0259qiq\u0259lik s\u00fckutla yad edilmi\u015fdir. T\u0259dbird\u0259 rayon \u0130cra Hakimiyy\u0259ti ba\u015f\u00e7\u0131s\u0131 aparat\u0131n\u0131n V\u0259t\u0259n m\u00fcharib\u0259si i\u015ftirak\u00e7\u0131lar\u0131 v\u0259 \u015f\u0259hid ail\u0259l\u0259ri il\u0259 i\u015fin t\u0259\u015fkili \u015f\u00f6b\u0259sinin m\u00fcdiri Samir S\u0259f\u0259rov, ba\u015f m\u0259sl\u0259h\u0259t\u00e7i Ziya \u0130smay\u0131lzad\u0259, T\u0259hsil \u015f\u00f6b\u0259sinin m\u00fcdiri \u018fdal\u0259t \u0130smay\u0131lov, T\u0259hsil i\u015f\u00e7il\u0259ri h\u0259mkarlar\u0131 Komit\u0259sinin s\u0259dri Tamella \u0130badova \u00e7\u0131x\u0131\u015f etmi\u015fl\u0259r. \u00c7\u0131x\u0131\u015f ed\u0259nl\u0259r m\u00fcz\u0259ff\u0259r Ali Ba\u015f Komandan c\u0259nab \u0130lham \u018fliyevin vahid komandanl\u0131\u011f\u0131 alt\u0131nda r\u0259\u015fad\u0259tli Milli Ordumuzun \u015f\u00fcca\u0259tind\u0259n, xalq-iqtidar-ordu birliyind\u0259n dan\u0131\u015fm\u0131\u015flar. Sonda v\u0259t\u0259n m\u00fcharib\u0259sind\u0259 i\u015ftirak ed\u0259n qazil\u0259r f\u0259xri f\u0259rmanla t\u0259ltif edilmi\u015f v\u0259 onlara h\u0259diyy\u0259 t\u0259qdim olunmu\u015fdur.<\/div>\n<div dir=\"auto\"><img loading=\"lazy\" class=\"alignnone size-medium wp-image-400471\" src=\"https:\/\/arantv.az\/wp-content\/uploads\/2021\/11\/251929349_206317718305345_9006512787886815847_n-549x365.jpg\" alt=\"\" width=\"549\" height=\"365\" \/><img loading=\"lazy\" class=\"alignnone size-medium wp-image-400472\" src=\"https:\/\/arantv.az\/wp-content\/uploads\/2021\/11\/254345299_206317678305349_465644575837558376_n-549x365.jpg\" alt=\"\" width=\"549\" height=\"365\" \/><img loading=\"lazy\" class=\"alignnone size-medium wp-image-400473\" src=\"https:\/\/arantv.az\/wp-content\/uploads\/2021\/11\/254257128_206317844971999_9049536240906091239_n-549x365.jpg\" alt=\"\" width=\"549\" height=\"365\" \/><img loading=\"lazy\" class=\"alignnone size-medium wp-image-400474\" src=\"https:\/\/arantv.az\/wp-content\/uploads\/2021\/11\/253783165_206317801638670_8090737231949736458_n-549x365.jpg\" alt=\"\" width=\"549\" height=\"365\" \/><img loading=\"lazy\" class=\"alignnone size-medium wp-image-400475\" src=\"https:\/\/arantv.az\/wp-content\/uploads\/2021\/11\/253858564_206317761638674_2958167474720741803_n-549x365.jpg\" alt=\"\" width=\"549\" height=\"365\" \/><img loading=\"lazy\" class=\"alignnone size-medium wp-image-400476\" src=\"https:\/\/arantv.az\/wp-content\/uploads\/2021\/11\/252509605_206317894971994_5376913204923105808_n-549x365.jpg\" alt=\"\" width=\"549\" height=\"365\" \/><\/div>\n","protected":false},"excerpt":{"rendered":"<p>V\u0259t\u0259n m\u00fcharib\u0259sind\u0259 Q\u0259l\u0259b\u0259nin birinci id\u00f6n\u00fcm\u00fc v\u0259 Z\u0259f\u0259r bayram\u0131 m\u00fcnasib\u0259til\u0259 B\u0259rd\u0259 rayonu T\u0259hsil \u015f\u00f6b\u0259sind\u0259 &#8220;Tarix yazan q\u0259hr\u0259manlar!&#8221; adl\u0131 t\u0259dbir ke\u00e7irilmi\u015fdir. T\u0259dbird\u0259 V\u0259t\u0259n m\u00fcharib\u0259si qazil\u0259ri v\u0259 i\u015ftirak\u00e7\u0131lar\u0131, \u015f\u0259hid ail\u0259l\u0259ri, rayon \u0130cra Hakimiyy\u0259tinin n\u00fcmay\u0259nd\u0259l\u0259ri, rayon T\u0259hsil \u015f\u00f6b\u0259sinin r\u0259hb\u0259rliyi v\u0259 \u0259m\u0259kda\u015flar\u0131, m\u00fc\u0259llim v\u0259 \u015fagird kollektivi i\u015ftirak etmi\u015fl\u0259r. \u00d6nc\u0259 torpaqlar\u0131m\u0131z\u0131n \u0259razi b\u00fct\u00f6vl\u00fcy\u00fc u\u011frunda h\u0259lak olmu\u015f \u015f\u0259hidl\u0259rimizin \u0259ziz xatir\u0259si bir d\u0259qiq\u0259lik s\u00fckutla yad edilmi\u015fdir. T\u0259dbird\u0259 rayon \u0130cra Hakimiyy\u0259ti ba\u015f\u00e7\u0131s\u0131 aparat\u0131n\u0131n V\u0259t\u0259n m\u00fcharib\u0259si i\u015ftirak\u00e7\u0131lar\u0131 v\u0259 \u015f\u0259hid ail\u0259l\u0259ri il\u0259 i\u015fin t\u0259\u015fkili \u015f\u00f6b\u0259sinin m\u00fcdiri Samir S\u0259f\u0259rov, ba\u015f m\u0259sl\u0259h\u0259t\u00e7i Ziya \u0130smay\u0131lzad\u0259, T\u0259hsil \u015f\u00f6b\u0259sinin m\u00fcdiri \u018fdal\u0259t \u0130smay\u0131lov, T\u0259hsil i\u015f\u00e7il\u0259ri h\u0259mkarlar\u0131 Komit\u0259sinin&hellip;<\/p>\n","protected":false},"author":2,"featured_media":400472,"comment_status":"closed","ping_status":"closed","sticky":false,"template":"","format":"standard","meta":{"om_disable_all_campaigns":false,"_monsterinsights_skip_tracking":false,"_monsterinsights_sitenote_active":false,"_monsterinsights_sitenote_note":"","_monsterinsights_sitenote_category":0},"categories":[2],"tags":[],"aioseo_notices":[],"gutentor_comment":0,"rttpg_featured_image_url":{"full":["https:\/\/arantv.az\/wp-content\/uploads\/2021\/11\/254345299_206317678305349_465644575837558376_n.jpg",665,442,false],"landscape":["https:\/\/arantv.az\/wp-content\/uploads\/2021\/11\/254345299_206317678305349_465644575837558376_n.jpg",665,442,false],"portraits":["https:\/\/arantv.az\/wp-content\/uploads\/2021\/11\/254345299_206317678305349_465644575837558376_n.jpg",665,442,false],"thumbnail":["https:\/\/arantv.az\/wp-content\/uploads\/2021\/11\/254345299_206317678305349_465644575837558376_n-500x280.jpg",500,280,true],"medium":["https:\/\/arantv.az\/wp-content\/uploads\/2021\/11\/254345299_206317678305349_465644575837558376_n-549x365.jpg",549,365,true],"large":["https:\/\/arantv.az\/wp-content\/uploads\/2021\/11\/254345299_206317678305349_465644575837558376_n.jpg",640,425,false],"1536x1536":["https:\/\/arantv.az\/wp-content\/uploads\/2021\/11\/254345299_206317678305349_465644575837558376_n.jpg",665,442,false],"2048x2048":["https:\/\/arantv.az\/wp-content\/uploads\/2021\/11\/254345299_206317678305349_465644575837558376_n.jpg",665,442,false],"post-thumbnail":["https:\/\/arantv.az\/wp-content\/uploads\/2021\/11\/254345299_206317678305349_465644575837558376_n-240x172.jpg",240,172,true],"advps-thumb-one":["https:\/\/arantv.az\/wp-content\/uploads\/2021\/11\/254345299_206317678305349_465644575837558376_n.jpg",665,442,false]},"rttpg_author":{"display_name":"V\u00fcsal Rafiqo\u011flu","author_link":"https:\/\/arantv.az\/?author=2"},"rttpg_comment":0,"rttpg_category":"<a href=\"https:\/\/arantv.az\/?cat=2\" rel=\"category\">Region X\u0259b\u0259rl\u0259ri<\/a>","rttpg_excerpt":"V\u0259t\u0259n m\u00fcharib\u0259sind\u0259 Q\u0259l\u0259b\u0259nin birinci id\u00f6n\u00fcm\u00fc v\u0259 Z\u0259f\u0259r bayram\u0131 m\u00fcnasib\u0259til\u0259 B\u0259rd\u0259 rayonu T\u0259hsil \u015f\u00f6b\u0259sind\u0259 &#8220;Tarix yazan q\u0259hr\u0259manlar!&#8221; adl\u0131 t\u0259dbir ke\u00e7irilmi\u015fdir. T\u0259dbird\u0259 V\u0259t\u0259n m\u00fcharib\u0259si qazil\u0259ri v\u0259 i\u015ftirak\u00e7\u0131lar\u0131, \u015f\u0259hid ail\u0259l\u0259ri, rayon \u0130cra Hakimiyy\u0259tinin n\u00fcmay\u0259nd\u0259l\u0259ri, rayon T\u0259hsil \u015f\u00f6b\u0259sinin r\u0259hb\u0259rliyi v\u0259 \u0259m\u0259kda\u015flar\u0131, m\u00fc\u0259llim v\u0259 \u015fagird kollektivi i\u015ftirak etmi\u015fl\u0259r. \u00d6nc\u0259 torpaqlar\u0131m\u0131z\u0131n \u0259razi b\u00fct\u00f6vl\u00fcy\u00fc u\u011frunda h\u0259lak olmu\u015f \u015f\u0259hidl\u0259rimizin \u0259ziz xatir\u0259si bir d\u0259qiq\u0259lik&hellip;","_links":{"self":[{"href":"https:\/\/arantv.az\/index.php?rest_route=\/wp\/v2\/posts\/400470"}],"collection":[{"href":"https:\/\/arantv.az\/index.php?rest_route=\/wp\/v2\/posts"}],"about":[{"href":"https:\/\/arantv.az\/index.php?rest_route=\/wp\/v2\/types\/post"}],"author":[{"embeddable":true,"href":"https:\/\/arantv.az\/index.php?rest_route=\/wp\/v2\/users\/2"}],"replies":[{"embeddable":true,"href":"https:\/\/arantv.az\/index.php?rest_route=%2Fwp%2Fv2%2Fcomments&post=400470"}],"version-history":[{"count":0,"href":"https:\/\/arantv.az\/index.php?rest_route=\/wp\/v2\/posts\/400470\/revisions"}],"wp:featuredmedia":[{"embeddable":true,"href":"https:\/\/arantv.az\/index.php?rest_route=\/wp\/v2\/media\/400472"}],"wp:attachment":[{"href":"https:\/\/arantv.az\/index.php?rest_route=%2Fwp%2Fv2%2Fmedia&parent=400470"}],"wp:term":[{"taxonomy":"category","embeddable":true,"href":"https:\/\/arantv.az\/index.php?rest_route=%2Fwp%2Fv2%2Fcategories&post=400470"},{"taxonomy":"post_tag","embeddable":true,"href":"https:\/\/arantv.az\/index.php?rest_route=%2Fwp%2Fv2%2Ftags&post=400470"}],"curies":[{"name":"wp","href":"https:\/\/api.w.org\/{rel}","templated":true}]}}