{"id":400478,"date":"2021-11-06T07:58:37","date_gmt":"2021-11-06T04:58:37","guid":{"rendered":"http:\/\/arantv.az\/?p=400478"},"modified":"2021-11-06T07:58:37","modified_gmt":"2021-11-06T04:58:37","slug":"az%c9%99rbaycanda-16-yasli-oglan-ozunu-oldurdu","status":"publish","type":"post","link":"https:\/\/arantv.az\/?p=400478","title":{"rendered":"Az\u0259rbaycanda 16 ya\u015fl\u0131 o\u011flan \u00f6z\u00fcn\u00fc \u00f6ld\u00fcrd\u00fc"},"content":{"rendered":"<p><strong>Sabirabadda yeniyetm\u0259 \u00f6z\u00fcn\u00fc as\u0131b.<\/strong><\/p>\n<p><strong>ARANTV.AZ\u00a0 <\/strong>x\u0259b\u0259r verir ki, hadis\u0259 rayonun G\u00fcd\u0259c\u00fch\u00fcr k\u0259ndind\u0259 yerl\u0259\u015f\u0259n k\u00f6\u00e7k\u00fcn q\u0259s\u0259b\u0259sind\u0259 ba\u015f verib.<\/p>\n<p>C\u0259bray\u0131l rayon sakini, 2005-ci il t\u0259v\u0259ll\u00fcdl\u00fc M\u0259mm\u0259dov S\u0259xav\u0259t Ziy\u0259ddin o\u011flu \u00f6z\u00fcn\u00fc ya\u015fad\u0131\u011f\u0131 evin h\u0259y\u0259tind\u0259 asaraq intihar edib.<\/p>\n<div id=\"AdviadNativeVideo0\" class=\"AdviadNativeVideo\"><\/div>\n<p>\u0130ntihar\u0131n s\u0259b\u0259bi ayd\u0131nla\u015fd\u0131r\u0131l\u0131r.<\/p>\n<p>Faktla ba\u011fl\u0131 Sabirabad rayon prokurorlu\u011fu t\u0259r\u0259find\u0259n ara\u015fd\u0131rma apar\u0131l\u0131r.<\/p>\n","protected":false},"excerpt":{"rendered":"<p>Sabirabadda yeniyetm\u0259 \u00f6z\u00fcn\u00fc as\u0131b. ARANTV.AZ\u00a0 x\u0259b\u0259r verir ki, hadis\u0259 rayonun G\u00fcd\u0259c\u00fch\u00fcr k\u0259ndind\u0259 yerl\u0259\u015f\u0259n k\u00f6\u00e7k\u00fcn q\u0259s\u0259b\u0259sind\u0259 ba\u015f verib. C\u0259bray\u0131l rayon sakini, 2005-ci il t\u0259v\u0259ll\u00fcdl\u00fc M\u0259mm\u0259dov S\u0259xav\u0259t Ziy\u0259ddin o\u011flu \u00f6z\u00fcn\u00fc ya\u015fad\u0131\u011f\u0131 evin h\u0259y\u0259tind\u0259 asaraq intihar edib. \u0130ntihar\u0131n s\u0259b\u0259bi ayd\u0131nla\u015fd\u0131r\u0131l\u0131r. Faktla ba\u011fl\u0131 Sabirabad rayon prokurorlu\u011fu t\u0259r\u0259find\u0259n ara\u015fd\u0131rma apar\u0131l\u0131r.<\/p>\n","protected":false},"author":2,"featured_media":400479,"comment_status":"closed","ping_status":"closed","sticky":false,"template":"","format":"standard","meta":{"om_disable_all_campaigns":false,"_monsterinsights_skip_tracking":false,"_monsterinsights_sitenote_active":false,"_monsterinsights_sitenote_note":"","_monsterinsights_sitenote_category":0},"categories":[5],"tags":[],"aioseo_notices":[],"gutentor_comment":0,"rttpg_featured_image_url":{"full":["https:\/\/arantv.az\/wp-content\/uploads\/2021\/11\/teleqraf.com14128340681365831372_meyit.jpg",800,450,false],"landscape":["https:\/\/arantv.az\/wp-content\/uploads\/2021\/11\/teleqraf.com14128340681365831372_meyit.jpg",800,450,false],"portraits":["https:\/\/arantv.az\/wp-content\/uploads\/2021\/11\/teleqraf.com14128340681365831372_meyit.jpg",800,450,false],"thumbnail":["https:\/\/arantv.az\/wp-content\/uploads\/2021\/11\/teleqraf.com14128340681365831372_meyit-500x280.jpg",500,280,true],"medium":["https:\/\/arantv.az\/wp-content\/uploads\/2021\/11\/teleqraf.com14128340681365831372_meyit-649x365.jpg",649,365,true],"large":["https:\/\/arantv.az\/wp-content\/uploads\/2021\/11\/teleqraf.com14128340681365831372_meyit.jpg",640,360,false],"1536x1536":["https:\/\/arantv.az\/wp-content\/uploads\/2021\/11\/teleqraf.com14128340681365831372_meyit.jpg",800,450,false],"2048x2048":["https:\/\/arantv.az\/wp-content\/uploads\/2021\/11\/teleqraf.com14128340681365831372_meyit.jpg",800,450,false],"post-thumbnail":["https:\/\/arantv.az\/wp-content\/uploads\/2021\/11\/teleqraf.com14128340681365831372_meyit-240x172.jpg",240,172,true],"advps-thumb-one":["https:\/\/arantv.az\/wp-content\/uploads\/2021\/11\/teleqraf.com14128340681365831372_meyit.jpg",800,450,false]},"rttpg_author":{"display_name":"V\u00fcsal Rafiqo\u011flu","author_link":"https:\/\/arantv.az\/?author=2"},"rttpg_comment":0,"rttpg_category":"<a href=\"https:\/\/arantv.az\/?cat=5\" rel=\"category\">Hadis\u0259<\/a>","rttpg_excerpt":"Sabirabadda yeniyetm\u0259 \u00f6z\u00fcn\u00fc as\u0131b. ARANTV.AZ\u00a0 x\u0259b\u0259r verir ki, hadis\u0259 rayonun G\u00fcd\u0259c\u00fch\u00fcr k\u0259ndind\u0259 yerl\u0259\u015f\u0259n k\u00f6\u00e7k\u00fcn q\u0259s\u0259b\u0259sind\u0259 ba\u015f verib. C\u0259bray\u0131l rayon sakini, 2005-ci il t\u0259v\u0259ll\u00fcdl\u00fc M\u0259mm\u0259dov S\u0259xav\u0259t Ziy\u0259ddin o\u011flu \u00f6z\u00fcn\u00fc ya\u015fad\u0131\u011f\u0131 evin h\u0259y\u0259tind\u0259 asaraq intihar edib. \u0130ntihar\u0131n s\u0259b\u0259bi ayd\u0131nla\u015fd\u0131r\u0131l\u0131r. Faktla ba\u011fl\u0131 Sabirabad rayon prokurorlu\u011fu t\u0259r\u0259find\u0259n ara\u015fd\u0131rma apar\u0131l\u0131r.","_links":{"self":[{"href":"https:\/\/arantv.az\/index.php?rest_route=\/wp\/v2\/posts\/400478"}],"collection":[{"href":"https:\/\/arantv.az\/index.php?rest_route=\/wp\/v2\/posts"}],"about":[{"href":"https:\/\/arantv.az\/index.php?rest_route=\/wp\/v2\/types\/post"}],"author":[{"embeddable":true,"href":"https:\/\/arantv.az\/index.php?rest_route=\/wp\/v2\/users\/2"}],"replies":[{"embeddable":true,"href":"https:\/\/arantv.az\/index.php?rest_route=%2Fwp%2Fv2%2Fcomments&post=400478"}],"version-history":[{"count":0,"href":"https:\/\/arantv.az\/index.php?rest_route=\/wp\/v2\/posts\/400478\/revisions"}],"wp:featuredmedia":[{"embeddable":true,"href":"https:\/\/arantv.az\/index.php?rest_route=\/wp\/v2\/media\/400479"}],"wp:attachment":[{"href":"https:\/\/arantv.az\/index.php?rest_route=%2Fwp%2Fv2%2Fmedia&parent=400478"}],"wp:term":[{"taxonomy":"category","embeddable":true,"href":"https:\/\/arantv.az\/index.php?rest_route=%2Fwp%2Fv2%2Fcategories&post=400478"},{"taxonomy":"post_tag","embeddable":true,"href":"https:\/\/arantv.az\/index.php?rest_route=%2Fwp%2Fv2%2Ftags&post=400478"}],"curies":[{"name":"wp","href":"https:\/\/api.w.org\/{rel}","templated":true}]}}