{"id":400481,"date":"2021-11-06T08:00:14","date_gmt":"2021-11-06T05:00:14","guid":{"rendered":"http:\/\/arantv.az\/?p=400481"},"modified":"2021-11-06T08:00:14","modified_gmt":"2021-11-06T05:00:14","slug":"hulusi-akar-erm%c9%99nistana-cagiris-edib","status":"publish","type":"post","link":"https:\/\/arantv.az\/?p=400481","title":{"rendered":"Hulusi Akar Erm\u0259nistana \u00e7a\u011f\u0131r\u0131\u015f edib"},"content":{"rendered":"<p>&#8220;Az\u0259rbaycanla T\u00fcrkiy\u0259nin Silahl\u0131 Q\u00fcvv\u0259l\u0259ri aras\u0131nda h\u0259rbi sah\u0259d\u0259 \u0259m\u0259kda\u015fl\u0131q davam edir&#8221;.<\/p>\n<p>Bunu T\u00fcrkiy\u0259nin milli m\u00fcdafi\u0259 naziri Hulusi Akar Az\u0259rbaycan\u0131n T\u00fcrkiy\u0259d\u0259ki S\u0259firliyinin Ankarada 8 noyabr Z\u0259f\u0259r g\u00fcn\u00fc il\u0259 ba\u011fl\u0131 ke\u00e7irdiyi t\u0259dbird\u0259 bildirib.<\/p>\n<p>At\u0259\u015fk\u0259s\u0259 n\u0259zar\u0259t \u00fczr\u0259 Rusiya-T\u00fcrkiy\u0259 Birg\u0259 Monitorinq M\u0259rk\u0259zinin f\u0259aliyy\u0259tin\u0259 toxuanan nazir bildirib ki, m\u0259qs\u0259d at\u0259\u015fk\u0259sin davaml\u0131l\u0131\u011f\u0131 v\u0259 regionun sabitliyidir.<\/p>\n<p>&#8220;Bel\u0259 ki, bu sabitlik t\u0259kc\u0259 Az\u0259rbaycan v\u0259 T\u00fcrkiy\u0259 \u00fc\u00e7\u00fcn laz\u0131m deyil. \u018fg\u0259r Erm\u0259nistan Az\u0259rbaycan Respublikas\u0131n\u0131n Prezidenti \u0130lham \u018fliyevin v\u0259 T\u00fcrkiy\u0259 Respublikas\u0131n\u0131n Prezidenti R\u0259c\u0259b Tayyib \u018frdo\u011fan\u0131n s\u00fclh \u0259lini tuta bils\u0259r, g\u00f6r\u0259rik ki, h\u0259m t\u0259hl\u00fck\u0259sizlik, h\u0259m d\u0259 rifah bax\u0131m\u0131ndan qazanc \u0259ld\u0259 ed\u0259c\u0259k. Bu bax\u0131mdan bizim bax\u0131\u015f\u0131m\u0131z \u00e7ox geni\u015fdir. Ham\u0131m\u0131z bilirik ki, z\u0259rur\u0259t yaranarsa, h\u0259tta alt\u0131l\u0131q format\u0131nda toplant\u0131 ke\u00e7irm\u0259kl\u0259 b\u00fct\u00fcn Qafqaz\u0131n t\u0259hl\u00fck\u0259sizliyi v\u0259 rifah\u0131 \u00fc\u00e7\u00fcn \u00e7ox m\u00fch\u00fcm add\u0131mlar at\u0131la bil\u0259r&#8221;.<\/p>\n<p>H. Akar deyib ki, T\u00fcrkiy\u0259 v\u0259 Az\u0259rbaycan h\u0259rb\u00e7il\u0259ri i\u015f\u011faldan azad edil\u0259n \u0259razil\u0259ri mina v\u0259 partlamam\u0131\u015f silahlardan t\u0259mizl\u0259yir:<\/p>\n<div>\n<div id=\"AdviadNativeVideo0\" class=\"AdviadNativeVideo\"><\/div>\n<\/div>\n<p>&#8220;\u0130ndiy\u0259 q\u0259d\u0259r b\u00f6y\u00fck i\u015fl\u0259r g\u00f6r\u00fcl\u00fcb v\u0259 haz\u0131rda da davam edir. Minalardan t\u0259mizl\u0259nmi\u015f \u0259razil\u0259rd\u0259 dig\u0259r i\u015f sah\u0259l\u0259ri, \u0259kin\u00e7ilik v\u0259 heyvandarl\u0131q sah\u0259l\u0259ri f\u0259aliyy\u0259t\u0259 ba\u015flay\u0131b v\u0259 b\u00f6lg\u0259nin rifah zonas\u0131na \u00e7evrilm\u0259si \u00fc\u00e7\u00fcn s\u0259yl\u0259r g\u00f6st\u0259rilir. Bu, bizim ham\u0131m\u0131z, o c\u00fcml\u0259d\u0259n Erm\u0259nistan \u00fc\u00e7\u00fcn d\u0259 bir f\u00fcrs\u0259tdir&#8221;.<\/p>\n","protected":false},"excerpt":{"rendered":"<p>&#8220;Az\u0259rbaycanla T\u00fcrkiy\u0259nin Silahl\u0131 Q\u00fcvv\u0259l\u0259ri aras\u0131nda h\u0259rbi sah\u0259d\u0259 \u0259m\u0259kda\u015fl\u0131q davam edir&#8221;. Bunu T\u00fcrkiy\u0259nin milli m\u00fcdafi\u0259 naziri Hulusi Akar Az\u0259rbaycan\u0131n T\u00fcrkiy\u0259d\u0259ki S\u0259firliyinin Ankarada 8 noyabr Z\u0259f\u0259r g\u00fcn\u00fc il\u0259 ba\u011fl\u0131 ke\u00e7irdiyi t\u0259dbird\u0259 bildirib. At\u0259\u015fk\u0259s\u0259 n\u0259zar\u0259t \u00fczr\u0259 Rusiya-T\u00fcrkiy\u0259 Birg\u0259 Monitorinq M\u0259rk\u0259zinin f\u0259aliyy\u0259tin\u0259 toxuanan nazir bildirib ki, m\u0259qs\u0259d at\u0259\u015fk\u0259sin davaml\u0131l\u0131\u011f\u0131 v\u0259 regionun sabitliyidir. &#8220;Bel\u0259 ki, bu sabitlik t\u0259kc\u0259 Az\u0259rbaycan v\u0259 T\u00fcrkiy\u0259 \u00fc\u00e7\u00fcn laz\u0131m deyil. \u018fg\u0259r Erm\u0259nistan Az\u0259rbaycan Respublikas\u0131n\u0131n Prezidenti \u0130lham \u018fliyevin v\u0259 T\u00fcrkiy\u0259 Respublikas\u0131n\u0131n Prezidenti R\u0259c\u0259b Tayyib \u018frdo\u011fan\u0131n s\u00fclh \u0259lini tuta bils\u0259r, g\u00f6r\u0259rik ki, h\u0259m t\u0259hl\u00fck\u0259sizlik, h\u0259m d\u0259 rifah bax\u0131m\u0131ndan qazanc \u0259ld\u0259 ed\u0259c\u0259k. Bu bax\u0131mdan&hellip;<\/p>\n","protected":false},"author":2,"featured_media":400482,"comment_status":"closed","ping_status":"closed","sticky":false,"template":"","format":"standard","meta":{"om_disable_all_campaigns":false,"_monsterinsights_skip_tracking":false,"_monsterinsights_sitenote_active":false,"_monsterinsights_sitenote_note":"","_monsterinsights_sitenote_category":0},"categories":[7],"tags":[],"aioseo_notices":[],"gutentor_comment":0,"rttpg_featured_image_url":{"full":["https:\/\/arantv.az\/wp-content\/uploads\/2021\/11\/81c9e861-af2e-314a-8ed2-93aa8fed7d24_850.jpg",850,530,false],"landscape":["https:\/\/arantv.az\/wp-content\/uploads\/2021\/11\/81c9e861-af2e-314a-8ed2-93aa8fed7d24_850.jpg",850,530,false],"portraits":["https:\/\/arantv.az\/wp-content\/uploads\/2021\/11\/81c9e861-af2e-314a-8ed2-93aa8fed7d24_850.jpg",850,530,false],"thumbnail":["https:\/\/arantv.az\/wp-content\/uploads\/2021\/11\/81c9e861-af2e-314a-8ed2-93aa8fed7d24_850-500x280.jpg",500,280,true],"medium":["https:\/\/arantv.az\/wp-content\/uploads\/2021\/11\/81c9e861-af2e-314a-8ed2-93aa8fed7d24_850-585x365.jpg",585,365,true],"large":["https:\/\/arantv.az\/wp-content\/uploads\/2021\/11\/81c9e861-af2e-314a-8ed2-93aa8fed7d24_850-840x524.jpg",640,399,true],"1536x1536":["https:\/\/arantv.az\/wp-content\/uploads\/2021\/11\/81c9e861-af2e-314a-8ed2-93aa8fed7d24_850.jpg",850,530,false],"2048x2048":["https:\/\/arantv.az\/wp-content\/uploads\/2021\/11\/81c9e861-af2e-314a-8ed2-93aa8fed7d24_850.jpg",850,530,false],"post-thumbnail":["https:\/\/arantv.az\/wp-content\/uploads\/2021\/11\/81c9e861-af2e-314a-8ed2-93aa8fed7d24_850-240x172.jpg",240,172,true],"advps-thumb-one":["https:\/\/arantv.az\/wp-content\/uploads\/2021\/11\/81c9e861-af2e-314a-8ed2-93aa8fed7d24_850.jpg",850,530,false]},"rttpg_author":{"display_name":"V\u00fcsal Rafiqo\u011flu","author_link":"https:\/\/arantv.az\/?author=2"},"rttpg_comment":0,"rttpg_category":"<a href=\"https:\/\/arantv.az\/?cat=7\" rel=\"category\">D\u00fcnya<\/a>","rttpg_excerpt":"&#8220;Az\u0259rbaycanla T\u00fcrkiy\u0259nin Silahl\u0131 Q\u00fcvv\u0259l\u0259ri aras\u0131nda h\u0259rbi sah\u0259d\u0259 \u0259m\u0259kda\u015fl\u0131q davam edir&#8221;. Bunu T\u00fcrkiy\u0259nin milli m\u00fcdafi\u0259 naziri Hulusi Akar Az\u0259rbaycan\u0131n T\u00fcrkiy\u0259d\u0259ki S\u0259firliyinin Ankarada 8 noyabr Z\u0259f\u0259r g\u00fcn\u00fc il\u0259 ba\u011fl\u0131 ke\u00e7irdiyi t\u0259dbird\u0259 bildirib. At\u0259\u015fk\u0259s\u0259 n\u0259zar\u0259t \u00fczr\u0259 Rusiya-T\u00fcrkiy\u0259 Birg\u0259 Monitorinq M\u0259rk\u0259zinin f\u0259aliyy\u0259tin\u0259 toxuanan nazir bildirib ki, m\u0259qs\u0259d at\u0259\u015fk\u0259sin davaml\u0131l\u0131\u011f\u0131 v\u0259 regionun sabitliyidir. &#8220;Bel\u0259 ki, bu sabitlik t\u0259kc\u0259 Az\u0259rbaycan v\u0259&hellip;","_links":{"self":[{"href":"https:\/\/arantv.az\/index.php?rest_route=\/wp\/v2\/posts\/400481"}],"collection":[{"href":"https:\/\/arantv.az\/index.php?rest_route=\/wp\/v2\/posts"}],"about":[{"href":"https:\/\/arantv.az\/index.php?rest_route=\/wp\/v2\/types\/post"}],"author":[{"embeddable":true,"href":"https:\/\/arantv.az\/index.php?rest_route=\/wp\/v2\/users\/2"}],"replies":[{"embeddable":true,"href":"https:\/\/arantv.az\/index.php?rest_route=%2Fwp%2Fv2%2Fcomments&post=400481"}],"version-history":[{"count":0,"href":"https:\/\/arantv.az\/index.php?rest_route=\/wp\/v2\/posts\/400481\/revisions"}],"wp:featuredmedia":[{"embeddable":true,"href":"https:\/\/arantv.az\/index.php?rest_route=\/wp\/v2\/media\/400482"}],"wp:attachment":[{"href":"https:\/\/arantv.az\/index.php?rest_route=%2Fwp%2Fv2%2Fmedia&parent=400481"}],"wp:term":[{"taxonomy":"category","embeddable":true,"href":"https:\/\/arantv.az\/index.php?rest_route=%2Fwp%2Fv2%2Fcategories&post=400481"},{"taxonomy":"post_tag","embeddable":true,"href":"https:\/\/arantv.az\/index.php?rest_route=%2Fwp%2Fv2%2Ftags&post=400481"}],"curies":[{"name":"wp","href":"https:\/\/api.w.org\/{rel}","templated":true}]}}