{"id":400485,"date":"2021-11-06T08:01:44","date_gmt":"2021-11-06T05:01:44","guid":{"rendered":"http:\/\/arantv.az\/?p=400485"},"modified":"2021-11-06T08:01:44","modified_gmt":"2021-11-06T05:01:44","slug":"ming%c9%99cevird%c9%99-bir-ail%c9%99nin-bes-uzvu-d%c9%99m-qazindan-z%c9%99h%c9%99rl%c9%99ndi","status":"publish","type":"post","link":"https:\/\/arantv.az\/?p=400485","title":{"rendered":"Ming\u0259\u00e7evird\u0259 bir ail\u0259nin be\u015f \u00fczv\u00fc d\u0259m qaz\u0131ndan z\u0259h\u0259rl\u0259ndi"},"content":{"rendered":"<p>Ming\u0259\u00e7evird\u0259 bir ail\u0259nin 5 \u00fczv\u00fc d\u0259m qaz\u0131ndan z\u0259h\u0259rl\u0259nib.<\/p>\n<p><strong>ARANTV.AZ<\/strong>-\u0131n m\u0259lumat\u0131na g\u00f6r\u0259 hadis\u0259 gec\u0259 saatlar\u0131nda Bozda\u011f f\u0259rdi ya\u015fay\u0131\u015f massivind\u0259, 16-c\u0131 d\u00f6ng\u0259, ev 14 \u00fcnvan\u0131nda ba\u015f verib.<\/p>\n<p>Bel\u0259 ki, 1978-ci il t\u0259v\u0259ll\u00fcdl\u00fc \u0130nqilab Qara o\u011flu Yusifzad\u0259, onun arvad\u0131, 1978-ci il t\u0259v\u0259ll\u00fcdl\u00fc Azad\u0259 Afiq q\u0131z\u0131 Yusifzad\u0259, iki \u00f6vlad\u0131 ya\u015fad\u0131\u011f\u0131 v\u0259 h\u0259m\u00e7inin ail\u0259 ba\u015f\u00e7\u0131s\u0131n\u0131n anas\u0131 evd\u0259 d\u0259m qaz\u0131ndan z\u0259h\u0259rl\u0259nib.<\/p>\n<p>N\u0259n\u0259nin v\u0259 u\u015faqlar\u0131n v\u0259ziyy\u0259ti ilkin tibbi yard\u0131m g\u00f6st\u0259rildikd\u0259n sonra normalla\u015f\u0131b. \u018fr v\u0259 hu\u015fsuz v\u0259ziyy\u0259td\u0259 olan arvad is\u0259 x\u0259st\u0259xanaya yerl\u0259\u015fdirilib.<\/p>\n<p>Faktla ba\u011fl\u0131 ara\u015fd\u0131rma apar\u0131l\u0131r.<\/p>\n","protected":false},"excerpt":{"rendered":"<p>Ming\u0259\u00e7evird\u0259 bir ail\u0259nin 5 \u00fczv\u00fc d\u0259m qaz\u0131ndan z\u0259h\u0259rl\u0259nib. ARANTV.AZ-\u0131n m\u0259lumat\u0131na g\u00f6r\u0259 hadis\u0259 gec\u0259 saatlar\u0131nda Bozda\u011f f\u0259rdi ya\u015fay\u0131\u015f massivind\u0259, 16-c\u0131 d\u00f6ng\u0259, ev 14 \u00fcnvan\u0131nda ba\u015f verib. Bel\u0259 ki, 1978-ci il t\u0259v\u0259ll\u00fcdl\u00fc \u0130nqilab Qara o\u011flu Yusifzad\u0259, onun arvad\u0131, 1978-ci il t\u0259v\u0259ll\u00fcdl\u00fc Azad\u0259 Afiq q\u0131z\u0131 Yusifzad\u0259, iki \u00f6vlad\u0131 ya\u015fad\u0131\u011f\u0131 v\u0259 h\u0259m\u00e7inin ail\u0259 ba\u015f\u00e7\u0131s\u0131n\u0131n anas\u0131 evd\u0259 d\u0259m qaz\u0131ndan z\u0259h\u0259rl\u0259nib. N\u0259n\u0259nin v\u0259 u\u015faqlar\u0131n v\u0259ziyy\u0259ti ilkin tibbi yard\u0131m g\u00f6st\u0259rildikd\u0259n sonra normalla\u015f\u0131b. \u018fr v\u0259 hu\u015fsuz v\u0259ziyy\u0259td\u0259 olan arvad is\u0259 x\u0259st\u0259xanaya yerl\u0259\u015fdirilib. Faktla ba\u011fl\u0131 ara\u015fd\u0131rma apar\u0131l\u0131r.<\/p>\n","protected":false},"author":2,"featured_media":361689,"comment_status":"closed","ping_status":"closed","sticky":false,"template":"","format":"standard","meta":{"om_disable_all_campaigns":false,"_monsterinsights_skip_tracking":false,"_monsterinsights_sitenote_active":false,"_monsterinsights_sitenote_note":"","_monsterinsights_sitenote_category":0},"categories":[5],"tags":[],"aioseo_notices":[],"gutentor_comment":0,"rttpg_featured_image_url":{"full":["https:\/\/arantv.az\/wp-content\/uploads\/2021\/07\/qaz_problemi_0325.jpg",800,600,false],"landscape":["https:\/\/arantv.az\/wp-content\/uploads\/2021\/07\/qaz_problemi_0325.jpg",800,600,false],"portraits":["https:\/\/arantv.az\/wp-content\/uploads\/2021\/07\/qaz_problemi_0325.jpg",800,600,false],"thumbnail":["https:\/\/arantv.az\/wp-content\/uploads\/2021\/07\/qaz_problemi_0325-500x280.jpg",500,280,true],"medium":["https:\/\/arantv.az\/wp-content\/uploads\/2021\/07\/qaz_problemi_0325-487x365.jpg",487,365,true],"large":["https:\/\/arantv.az\/wp-content\/uploads\/2021\/07\/qaz_problemi_0325.jpg",640,480,false],"1536x1536":["https:\/\/arantv.az\/wp-content\/uploads\/2021\/07\/qaz_problemi_0325.jpg",800,600,false],"2048x2048":["https:\/\/arantv.az\/wp-content\/uploads\/2021\/07\/qaz_problemi_0325.jpg",800,600,false],"post-thumbnail":["https:\/\/arantv.az\/wp-content\/uploads\/2021\/07\/qaz_problemi_0325-240x172.jpg",240,172,true],"advps-thumb-one":["https:\/\/arantv.az\/wp-content\/uploads\/2021\/07\/qaz_problemi_0325.jpg",800,600,false]},"rttpg_author":{"display_name":"V\u00fcsal Rafiqo\u011flu","author_link":"https:\/\/arantv.az\/?author=2"},"rttpg_comment":0,"rttpg_category":"<a href=\"https:\/\/arantv.az\/?cat=5\" rel=\"category\">Hadis\u0259<\/a>","rttpg_excerpt":"Ming\u0259\u00e7evird\u0259 bir ail\u0259nin 5 \u00fczv\u00fc d\u0259m qaz\u0131ndan z\u0259h\u0259rl\u0259nib. ARANTV.AZ-\u0131n m\u0259lumat\u0131na g\u00f6r\u0259 hadis\u0259 gec\u0259 saatlar\u0131nda Bozda\u011f f\u0259rdi ya\u015fay\u0131\u015f massivind\u0259, 16-c\u0131 d\u00f6ng\u0259, ev 14 \u00fcnvan\u0131nda ba\u015f verib. Bel\u0259 ki, 1978-ci il t\u0259v\u0259ll\u00fcdl\u00fc \u0130nqilab Qara o\u011flu Yusifzad\u0259, onun arvad\u0131, 1978-ci il t\u0259v\u0259ll\u00fcdl\u00fc Azad\u0259 Afiq q\u0131z\u0131 Yusifzad\u0259, iki \u00f6vlad\u0131 ya\u015fad\u0131\u011f\u0131 v\u0259 h\u0259m\u00e7inin ail\u0259 ba\u015f\u00e7\u0131s\u0131n\u0131n anas\u0131 evd\u0259 d\u0259m qaz\u0131ndan z\u0259h\u0259rl\u0259nib.&hellip;","_links":{"self":[{"href":"https:\/\/arantv.az\/index.php?rest_route=\/wp\/v2\/posts\/400485"}],"collection":[{"href":"https:\/\/arantv.az\/index.php?rest_route=\/wp\/v2\/posts"}],"about":[{"href":"https:\/\/arantv.az\/index.php?rest_route=\/wp\/v2\/types\/post"}],"author":[{"embeddable":true,"href":"https:\/\/arantv.az\/index.php?rest_route=\/wp\/v2\/users\/2"}],"replies":[{"embeddable":true,"href":"https:\/\/arantv.az\/index.php?rest_route=%2Fwp%2Fv2%2Fcomments&post=400485"}],"version-history":[{"count":0,"href":"https:\/\/arantv.az\/index.php?rest_route=\/wp\/v2\/posts\/400485\/revisions"}],"wp:featuredmedia":[{"embeddable":true,"href":"https:\/\/arantv.az\/index.php?rest_route=\/wp\/v2\/media\/361689"}],"wp:attachment":[{"href":"https:\/\/arantv.az\/index.php?rest_route=%2Fwp%2Fv2%2Fmedia&parent=400485"}],"wp:term":[{"taxonomy":"category","embeddable":true,"href":"https:\/\/arantv.az\/index.php?rest_route=%2Fwp%2Fv2%2Fcategories&post=400485"},{"taxonomy":"post_tag","embeddable":true,"href":"https:\/\/arantv.az\/index.php?rest_route=%2Fwp%2Fv2%2Ftags&post=400485"}],"curies":[{"name":"wp","href":"https:\/\/api.w.org\/{rel}","templated":true}]}}