{"id":400505,"date":"2021-11-06T13:00:11","date_gmt":"2021-11-06T10:00:11","guid":{"rendered":"http:\/\/arantv.az\/?p=400505"},"modified":"2021-11-06T13:00:11","modified_gmt":"2021-11-06T10:00:11","slug":"baki-istanbul-t%c9%99yyar%c9%99si-basqa-hava-limanina-endi-aciqlama","status":"publish","type":"post","link":"https:\/\/arantv.az\/?p=400505","title":{"rendered":"Bak\u0131-\u0130stanbul t\u0259yyar\u0259si ba\u015fqa hava liman\u0131na endi &#8211; A\u00c7IQLAMA"},"content":{"rendered":"<p>\u018flveri\u015fsiz hava \u015f\u0259raiti (g\u00fccl\u00fc duman) s\u0259b\u0259bind\u0259n \u201cButa Airways\u201din J2-9103 n\u00f6mr\u0259li Bak\u0131-\u0130stanbul (Sabiha G\u00f6k\u00e7en) reysini h\u0259yata ke\u00e7ir\u0259n hava g\u0259misinin kapitan\u0131 \u0130stanbulun yeni hava liman\u0131nda enm\u0259y\u0259 q\u0259rar verib.<\/p>\n<p>Bu bar\u0259d\u0259 avia\u015firk\u0259td\u0259n bildirilib.<\/p>\n<div id=\"AdviadNativeVideo0\" class=\"AdviadNativeVideo\"><\/div>\n<p>Qeyd edilib ki, t\u0259yyar\u0259 yerli vaxt il\u0259 saat 10:50 u\u011furlu eni\u015f edib:<\/p>\n<p>\u201c\u018fg\u0259r hava s\u0259raiti yol ver\u0259rs\u0259, \u0130stanbulun yeni hava liman\u0131ndaki t\u0259yyar\u0259 Sabiha G\u00f6k\u00e7\u0259n hava liman\u0131ndaki s\u0259rni\u015finl\u0259rin da\u015f\u0131nmas\u0131 \u00fc\u00e7\u00fcn havaya qalxacaq\u201d.<\/p>\n","protected":false},"excerpt":{"rendered":"<p>\u018flveri\u015fsiz hava \u015f\u0259raiti (g\u00fccl\u00fc duman) s\u0259b\u0259bind\u0259n \u201cButa Airways\u201din J2-9103 n\u00f6mr\u0259li Bak\u0131-\u0130stanbul (Sabiha G\u00f6k\u00e7en) reysini h\u0259yata ke\u00e7ir\u0259n hava g\u0259misinin kapitan\u0131 \u0130stanbulun yeni hava liman\u0131nda enm\u0259y\u0259 q\u0259rar verib. Bu bar\u0259d\u0259 avia\u015firk\u0259td\u0259n bildirilib. Qeyd edilib ki, t\u0259yyar\u0259 yerli vaxt il\u0259 saat 10:50 u\u011furlu eni\u015f edib: \u201c\u018fg\u0259r hava s\u0259raiti yol ver\u0259rs\u0259, \u0130stanbulun yeni hava liman\u0131ndaki t\u0259yyar\u0259 Sabiha G\u00f6k\u00e7\u0259n hava liman\u0131ndaki s\u0259rni\u015finl\u0259rin da\u015f\u0131nmas\u0131 \u00fc\u00e7\u00fcn havaya qalxacaq\u201d.<\/p>\n","protected":false},"author":2,"featured_media":400506,"comment_status":"closed","ping_status":"closed","sticky":false,"template":"","format":"standard","meta":{"om_disable_all_campaigns":false,"_monsterinsights_skip_tracking":false,"_monsterinsights_sitenote_active":false,"_monsterinsights_sitenote_note":"","_monsterinsights_sitenote_category":0},"categories":[26],"tags":[],"aioseo_notices":[],"gutentor_comment":0,"rttpg_featured_image_url":{"full":["https:\/\/arantv.az\/wp-content\/uploads\/2021\/11\/1122896.jpg",768,577,false],"landscape":["https:\/\/arantv.az\/wp-content\/uploads\/2021\/11\/1122896.jpg",768,577,false],"portraits":["https:\/\/arantv.az\/wp-content\/uploads\/2021\/11\/1122896.jpg",768,577,false],"thumbnail":["https:\/\/arantv.az\/wp-content\/uploads\/2021\/11\/1122896-500x280.jpg",500,280,true],"medium":["https:\/\/arantv.az\/wp-content\/uploads\/2021\/11\/1122896-486x365.jpg",486,365,true],"large":["https:\/\/arantv.az\/wp-content\/uploads\/2021\/11\/1122896.jpg",640,481,false],"1536x1536":["https:\/\/arantv.az\/wp-content\/uploads\/2021\/11\/1122896.jpg",768,577,false],"2048x2048":["https:\/\/arantv.az\/wp-content\/uploads\/2021\/11\/1122896.jpg",768,577,false],"post-thumbnail":["https:\/\/arantv.az\/wp-content\/uploads\/2021\/11\/1122896-240x172.jpg",240,172,true],"advps-thumb-one":["https:\/\/arantv.az\/wp-content\/uploads\/2021\/11\/1122896.jpg",768,577,false]},"rttpg_author":{"display_name":"V\u00fcsal Rafiqo\u011flu","author_link":"https:\/\/arantv.az\/?author=2"},"rttpg_comment":0,"rttpg_category":"<a href=\"https:\/\/arantv.az\/?cat=26\" rel=\"category\">Sosial<\/a>","rttpg_excerpt":"\u018flveri\u015fsiz hava \u015f\u0259raiti (g\u00fccl\u00fc duman) s\u0259b\u0259bind\u0259n \u201cButa Airways\u201din J2-9103 n\u00f6mr\u0259li Bak\u0131-\u0130stanbul (Sabiha G\u00f6k\u00e7en) reysini h\u0259yata ke\u00e7ir\u0259n hava g\u0259misinin kapitan\u0131 \u0130stanbulun yeni hava liman\u0131nda enm\u0259y\u0259 q\u0259rar verib. Bu bar\u0259d\u0259 avia\u015firk\u0259td\u0259n bildirilib. Qeyd edilib ki, t\u0259yyar\u0259 yerli vaxt il\u0259 saat 10:50 u\u011furlu eni\u015f edib: \u201c\u018fg\u0259r hava s\u0259raiti yol ver\u0259rs\u0259, \u0130stanbulun yeni hava liman\u0131ndaki t\u0259yyar\u0259 Sabiha G\u00f6k\u00e7\u0259n hava&hellip;","_links":{"self":[{"href":"https:\/\/arantv.az\/index.php?rest_route=\/wp\/v2\/posts\/400505"}],"collection":[{"href":"https:\/\/arantv.az\/index.php?rest_route=\/wp\/v2\/posts"}],"about":[{"href":"https:\/\/arantv.az\/index.php?rest_route=\/wp\/v2\/types\/post"}],"author":[{"embeddable":true,"href":"https:\/\/arantv.az\/index.php?rest_route=\/wp\/v2\/users\/2"}],"replies":[{"embeddable":true,"href":"https:\/\/arantv.az\/index.php?rest_route=%2Fwp%2Fv2%2Fcomments&post=400505"}],"version-history":[{"count":0,"href":"https:\/\/arantv.az\/index.php?rest_route=\/wp\/v2\/posts\/400505\/revisions"}],"wp:featuredmedia":[{"embeddable":true,"href":"https:\/\/arantv.az\/index.php?rest_route=\/wp\/v2\/media\/400506"}],"wp:attachment":[{"href":"https:\/\/arantv.az\/index.php?rest_route=%2Fwp%2Fv2%2Fmedia&parent=400505"}],"wp:term":[{"taxonomy":"category","embeddable":true,"href":"https:\/\/arantv.az\/index.php?rest_route=%2Fwp%2Fv2%2Fcategories&post=400505"},{"taxonomy":"post_tag","embeddable":true,"href":"https:\/\/arantv.az\/index.php?rest_route=%2Fwp%2Fv2%2Ftags&post=400505"}],"curies":[{"name":"wp","href":"https:\/\/api.w.org\/{rel}","templated":true}]}}