{"id":400537,"date":"2021-11-06T13:08:01","date_gmt":"2021-11-06T10:08:01","guid":{"rendered":"http:\/\/arantv.az\/?p=400537"},"modified":"2021-11-06T13:08:01","modified_gmt":"2021-11-06T10:08:01","slug":"abs-dovl%c9%99t-katibi-kom%c9%99kcisinin-yeni-muavini-az%c9%99rbaycana-s%c9%99f%c9%99rinin-m%c9%99qs%c9%99dini-aciqladi","status":"publish","type":"post","link":"https:\/\/arantv.az\/?p=400537","title":{"rendered":"AB\u015e d\u00f6vl\u0259t katibi k\u00f6m\u0259k\u00e7isinin yeni m\u00fcavini Az\u0259rbaycana s\u0259f\u0259rinin m\u0259qs\u0259dini A\u00c7IQLADI"},"content":{"rendered":"<p>\u201cYeni v\u0259zif\u0259y\u0259 t\u0259yin olunandan sonra Az\u0259rbaycana ilk d\u0259f\u0259dir s\u0259f\u0259r edir\u0259m. Burada,\u00a0Az\u0259rbaycanda olmaqdan \u00e7ox m\u0259mnunam\u201d.<\/p>\n<p>Bunu AB\u015e d\u00f6vl\u0259t katibinin k\u00f6m\u0259k\u00e7isinin Qafqaz m\u0259s\u0259l\u0259l\u0259ri, regional m\u00fcnaqi\u015f\u0259l\u0259r v\u0259 C\u0259nubi Avropa m\u0259s\u0259l\u0259l\u0259ri \u00fczr\u0259 yeni m\u00fcavini Erika Olson\u00a0\u201cReport\u201da m\u00fcsahib\u0259sind\u0259 deyib.<\/p>\n<p>O bildirib ki, s\u0259f\u0259rinin \u0259sas m\u0259qs\u0259di r\u0259smi Va\u015finqtonla Bak\u0131 aras\u0131ndak\u0131 m\u00fcnasib\u0259tl\u0259ri g\u00fccl\u0259ndirm\u0259k, eyni zamanda, C\u0259nubi Qafqaz \u00f6lk\u0259l\u0259ri il\u0259 birg\u0259 \u00e7al\u0131\u015fmaq v\u0259 regional \u0259laq\u0259l\u0259ri inki\u015faf etdirm\u0259kdir:<\/p>\n<p>\u201cS\u0259f\u0259rimin m\u0259qs\u0259dl\u0259rind\u0259n biri d\u0259 \u0259m\u0259kda\u015fl\u0131qla dostluq qurmaqd\u0131r\u201d.<\/p>\n<p>Qeyd ed\u0259k ki, E.Olson Az\u0259rbaycanda s\u0259f\u0259rd\u0259dir. Az\u0259rbaycan Prezidenti \u0130lham \u018fliyev noyabr\u0131n 5-d\u0259 onu q\u0259bul edib.<\/p>\n<p>E.Olson Bak\u0131ya g\u0259lm\u0259mi\u015fd\u0259n \u0259vv\u0259l Erm\u0259nistan v\u0259 G\u00fcrc\u00fcstanda olub. Diplomat h\u0259r iki \u00f6lk\u0259 r\u0259hb\u0259rliyi il\u0259 g\u00f6r\u00fc\u015f\u00fcb v\u0259 m\u00fczakir\u0259l\u0259r apar\u0131b.<\/p>\n","protected":false},"excerpt":{"rendered":"<p>\u201cYeni v\u0259zif\u0259y\u0259 t\u0259yin olunandan sonra Az\u0259rbaycana ilk d\u0259f\u0259dir s\u0259f\u0259r edir\u0259m. Burada,\u00a0Az\u0259rbaycanda olmaqdan \u00e7ox m\u0259mnunam\u201d. Bunu AB\u015e d\u00f6vl\u0259t katibinin k\u00f6m\u0259k\u00e7isinin Qafqaz m\u0259s\u0259l\u0259l\u0259ri, regional m\u00fcnaqi\u015f\u0259l\u0259r v\u0259 C\u0259nubi Avropa m\u0259s\u0259l\u0259l\u0259ri \u00fczr\u0259 yeni m\u00fcavini Erika Olson\u00a0\u201cReport\u201da m\u00fcsahib\u0259sind\u0259 deyib. O bildirib ki, s\u0259f\u0259rinin \u0259sas m\u0259qs\u0259di r\u0259smi Va\u015finqtonla Bak\u0131 aras\u0131ndak\u0131 m\u00fcnasib\u0259tl\u0259ri g\u00fccl\u0259ndirm\u0259k, eyni zamanda, C\u0259nubi Qafqaz \u00f6lk\u0259l\u0259ri il\u0259 birg\u0259 \u00e7al\u0131\u015fmaq v\u0259 regional \u0259laq\u0259l\u0259ri inki\u015faf etdirm\u0259kdir: \u201cS\u0259f\u0259rimin m\u0259qs\u0259dl\u0259rind\u0259n biri d\u0259 \u0259m\u0259kda\u015fl\u0131qla dostluq qurmaqd\u0131r\u201d. Qeyd ed\u0259k ki, E.Olson Az\u0259rbaycanda s\u0259f\u0259rd\u0259dir. Az\u0259rbaycan Prezidenti \u0130lham \u018fliyev noyabr\u0131n 5-d\u0259 onu q\u0259bul edib. E.Olson Bak\u0131ya g\u0259lm\u0259mi\u015fd\u0259n \u0259vv\u0259l Erm\u0259nistan v\u0259 G\u00fcrc\u00fcstanda olub. Diplomat&hellip;<\/p>\n","protected":false},"author":2,"featured_media":400538,"comment_status":"closed","ping_status":"closed","sticky":false,"template":"","format":"standard","meta":{"om_disable_all_campaigns":false,"_monsterinsights_skip_tracking":false,"_monsterinsights_sitenote_active":false,"_monsterinsights_sitenote_note":"","_monsterinsights_sitenote_category":0},"categories":[4],"tags":[],"aioseo_notices":[],"gutentor_comment":0,"rttpg_featured_image_url":{"full":["https:\/\/arantv.az\/wp-content\/uploads\/2021\/11\/erika_olson_021121.jpg",620,413,false],"landscape":["https:\/\/arantv.az\/wp-content\/uploads\/2021\/11\/erika_olson_021121.jpg",620,413,false],"portraits":["https:\/\/arantv.az\/wp-content\/uploads\/2021\/11\/erika_olson_021121.jpg",620,413,false],"thumbnail":["https:\/\/arantv.az\/wp-content\/uploads\/2021\/11\/erika_olson_021121-500x280.jpg",500,280,true],"medium":["https:\/\/arantv.az\/wp-content\/uploads\/2021\/11\/erika_olson_021121-548x365.jpg",548,365,true],"large":["https:\/\/arantv.az\/wp-content\/uploads\/2021\/11\/erika_olson_021121.jpg",620,413,false],"1536x1536":["https:\/\/arantv.az\/wp-content\/uploads\/2021\/11\/erika_olson_021121.jpg",620,413,false],"2048x2048":["https:\/\/arantv.az\/wp-content\/uploads\/2021\/11\/erika_olson_021121.jpg",620,413,false],"post-thumbnail":["https:\/\/arantv.az\/wp-content\/uploads\/2021\/11\/erika_olson_021121-240x172.jpg",240,172,true],"advps-thumb-one":["https:\/\/arantv.az\/wp-content\/uploads\/2021\/11\/erika_olson_021121.jpg",620,413,false]},"rttpg_author":{"display_name":"V\u00fcsal Rafiqo\u011flu","author_link":"https:\/\/arantv.az\/?author=2"},"rttpg_comment":0,"rttpg_category":"<a href=\"https:\/\/arantv.az\/?cat=4\" rel=\"category\">Siyas\u0259t<\/a>","rttpg_excerpt":"\u201cYeni v\u0259zif\u0259y\u0259 t\u0259yin olunandan sonra Az\u0259rbaycana ilk d\u0259f\u0259dir s\u0259f\u0259r edir\u0259m. Burada,\u00a0Az\u0259rbaycanda olmaqdan \u00e7ox m\u0259mnunam\u201d. Bunu AB\u015e d\u00f6vl\u0259t katibinin k\u00f6m\u0259k\u00e7isinin Qafqaz m\u0259s\u0259l\u0259l\u0259ri, regional m\u00fcnaqi\u015f\u0259l\u0259r v\u0259 C\u0259nubi Avropa m\u0259s\u0259l\u0259l\u0259ri \u00fczr\u0259 yeni m\u00fcavini Erika Olson\u00a0\u201cReport\u201da m\u00fcsahib\u0259sind\u0259 deyib. O bildirib ki, s\u0259f\u0259rinin \u0259sas m\u0259qs\u0259di r\u0259smi Va\u015finqtonla Bak\u0131 aras\u0131ndak\u0131 m\u00fcnasib\u0259tl\u0259ri g\u00fccl\u0259ndirm\u0259k, eyni zamanda, C\u0259nubi Qafqaz \u00f6lk\u0259l\u0259ri il\u0259 birg\u0259 \u00e7al\u0131\u015fmaq v\u0259&hellip;","_links":{"self":[{"href":"https:\/\/arantv.az\/index.php?rest_route=\/wp\/v2\/posts\/400537"}],"collection":[{"href":"https:\/\/arantv.az\/index.php?rest_route=\/wp\/v2\/posts"}],"about":[{"href":"https:\/\/arantv.az\/index.php?rest_route=\/wp\/v2\/types\/post"}],"author":[{"embeddable":true,"href":"https:\/\/arantv.az\/index.php?rest_route=\/wp\/v2\/users\/2"}],"replies":[{"embeddable":true,"href":"https:\/\/arantv.az\/index.php?rest_route=%2Fwp%2Fv2%2Fcomments&post=400537"}],"version-history":[{"count":0,"href":"https:\/\/arantv.az\/index.php?rest_route=\/wp\/v2\/posts\/400537\/revisions"}],"wp:featuredmedia":[{"embeddable":true,"href":"https:\/\/arantv.az\/index.php?rest_route=\/wp\/v2\/media\/400538"}],"wp:attachment":[{"href":"https:\/\/arantv.az\/index.php?rest_route=%2Fwp%2Fv2%2Fmedia&parent=400537"}],"wp:term":[{"taxonomy":"category","embeddable":true,"href":"https:\/\/arantv.az\/index.php?rest_route=%2Fwp%2Fv2%2Fcategories&post=400537"},{"taxonomy":"post_tag","embeddable":true,"href":"https:\/\/arantv.az\/index.php?rest_route=%2Fwp%2Fv2%2Ftags&post=400537"}],"curies":[{"name":"wp","href":"https:\/\/api.w.org\/{rel}","templated":true}]}}