{"id":400541,"date":"2021-11-06T13:08:50","date_gmt":"2021-11-06T10:08:50","guid":{"rendered":"http:\/\/arantv.az\/?p=400541"},"modified":"2021-11-06T13:08:50","modified_gmt":"2021-11-06T10:08:50","slug":"baki-abseron-v%c9%99-sumqayitda-pensiyalar-od%c9%99nildi","status":"publish","type":"post","link":"https:\/\/arantv.az\/?p=400541","title":{"rendered":"Bak\u0131, Ab\u015feron v\u0259 Sumqay\u0131tda pensiyalar \u00d6D\u018fN\u0130LD\u0130"},"content":{"rendered":"<p>Bak\u0131, Sumqay\u0131t \u015f\u0259h\u0259rl\u0259ri v\u0259 Ab\u015feron rayonu \u00fczr\u0259 noyabr ay\u0131n\u0131n pensiyalar\u0131 \u00f6d\u0259nilib.<\/p>\n<p>Bu bar\u0259d\u0259 \u018fm\u0259k v\u0259 \u018fhalinin Sosial M\u00fcdafi\u0259 Nazirliyinin Sosial M\u00fcdafi\u0259 Fondu m\u0259lumat yay\u0131b.<\/p>\n<p>Bildirilib ki, Bak\u0131 v\u0259 Sumqay\u0131t \u015f\u0259h\u0259rl\u0259ri, el\u0259c\u0259 d\u0259 Ab\u015feron rayonu \u00fczr\u0259 noyabr ay\u0131na aid pensiyalar\u0131n\u0131n \u00f6d\u0259ni\u015fi h\u0259yata ke\u00e7irilib.<\/p>\n<p>H\u0259min \u0259razil\u0259r \u00fczr\u0259 g\u00fcz\u0259\u015ftli \u015f\u0259rtl\u0259rl\u0259 pensiya h\u00fcququna malik \u015f\u0259xsl\u0259rin pensiyalar\u0131 is\u0259 qrafik\u0259 uy\u011fun olaraq \u00f6d\u0259nil\u0259c\u0259k v\u0259 \u00f6d\u0259ni\u015f tarixi il\u0259 ba\u011fl\u0131 \u0259lav\u0259 m\u0259lumat veril\u0259c\u0259k.<\/p>\n","protected":false},"excerpt":{"rendered":"<p>Bak\u0131, Sumqay\u0131t \u015f\u0259h\u0259rl\u0259ri v\u0259 Ab\u015feron rayonu \u00fczr\u0259 noyabr ay\u0131n\u0131n pensiyalar\u0131 \u00f6d\u0259nilib. Bu bar\u0259d\u0259 \u018fm\u0259k v\u0259 \u018fhalinin Sosial M\u00fcdafi\u0259 Nazirliyinin Sosial M\u00fcdafi\u0259 Fondu m\u0259lumat yay\u0131b. Bildirilib ki, Bak\u0131 v\u0259 Sumqay\u0131t \u015f\u0259h\u0259rl\u0259ri, el\u0259c\u0259 d\u0259 Ab\u015feron rayonu \u00fczr\u0259 noyabr ay\u0131na aid pensiyalar\u0131n\u0131n \u00f6d\u0259ni\u015fi h\u0259yata ke\u00e7irilib. H\u0259min \u0259razil\u0259r \u00fczr\u0259 g\u00fcz\u0259\u015ftli \u015f\u0259rtl\u0259rl\u0259 pensiya h\u00fcququna malik \u015f\u0259xsl\u0259rin pensiyalar\u0131 is\u0259 qrafik\u0259 uy\u011fun olaraq \u00f6d\u0259nil\u0259c\u0259k v\u0259 \u00f6d\u0259ni\u015f tarixi il\u0259 ba\u011fl\u0131 \u0259lav\u0259 m\u0259lumat veril\u0259c\u0259k.<\/p>\n","protected":false},"author":2,"featured_media":377632,"comment_status":"closed","ping_status":"closed","sticky":false,"template":"","format":"standard","meta":{"om_disable_all_campaigns":false,"_monsterinsights_skip_tracking":false,"_monsterinsights_sitenote_active":false,"_monsterinsights_sitenote_note":"","_monsterinsights_sitenote_category":0},"categories":[26],"tags":[],"aioseo_notices":[],"gutentor_comment":0,"rttpg_featured_image_url":{"full":["https:\/\/arantv.az\/wp-content\/uploads\/2021\/09\/bankomat-pensiya-pul.jpg",800,450,false],"landscape":["https:\/\/arantv.az\/wp-content\/uploads\/2021\/09\/bankomat-pensiya-pul.jpg",800,450,false],"portraits":["https:\/\/arantv.az\/wp-content\/uploads\/2021\/09\/bankomat-pensiya-pul.jpg",800,450,false],"thumbnail":["https:\/\/arantv.az\/wp-content\/uploads\/2021\/09\/bankomat-pensiya-pul-500x280.jpg",500,280,true],"medium":["https:\/\/arantv.az\/wp-content\/uploads\/2021\/09\/bankomat-pensiya-pul-649x365.jpg",649,365,true],"large":["https:\/\/arantv.az\/wp-content\/uploads\/2021\/09\/bankomat-pensiya-pul.jpg",640,360,false],"1536x1536":["https:\/\/arantv.az\/wp-content\/uploads\/2021\/09\/bankomat-pensiya-pul.jpg",800,450,false],"2048x2048":["https:\/\/arantv.az\/wp-content\/uploads\/2021\/09\/bankomat-pensiya-pul.jpg",800,450,false],"post-thumbnail":["https:\/\/arantv.az\/wp-content\/uploads\/2021\/09\/bankomat-pensiya-pul-240x172.jpg",240,172,true],"advps-thumb-one":["https:\/\/arantv.az\/wp-content\/uploads\/2021\/09\/bankomat-pensiya-pul.jpg",800,450,false]},"rttpg_author":{"display_name":"V\u00fcsal Rafiqo\u011flu","author_link":"https:\/\/arantv.az\/?author=2"},"rttpg_comment":0,"rttpg_category":"<a href=\"https:\/\/arantv.az\/?cat=26\" rel=\"category\">Sosial<\/a>","rttpg_excerpt":"Bak\u0131, Sumqay\u0131t \u015f\u0259h\u0259rl\u0259ri v\u0259 Ab\u015feron rayonu \u00fczr\u0259 noyabr ay\u0131n\u0131n pensiyalar\u0131 \u00f6d\u0259nilib. Bu bar\u0259d\u0259 \u018fm\u0259k v\u0259 \u018fhalinin Sosial M\u00fcdafi\u0259 Nazirliyinin Sosial M\u00fcdafi\u0259 Fondu m\u0259lumat yay\u0131b. Bildirilib ki, Bak\u0131 v\u0259 Sumqay\u0131t \u015f\u0259h\u0259rl\u0259ri, el\u0259c\u0259 d\u0259 Ab\u015feron rayonu \u00fczr\u0259 noyabr ay\u0131na aid pensiyalar\u0131n\u0131n \u00f6d\u0259ni\u015fi h\u0259yata ke\u00e7irilib. H\u0259min \u0259razil\u0259r \u00fczr\u0259 g\u00fcz\u0259\u015ftli \u015f\u0259rtl\u0259rl\u0259 pensiya h\u00fcququna malik \u015f\u0259xsl\u0259rin pensiyalar\u0131 is\u0259 qrafik\u0259 uy\u011fun&hellip;","_links":{"self":[{"href":"https:\/\/arantv.az\/index.php?rest_route=\/wp\/v2\/posts\/400541"}],"collection":[{"href":"https:\/\/arantv.az\/index.php?rest_route=\/wp\/v2\/posts"}],"about":[{"href":"https:\/\/arantv.az\/index.php?rest_route=\/wp\/v2\/types\/post"}],"author":[{"embeddable":true,"href":"https:\/\/arantv.az\/index.php?rest_route=\/wp\/v2\/users\/2"}],"replies":[{"embeddable":true,"href":"https:\/\/arantv.az\/index.php?rest_route=%2Fwp%2Fv2%2Fcomments&post=400541"}],"version-history":[{"count":0,"href":"https:\/\/arantv.az\/index.php?rest_route=\/wp\/v2\/posts\/400541\/revisions"}],"wp:featuredmedia":[{"embeddable":true,"href":"https:\/\/arantv.az\/index.php?rest_route=\/wp\/v2\/media\/377632"}],"wp:attachment":[{"href":"https:\/\/arantv.az\/index.php?rest_route=%2Fwp%2Fv2%2Fmedia&parent=400541"}],"wp:term":[{"taxonomy":"category","embeddable":true,"href":"https:\/\/arantv.az\/index.php?rest_route=%2Fwp%2Fv2%2Fcategories&post=400541"},{"taxonomy":"post_tag","embeddable":true,"href":"https:\/\/arantv.az\/index.php?rest_route=%2Fwp%2Fv2%2Ftags&post=400541"}],"curies":[{"name":"wp","href":"https:\/\/api.w.org\/{rel}","templated":true}]}}