{"id":400552,"date":"2021-11-06T13:13:52","date_gmt":"2021-11-06T10:13:52","guid":{"rendered":"http:\/\/arantv.az\/?p=400552"},"modified":"2021-11-06T13:13:52","modified_gmt":"2021-11-06T10:13:52","slug":"qlobal-baki-forumu-qlobal-covid-19-v%c9%99-qlobal-munaqis%c9%99l%c9%99rd%c9%99-qaliblik-yolu-birlik-sulhdur","status":"publish","type":"post","link":"https:\/\/arantv.az\/?p=400552","title":{"rendered":"Qlobal Bak\u0131 Forumu: qlobal COVID-19 v\u0259 qlobal m\u00fcnaqi\u015f\u0259l\u0259rd\u0259 qaliblik yolu birlik, s\u00fclhd\u00fcr"},"content":{"rendered":"<p><strong>M\u00fcnaqi\u015f\u0259 bitib v\u0259 yenid\u0259nqurma ba\u015flay\u0131b<\/strong><\/p>\n<p><em>Az\u0259rbaycan Prezidenti \u0130lham \u018fliyev\u00a0Bak\u0131 VIII Qlobal Forumda \u00e7\u0131x\u0131\u015f\u0131ndan<\/em><\/p>\n<p><em>Kims\u0259 t\u0259kba\u015f\u0131na d\u00fcnyan\u0131 udmaz!<\/em><\/p>\n<p><strong>Nizami G\u0259nc\u0259vi<\/strong><\/p>\n<p>&nbsp;<\/p>\n<p>XXI \u0259sr Az\u0259rbaycan\u0131 \u00f6z inki\u015faf\u0131n\u0131n\u00a0 \u0259n yeni m\u0259rh\u0259l\u0259sin\u0259 &#8211; \u00a0b\u00fct\u00fcn sah\u0259l\u0259ri \u0259hat\u0259 ed\u0259n \u00e7oxistiqam\u0259tli v\u0259 dayan\u0131ql\u0131 islahatlar yoluna q\u0259d\u0259m qoydu. \u201cT\u0259r\u0259qqi, t\u0259kam\u00fcl v\u0259 yeni \u015f\u0259rait\u0259 uy\u011funla\u015fma\u201d \u00a0paradiqmal\u0131 islahatlar x\u0259tti b\u00fct\u00fcn sah\u0259l\u0259ri \u0259hat\u0259 ed\u0259n \u00e7ox\u015fax\u0259li v\u0259 dinamikdir. Bu m\u0259hz daxili ictimai-siyasi sabitlik, iqtisadi u\u011furlar\u0131n \u015f\u0259rti olub, \u00f6lk\u0259d\u0259 milli inki\u015faf x\u0259ttinin t\u0259minidir. Qeyd ed\u0259k ki,\u00a0 xalq-hakimiyy\u0259t, d\u00f6vl\u0259t-ordu birliyi h\u0259r d\u00f6vl\u0259td\u0259 ictimai-siyasi sabitliyin v\u0259 t\u0259hl\u00fck\u0259sizlik amilinin \u0259sas \u015f\u0259rtidir. \u00a0Bu \u015f\u0259rtd\u0259 siyasi-h\u0259rbi-iqtisadi m\u0259s\u0259l\u0259l\u0259rl\u0259 bah\u0259m insan sa\u011flaml\u0131\u011f\u0131 amili d\u0259 t\u0259hl\u00fck\u0259sizlik kontekstidir. Bu birlikd\u0259 d\u0259 vacib olan xalq\u0131n \u00f6n\u00fcnd\u0259 ged\u0259n g\u00fccl\u00fc, irad\u0259li Lider v\u0259 d\u00f6vl\u0259tin xalq\u0131na qay\u011f\u0131s\u0131 da \u00f6n\u0259mli faktordur.<\/p>\n<p>Prezident \u0130lham \u018fliyev siyas\u0259tind\u0259 xalq\u0131n rifah\u0131, sosial h\u0259yat\u0131 Az\u0259rbaycan\u0131n milli maraqlar\u0131 v\u0259 m\u0259nafeyind\u0259n ir\u0259li g\u0259l\u0259n d\u00f6vl\u0259t proqramlar\u0131 il\u0259, \u00e7oxm\u0259d\u0259niyy\u0259tli, \u00e7oxmill\u0259tli v\u0259 \u00e7oxkonfessiyal\u0131 balansl\u0131 strategiya \u0259sas\u0131nda h\u0259yata ke\u00e7irilir. Bu balansl\u0131 siyas\u0259t \u00f6lk\u0259d\u0259 ictimai-siyasi sabitlik, iqtisadi inki\u015faf, sosial-m\u0259d\u0259ni t\u0259r\u0259qqi, g\u00fccl\u00fc v\u0259 m\u00fcasir ordu quruculu\u011funda \u00f6z t\u0259sdiqini \u0259ks etdirir. Prezident \u0130lham \u018fliyevin h\u0259llin\u0259 start verdiyi \u00e7oxmiqyasl\u0131 v\u0259 h\u0259rt\u0259r\u0259fli islahatlar x\u0259tti say\u0259sind\u0259\u00a0 Az\u0259rbaycan strateji modern \u00f6lk\u0259y\u0259 \u00e7evrilmi\u015fdir. Modern, dayan\u0131ql\u0131 inki\u015faf, demokratik v\u0259 h\u00fcquqi d\u00f6vl\u0259t kursu Az\u0259rbaycan\u0131n strateji yoludur.<\/p>\n<p>Prezident \u0130lham \u018fliyev hadis\u0259 v\u0259 prosesl\u0259ri \u00f6nc\u0259g\u00f6r\u0259n, praqmatik, prinsipial v\u0259 strateji q\u0259tiyy\u0259tli bax\u0131\u015f t\u0259rzi olan, ard\u0131c\u0131l v\u0259 sistemli q\u0259rar q\u0259buletm\u0259 bacar\u0131ql\u0131 v\u0259 siyasi irad\u0259li Liderdir. Bu reall\u0131q b\u00fct\u00fcn d\u00fcnyan\u0131 sars\u0131dan COV\u0130D-19 pandemiyas\u0131na qar\u015f\u0131 m\u00fcbariz\u0259d\u0259 v\u0259 el\u0259c\u0259 d\u0259 V\u0259t\u0259n m\u00fcharib\u0259sind\u0259 d\u0259 \u00f6z\u00fcn\u00fc\u00a0 b\u00fcruz\u0259 etdi.<\/p>\n<p>Prezident \u0130lham \u018fliyevin COV\u0130D-19 pandemiyas\u0131na qar\u015f\u0131 m\u00fcbariz\u0259d\u0259 beyn\u0259lxalq s\u0259yl\u0259rin birl\u0259\u015fdirilm\u0259si, d\u00fcnyada birlik, h\u0259mr\u0259ylik v\u0259 m\u0259suliyy\u0259tin g\u00fccl\u0259ndirilm\u0259sin\u0259 h\u0259d\u0259fl\u0259nmi\u015f t\u0259\u015f\u0259bb\u00fcsl\u0259ri d\u00fcnya ictimaiyy\u0259t t\u0259r\u0259find\u0259n birm\u0259nal\u0131 d\u0259st\u0259kl\u0259ndi. Bu g\u00f6st\u0259rdi ki, Az\u0259rbaycan d\u00f6vl\u0259ti v\u0259 onun lideri \u0130lham \u018fliyev qlobal bax\u0131\u015fl\u0131 modern liderdir.<\/p>\n<p>COV\u0130D-19 pandemiyas\u0131 &#8220;\u018fsrin g\u00f6r\u00fcnm\u0259z soyuq m\u00fcharib\u0259si\u201ddir. Beyn\u0259lxalq ictimaiyy\u0259t d\u0259 g\u00f6rd\u00fc ki, pandemiyaya qar\u015f\u0131 \u00a0qlobal m\u00fcbariz\u0259nin apar\u0131lmas\u0131 v\u0259 d\u00fcnyada \u00fcmumi s\u0259yl\u0259ri birl\u0259\u015fdirm\u0259 \u00e7a\u011f\u0131r\u0131\u015f\u0131na s\u0259sl\u0259y\u0259n d\u00f6vl\u0259t Az\u0259rbaycan Respublikas\u0131, lideri d\u0259 qlobal d\u00fc\u015f\u00fcnc\u0259li Prezident \u0130lham \u018fliyev olmu\u015fdur. Pandemiyaya qar\u015f\u0131 d\u00fcnya d\u00f6vl\u0259tl\u0259rinin iqtisadi, sosial, humanitar, \u0259sas\u0259n d\u0259\u00a0 tibbi-s\u0259hiyy\u0259 sah\u0259l\u0259rind\u0259 qar\u015f\u0131l\u0131ql\u0131 \u0259m\u0259kda\u015fl\u0131\u011f\u0131nda bu s\u0259yl\u0259r d\u0259 Az\u0259rbaycan\u0131n yeni h\u0259d\u0259fl\u0259ridir. Bu aspektd\u0259n d\u0259 d\u00fcnyan\u0131n g\u00f6zl\u0259diyi COV\u0130D-19 \u0259leyhin\u0259 peyv\u0259ndin meydana g\u0259lm\u0259si d\u0259 strateji v\u0259 aktual problem idi. H\u0259m\u00e7inin, bel\u0259 peyv\u0259ndl\u0259rin h\u0259r bir d\u00fcnya \u00f6lk\u0259sin\u0259 \u0259l\u00e7atanl\u0131\u011f\u0131n\u0131n t\u0259mini d\u0259 vacib m\u0259s\u0259l\u0259l\u0259rd\u0259n idi. Bu h\u0259qiq\u0259td\u0259 is\u0259 d\u00f6vl\u0259tl\u0259rin faci\u0259vi Pandemiya zaman\u0131, h\u0259tta \u00a0bir-birin\u0259 qar\u015f\u0131 geosiyasi iddialardan \u0259l g\u00f6t\u00fcrm\u0259m\u0259si, \u201c\u0259lin\u0259 b\u0259han\u0259 d\u00fc\u015fm\u00fc\u015f\u201d kimi s\u0259rh\u0259dl\u0259rin qapad\u0131lmas\u0131ndan bel\u0259 b\u0259zi iqtisadi t\u0259zyiq elementi olaraq istifad\u0259si d\u0259 real ger\u00e7\u0259klikl\u0259rdir. M\u0259hz bu kimi aktual probleml\u0259r d\u0259 Prezident \u0130lham \u018fliyevin t\u0259\u015f\u0259bb\u00fcs\u00fc il\u0259 2020-ci il 3 dekabrda realla\u015fd\u0131r\u0131lan BMT Ba\u015f M\u0259clisinin x\u00fcsusi sessiyas\u0131n\u0131n g\u00fcnd\u0259liyini m\u00fc\u0259yy\u0259nl\u0259\u015fdirdi. \u00dcmumi b\u0259la olan pandemiya il\u0259 m\u00fcbariz\u0259d\u0259 d\u00f6vl\u0259t ba\u015f\u00e7\u0131s\u0131n\u0131n q\u0259tiyy\u0259ti, t\u0259l\u0259bkarl\u0131\u011f\u0131, pe\u015f\u0259karl\u0131\u011f\u0131, onun humanizminin, xeyirxahl\u0131\u011f\u0131n\u0131n, Az\u0259rbaycan v\u0259t\u0259nda\u015flar\u0131n\u0131n pulsuz vaksinasiya edilm\u0259si n\u00fcmun\u0259si d\u0259 xalq\u0131na xidm\u0259t, insanlara qay\u011f\u0131s\u0131n\u0131n bariz g\u00f6st\u0259ricisidir.<\/p>\n<p>Prezident \u0130lham \u018fliyev pandemiya d\u00f6vr\u00fcnd\u0259 h\u0259r bir v\u0259t\u0259nda\u015f\u0131n sa\u011flaml\u0131\u011f\u0131, \u0259halinin sosial m\u00fcdafi\u0259sinin t\u0259minat\u0131, paralel olaraq h\u0259m d\u0259 iqtisadi aktivliyini h\u0259yata ke\u00e7irilm\u0259si istiqam\u0259tind\u0259 silsil\u0259li kompleks t\u0259dbirl\u0259ri realla\u015fd\u0131r\u0131rd\u0131. Pandemiyadan z\u0259r\u0259r g\u00f6r\u0259n \u00f6z\u0259l sektor sah\u0259sin\u0259, x\u0131rda v\u0259 orta sahibkarlara da \u00a0maliyy\u0259 d\u0259st\u0259yi verildi. X\u00fcsus\u0259n d\u0259, i\u015fl\u0259m\u0259y\u0259n, y\u0259ni i\u015fsiz v\u0259 i\u015f yeri m\u00fcv\u0259qq\u0259ti qapananlara da 190 manat bird\u0259f\u0259lik \u00f6d\u0259ni\u015f verildi. Bu g\u00f6st\u0259rici, Prezident \u0130lham \u018fliyev siyas\u0259tinin \u0259sas\u0131nda Az\u0259rbaycan v\u0259t\u0259nda\u015f\u0131n\u0131n sa\u011flaml\u0131\u011f\u0131 v\u0259 onun sosial rifah\u0131n\u0131n durmas\u0131 paradiqmas\u0131d\u0131r.<\/p>\n<p>\u00d6lk\u0259d\u0259 COV\u0130D-19 pandemiyas\u0131na qar\u015f\u0131 d\u00f6rd istiqam\u0259td\u0259 apard\u0131: 1) v\u0259t\u0259nda\u015flar\u0131n h\u0259yat\u0131 v\u0259 sa\u011flaml\u0131\u011f\u0131n\u0131n qorunmas\u0131; 2) \u0259halinin sosial m\u00fcdafi\u0259sinin t\u0259minat\u0131; 3) iqtisadiyyat\u0131n\u00a0 inki\u015faf etdirilm\u0259sind\u0259 m\u00fc\u0259yy\u0259nl\u0259\u015f\u0259n strategiya; 4) \u00dcmumd\u00fcnya S\u0259hiyy\u0259 T\u0259\u015fkilat\u0131n\u0131n t\u00f6vsiy\u0259l\u0259ri \u0259sas\u0131nda Az\u0259rbaycan da bu pandemiya b\u0259las\u0131ndan yaranan \u00e7\u0259tinlikl\u0259ri minimuma endirm\u0259 yolunu tutan d\u00f6vl\u0259tl\u0259rd\u0259ndir. Bu reall\u0131q \u00dcmumd\u00fcnya S\u0259hiyy\u0259 T\u0259\u015fkilat\u0131 t\u0259r\u0259find\u0259n d\u0259 d\u0259f\u0259l\u0259rl\u0259 qeyd olunmu\u015f v\u0259 Az\u0259rbaycan\u0131n pandemiyaya qar\u015f\u0131 m\u00fcbariz\u0259 t\u0259dbirl\u0259ri bir \u00e7ox \u00f6lk\u0259l\u0259rd\u0259 \u201cAz\u0259rbaycan modeli\u201d olaraq \u00f6yr\u0259nilmi\u015fdir. Bel\u0259 ki, Prezident \u0130lham \u018fliyevin t\u0259\u015f\u0259bb\u00fcs\u00fc il\u0259 2020-ci il apreld\u0259 T\u00fcrkdilli D\u00f6vl\u0259tl\u0259rin \u018fm\u0259kda\u015fl\u0131q \u015euras\u0131n\u0131n 2020-ci il mayda Qo\u015fulmama H\u0259r\u0259kat\u0131na \u00fczv d\u00f6vl\u0259tl\u0259rin T\u0259mas qrupunun videoonlayn Zirv\u0259 g\u00f6r\u00fc\u015fl\u0259ri ke\u00e7irildi. Bu is\u0259 regional v\u0259 qlobal kontekstd\u0259\u00a0 pandemiyaya qar\u015f\u0131 q\u00fcvv\u0259l\u0259rin birl\u0259\u015fdirilm\u0259si v\u0259 t\u0259cr\u00fcb\u0259 m\u00fcbadil\u0259si apar\u0131lmas\u0131n\u0131 \u0259ks etdirirdi. D\u00f6vl\u0259t r\u0259hb\u0259ri qlobal COV\u0130D-19 pandemiyas\u0131na qar\u015f\u0131 beyn\u0259lxalq s\u0259viyy\u0259d\u0259 s\u0259yl\u0259rin birl\u0259\u015fdirilm\u0259si v\u0259 g\u00fccl\u0259ndirilm\u0259sin\u0259 y\u00f6n\u0259lik &#8211; BMT Ba\u015f M\u0259clisinin x\u00fcsusi sessiyas\u0131n\u0131n ke\u00e7irilm\u0259si t\u0259klifini ir\u0259li s\u00fcrd\u00fc. Bu t\u0259klif 2020-ci il mayda Nyu-Yorkda Qo\u015fulmama H\u0259r\u0259kat\u0131n\u0131n Koordinasiya B\u00fcrosunda m\u00fczakir\u0259 edildi, d\u0259st\u0259kl\u0259ndi v\u0259 Qo\u015fulmama H\u0259r\u0259kat\u0131 ad\u0131ndan BMT Ba\u015f katibin\u0259 m\u00fcraci\u0259t\u00a0 q\u0259bul edildi. H\u0259m\u00e7inin, Prezident \u0130lham \u018fliyev 2020-ci il may\u0131n 13-d\u0259 Qo\u015fulmama H\u0259r\u0259kat\u0131n\u0131n s\u0259dri kimi BMT Ba\u015f katibin\u0259 d\u0259 m\u00fcraci\u0259t etmi\u015fdi. BMT Ba\u015f katibi t\u0259\u015fkilat\u0131n Nizamnam\u0259sinin 20-ci madd\u0259sin\u0259 \u0259sas\u0259n 2020-ci il may\u0131n 28-d\u0259 BMT Ba\u015f M\u0259clisinin x\u00fcsusi sessiyan\u0131n \u00e7a\u011f\u0131r\u0131lmas\u0131 \u00fc\u00e7\u00fcn \u00fczv d\u00f6vl\u0259tl\u0259r\u0259 m\u00fcraci\u0259t etmi\u015fdi.<\/p>\n<p>N\u0259z\u0259r\u0259 yetir\u0259k ki, BMT Nizamnam\u0259sinin 20-ci madd\u0259sin\u0259 g\u00f6r\u0259 \u00fc\u00e7 m\u0259qs\u0259dl\u0259\u00a0 t\u0259\u015fkilat\u0131n Ba\u015f M\u0259clisinin x\u00fcsusi sessiyas\u0131n\u0131 ke\u00e7irm\u0259k olar. Birinci, BMT T\u0259hl\u00fck\u0259sizlik \u015euras\u0131 daimi \u00fczvl\u0259ri bunu t\u0259l\u0259b etsin, ikinci, BMT Ba\u015f M\u0259clisinin \u0259ks\u0259riyy\u0259t \u00fczvl\u0259ri bel\u0259 t\u0259l\u0259bi t\u0259sdiq etsin v\u0259 \u00fc\u00e7\u00fcnc\u00fc, BMT-nin \u00fczv\u00fc olan h\u0259r hans\u0131 bir d\u00f6vl\u0259tin t\u0259klifi \u00fczv d\u00f6vl\u0259tl\u0259r t\u0259r\u0259find\u0259n m\u00fcdafi\u0259 olunduqda x\u00fcsusi sessiyan\u0131 \u00e7a\u011f\u0131rmaq olar. Prezident\u00a0 \u0130lham \u018fliyevin bu t\u0259klifin\u0259 BMT Ba\u015f M\u0259clisinin 130-dan \u00e7ox \u00fczv\u00fc t\u0259r\u0259fdar \u00e7\u0131xm\u0131\u015fd\u0131. Bu d\u00f6vl\u0259tl\u0259r aras\u0131nda Qo\u015fulmama H\u0259r\u0259kat\u0131n\u0131n 120 \u00fczv\u00fc il\u0259 bah\u0259m, Avropa \u0130ttifaq\u0131n\u0131n, Asiyan\u0131n, Afrikan\u0131n v\u0259 Lat\u0131n Amerikas\u0131n\u0131n da apar\u0131c\u0131 d\u00f6vl\u0259tl\u0259ri yer al\u0131rd\u0131. Bu t\u0259klif\u0259 qar\u015f\u0131 \u00e7\u0131x\u0131\u015f ed\u0259n t\u0259k d\u00f6vl\u0259t i\u015f\u011fal\u00e7\u0131 Erm\u0259nistan olmu\u015fdu. Fa\u015fizmi v\u0259 terrorizmi d\u00f6vl\u0259t siyas\u0259tin\u0259 \u00e7evir\u0259n bir \u201ct\u0259kmill\u0259tli d\u00f6vl\u0259t\u201din bel\u0259 h\u0259r\u0259k\u0259ti onun yen\u0259 \u0259sl mahiyy\u0259tinin g\u00f6st\u0259ricisi oldu. Bu m\u0259nada, Erm\u0259nistan d\u00fcnyada t\u0259k \u00f6lk\u0259dir ki, COV\u0130D-19-la m\u00fcbariz\u0259 t\u0259klifin\u0259 qo\u015fulmad\u0131 v\u0259 sanki \u201cpandemiyan\u0131n m\u00fctt\u0259fiqi\u201d kimi \u00e7\u0131x\u0131\u015f etdi. Bu n\u0259z\u0259rd\u0259n Erm\u0259nistan\u0131n bel\u0259 anti-b\u0259\u015f\u0259ri davran\u0131\u015f\u0131na post-pandemiya d\u00f6vr\u00fcnd\u0259 siyasi v\u0259 beyn\u0259lxalq h\u00fcquqi qiym\u0259t verilm\u0259si d\u0259 z\u0259ruri m\u0259s\u0259l\u0259dir.<\/p>\n<p>4 noyabr 2021-ci il tarixind\u0259 Nizami G\u0259nc\u0259vi Beyn\u0259lxalq M\u0259rk\u0259zinin t\u0259\u015fkilat\u00e7\u0131l\u0131\u011f\u0131 il\u0259 ke\u00e7iril\u0259n \u0259n\u0259n\u0259vi VIII Qlobal Bak\u0131 Forumu da m\u0259hz \u00a0\u201cCOVID-19-dan sonrak\u0131 d\u00fcnya\u201d m\u00f6vzusunda idi. VIII Qlobal Bak\u0131 Forumunda COVID-19-dan sonra d\u00fcnya nizam\u0131+yeni d\u00f6vrd\u0259 yeni d\u00fcnya iqtisadiyyat\u0131, s\u00fclh, t\u0259hl\u00fck\u0259sizlik, insan h\u00fcquqlar\u0131,\u00a0iqlim d\u0259yi\u015fikliyi, enerji t\u0259l\u0259bat\u0131, tibb v\u0259 insanlar\u0131n peyv\u0259nd olunmas\u0131,\u00a0 qida t\u0259hl\u00fck\u0259sizliyi,\u00a0G\u0259ncl\u0259r v\u0259 u\u015faqlar, \u015e\u0259rq T\u0259r\u0259fda\u015fl\u0131\u011f\u0131, Avropa \u0130ttifaq\u0131, Balkanlar v\u0259 C\u0259nubi Qafqazdak\u0131 real v\u0259ziyy\u0259t\u0259 aid m\u0259s\u0259l\u0259l\u0259r m\u00fczakir\u0259 obyekti oldu.<\/p>\n<p>Yada salaq ki, 7-8 may 2013-c\u00fc ild\u0259 ilk d\u0259f\u0259 Qlobal Bak\u0131 Forumu ke\u00e7iril\u0259nd\u0259 d\u0259 qlobal, aktual m\u00f6vzular m\u00fczakir\u0259 edilmi\u015fdi. \u00a0Birinci\u00a0 Bak\u0131 Forumunda regional prosesl\u0259r, Qaraba\u011f m\u0259s\u0259l\u0259si, qad\u0131n-ail\u0259 probleml\u0259ri\u00a0 dinl\u0259raras\u0131, m\u0259d\u0259niyy\u0259tl\u0259raras\u0131 dialoq v\u0259 \u00a0m\u00fcnaqi\u015f\u0259 ocaqlar\u0131 il\u0259 ba\u011fl\u0131 v\u0259ziyy\u0259t m\u00fczakir\u0259y\u0259 \u00e7\u0131xar\u0131lm\u0131\u015fd\u0131. 2014-c\u00fc il 28-30 aprel II Qlobal A\u00e7\u0131q C\u0259miyy\u0259tl\u0259r Forumunda davaml\u0131 inki\u015faf\u0131n t\u0259mini, a\u00e7\u0131q c\u0259miyy\u0259tl\u0259rin \u0259hat\u0259 dair\u0259sinin \u0259saslar\u0131, iqtisadi dayaqlar\u0131, m\u00fcr\u0259kk\u0259b \u015f\u0259raitd\u0259 m\u00fcnaqi\u015f\u0259l\u0259rin h\u0259lli, multiidar\u0259etm\u0259 v\u0259 institusional m\u0259s\u0259l\u0259l\u0259r m\u00fczakir\u0259 olunmu\u015fdu. H\u0259r ild\u0259 bir d\u0259f\u0259 ke\u00e7iril\u0259n bel\u0259 m\u00f6t\u0259b\u0259r t\u0259dbirl\u0259rd\u0259 etnik v\u0259 s. tipli m\u00fcnaqi\u015f\u0259l\u0259r, terrorlar, demokratiyan\u0131n inki\u015faf\u0131, t\u0259hsil, ekologiya, enerji t\u0259hl\u00fck\u0259sizliyi, dinl\u0259raras\u0131 dialoq, s\u00fclh prosesind\u0259 qad\u0131nlar\u0131n rolu, m\u00fcnaqi\u015f\u0259l\u0259rin yat\u0131r\u0131lmas\u0131nda dinl\u0259raras\u0131 dialoq m\u0259s\u0259l\u0259si, miqrasiya, multikulturall\u0131q v\u0259 inteqrasiya m\u0259s\u0259l\u0259l\u0259ri, qlobal t\u0259hl\u00fck\u0259sizliyin t\u0259mini radikalla\u015fma v\u0259 miqrasiya m\u00f6vzular\u0131nda apar\u0131lan m\u00fczakir\u0259l\u0259r m\u0259hz bu forumlar\u0131n beyn\u0259lxalq miqyasda tan\u0131nmas\u0131nda v\u0259 fikir m\u00fcbadil\u0259si \u00fc\u00e7\u00fcn vacib platforma oldu\u011funu t\u0259sdiq etmi\u015fdir. Prezident \u0130lham \u018fliyev s\u00f6yl\u0259diyi kimi: \u201cQlobal Bak\u0131 Forumu qlobal siyas\u0259t\u0259 aid t\u0259xir\u0259 sal\u0131nmaz v\u0259 vacib m\u0259s\u0259l\u0259l\u0259rin m\u00fczakir\u0259si bax\u0131m\u0131ndan apar\u0131c\u0131 platformalardan birin\u0259 \u00e7evrilib\u201d.<\/p>\n<p>Bu m\u0259nada VIII Qlobal Bak\u0131 Forumu \u00a0regionda v\u0259 d\u00fcnyadak\u0131 d\u0259yi\u015fiklikl\u0259r\u0259 operativ yana\u015fmas\u0131 il\u0259 yenid\u0259n aktual Platforma oldu. Roma Papas\u0131 Fransiskin x\u00fcsusi m\u00fcraci\u0259tind\u0259: \u201cBu m\u00fch\u00fcm t\u0259dbir (y\u0259ni, VIII Qlobal Bak\u0131 Forumunu) Beyn\u0259lxalq Birlik r\u0259mzidir\u201d dey\u0259r\u0259k d\u0259y\u0259rl\u0259ndiribdir.<\/p>\n<p>VIII Qlobal Bak\u0131 Forumu \u00a0Az\u0259rbaycan\u0131n qlobal d\u00fcnyadak\u0131 yerinin b\u00f6y\u00fck \u0259h\u0259miyy\u0259t da\u015f\u0131d\u0131\u011f\u0131n\u0131 g\u00f6st\u0259rir. Prezident \u0130lham \u018fliyevin r\u0259hb\u0259rliyi il\u0259 d\u00f6vl\u0259tin apard\u0131\u011f\u0131 strateji-humanitar siyasi x\u0259tti h\u0259m regionda, h\u0259m d\u0259 qlobal m\u0259s\u0259l\u0259l\u0259rd\u0259\u00a0 Az\u0259rbaycan\u0131n m\u00fch\u00fcm maraqlar\u0131n\u0131n m\u00fcdafi\u0259si il\u0259 b\u0259rab\u0259r, el\u0259c\u0259 d\u0259 d\u00fcnya m\u0259s\u0259l\u0259l\u0259rinin h\u0259llind\u0259 onu m\u00fcst\u0259qil d\u00f6vl\u0259t kimi tan\u0131d\u0131r.<\/p>\n<p>Bu aspektd\u0259n postm\u00fcharib\u0259 d\u00f6vr\u00fcnd\u0259 C\u0259nubi Qafqazda yaranan \u00a0yeni reall\u0131q Az\u0259rbaycan d\u00f6vl\u0259tinin g\u00fcc v\u0259 diplomatik bacar\u0131qlar\u0131n\u0131 \u0259ks etdirir. \u00a0C\u0259nubi Qafqazda yeni reall\u0131qlar qlobal miqyasda t\u0259hlil olunur. Regionda \u0259m\u0259kda\u015fl\u0131q v\u0259 inki\u015fafda yeni z\u0259min formala\u015fd\u0131r\u0131l\u0131r. Az\u0259rbaycan\u0131n BMT-d\u0259n sonra ikinci \u0259n b\u00f6y\u00fck qurum olan Qo\u015fulmama H\u0259r\u0259kat\u0131na r\u0259hb\u0259rliyi \u00a0d\u0259 qlobal \u00f6l\u00e7\u00fcd\u0259 \u00f6lk\u0259y\u0259\u00a0 maraq v\u0259 diqq\u0259tin artmas\u0131na s\u0259b\u0259b yarad\u0131r. Bu n\u00f6qteyi n\u0259z\u0259rd\u0259n d\u0259:<\/p>\n<p>Az\u0259rbaycan Covid-19 pandemiyasi il\u0259 m\u00fcbariz\u0259d\u0259 d\u00fcnyaya t\u0259qdim etdiyi \u201cAz\u0259rbaycan modeli\u201d pozitiv n\u00fcmun\u0259dir. Bel\u0259 ki, \u00e7ox az vaxtda \u00f6lk\u0259d\u0259 tibbi infrastruktur pandemiya il\u0259 m\u00fcbariz\u0259y\u0259 uy\u011funla\u015fd\u0131r\u0131l\u0131b. 2) Pandemiya n\u0259zar\u0259t\u0259 g\u00f6t\u00fcr\u00fcl\u00fcb, q\u0131sa v\u0259 uzunm\u00fcdd\u0259tli qapanmalar virusun yay\u0131lmas\u0131n\u0131n qar\u015f\u0131s\u0131n\u0131 al\u0131b. 3) H\u0259ssas \u0259hali t\u0259b\u0259q\u0259sin\u0259 sosial yard\u0131m paketl\u0259ri paylan\u0131l\u0131b, d\u00f6vl\u0259t d\u0259st\u0259yi h\u0259yata ke\u00e7irilib. 4) \u00d6lk\u0259d\u0259 vaksinasiya apar\u0131l\u0131bd\u0131r. 5) Az\u0259rbaycanda \u00dcmumd\u00fcnya S\u0259hiyy\u0259 T\u0259\u015fkilat\u0131n\u0131n t\u00f6vsiy\u0259l\u0259ri \u0259sas\u0131nda, vaksin, maska v\u0259 s. aksiyalarh\u0259yata ke\u00e7irilibdir. 6) Az\u0259rbaycan \u201cvaksin mill\u0259t\u00e7iliyin\u0259 qar\u015f\u0131\u201d m\u00fcbariz\u0259 aparan d\u00f6vl\u0259tdir. 7) Az\u0259rbaycan V\u0259t\u0259n m\u00fcharib\u0259sind\u0259 t\u0259sdiq etdi ki, BMT q\u0259tnam\u0259l\u0259rini \u00f6z\u00fc h\u0259ll etdiyi kimi, Covid-19 \u201csoyuq m\u00fcharib\u0259sin\u0259\u201d qar\u015f\u0131da m\u00fcbariz\u0259d\u0259 Qalibdir. Bu Qaliblik d\u00f6vl\u0259t+xalq v\u0259hd\u0259tind\u0259n ir\u0259li g\u0259lir..<\/p>\n<p>Prezident \u0130lham \u018fliyevin qlobal t\u0259\u015f\u0259bb\u00fcsl\u0259rl\u0259 \u00e7\u0131x\u0131\u015flar\u0131 Postpandemiya d\u00f6vr\u00fcn\u00fcn d\u00fcnyada ba\u015f ver\u0259n d\u0259yi\u015fiklikl\u0259rin m\u00fczakir\u0259sin\u0259, bu yolda Birg\u0259 s\u0259yl\u0259rin m\u00fc\u0259yy\u0259nl\u0259\u015fdirilm\u0259sind\u0259 ortaq n\u00f6qt\u0259 olur. BMT-nin Cenevr\u0259 ofisinin ba\u015f direktoru Tatyana Valovaya dediyi kimi: \u201cPlaneti narahat ed\u0259n \u0259sas m\u0259s\u0259l\u0259l\u0259rd\u0259n vacibi d\u0259 \u201cCovid-19 \u2013un d\u00fcnyadak\u0131 sosial b\u0259rab\u0259rsizliyi daha qabar\u0131q \u00fcz\u0259 \u00e7\u0131xartd\u0131\u201d m\u0259s\u0259l\u0259sidir.<\/p>\n<p>Qlobal dialoq v\u0259 m\u00fczakir\u0259l\u0259r diyar\u0131 Az\u0259rbaycan\u0131n, onun m\u0259rk\u0259zi Bak\u0131da ke\u00e7iril\u0259n s\u0259kkizinci Qlobal Bak\u0131 Forumu qlobal miqyasda Pandemiya\u00a0d\u00f6vr\u00fcnd\u0259 d\u00fcnyada ke\u00e7iril\u0259n ilk qlobal t\u0259dbirl\u0259rd\u0259n biridir.<\/p>\n<p>Pandemiya, postCovid-19 d\u00f6vr\u00fc v\u0259 sonras\u0131nda vacib olan t\u0259dbirl\u0259rd\u0259n , geoiqtisadi, geosiyasi probleml\u0259r, s\u00fclh, bar\u0131\u015f, t\u0259hl\u00fck\u0259sizlik, insan h\u00fcquqlar\u0131, iqlim d\u0259yi\u015fiklikl\u0259ri v\u0259 enerji t\u0259chizat\u0131, s\u0259hiyy\u0259 v\u0259 qida t\u0259hl\u00fck\u0259sizliyi il\u0259 ba\u011fl\u0131 m\u00fczakir\u0259l\u0259r Az\u0259rbaycan\u0131n da \u00fcz\u0259rin\u0259 m\u00fch\u00fcm \u00f6hd\u0259likl\u0259r ald\u0131\u011f\u0131n\u0131 g\u00f6st\u0259rir. Bel\u0259 m\u00f6t\u0259b\u0259r Qlobal Platformaya ev sahibliyi etm\u0259k b\u00f6y\u00fck \u0259h\u0259miyy\u0259t k\u0259sb edir. Prezident \u0130lham \u018fliyevin balansl\u0131 xarici siyas\u0259ti, d\u00fcnyan\u0131n aktual \u00a0m\u0259s\u0259l\u0259l\u0259rin\u0259 dair fikirl\u0259ri, Qlobal \u00e7a\u011f\u0131r\u0131\u015flara \u00e7evik reaksiyas\u0131 v\u0259 beyn\u0259lxalq d\u00fcnyada lider olaraq qazand\u0131\u011f\u0131 etibarl\u0131 etimad Az\u0259rbaycan d\u00f6vl\u0259tin d\u0259 diskussiya v\u0259 dialoqlar \u00fc\u00e7\u00fcn vacib platformaya \u00e7evrilm\u0259sind\u0259 m\u00fch\u00fcm rola malik oldu\u011funu \u0259ks etdirir. Az\u0259rbaycan\u0131n etibarl\u0131 t\u0259r\u0259fda\u015f olaraq beyn\u0259lxalq m\u00fcst\u0259vid\u0259 rolu, beyn\u0259lxalq h\u00fcquq v\u0259 prinsipl\u0259r\u0259 qanunlara m\u00fcvafiq olaraq riay\u0259t etm\u0259si onun m\u00f6vqeyini d\u0259 \u00a0g\u00fccl\u0259ndirir.<\/p>\n<p>Az\u0259rbaycan Covid-19 d\u00f6vr\u00fcnd\u0259 \u201cpeyv\u0259nd mill\u0259t\u00e7iliyin\u0259\u201d qar\u015f\u0131 m\u00fcbariz\u0259 ed\u0259n ilk \u00f6lk\u0259l\u0259rd\u0259n biridir. M\u0259hz bu g\u0259rgin m\u00fcbariz\u0259 Bak\u0131n\u0131n \u201cCOVID-19-dan sonrak\u0131 d\u00fcnya\u201d m\u00f6vzusunda Qlobal Bak\u0131 Forumuna ev sahibliyi etm\u0259sin\u0259 haqq verib. \u00c7\u00fcnki Az\u0259rbaycan\u0131n ortaya qoydu\u011fu t\u0259\u015f\u0259bb\u00fcsl\u0259r v\u0259 el\u0259c\u0259 d\u0259 2020-ci il V\u0259t\u0259n m\u00fcharib\u0259sind\u0259 \u00f6z tarixi Qaraba\u011f torpaqlar\u0131n\u0131 azad etm\u0259si haqq-\u0259dal\u0259t u\u011frunda q\u0259tiyy\u0259tli m\u00fcbariz\u0259si b\u00fct\u00fcn d\u00fcnya t\u0259r\u0259find\u0259n q\u0259bul edilib v\u0259 t\u0259qdir edilib.<\/p>\n<p>Beyn\u0259lxalq birlik Az\u0259rbaycan liderinin v\u0259 d\u00f6vl\u0259tinin pandemiya d\u00f6vr\u00fcnd\u0259 d\u00fcnya \u00fc\u00e7\u00fcn g\u00f6rd\u00fcy\u00fc i\u015fl\u0259r\u0259 d\u0259 y\u00fcks\u0259k qiym\u0259t verir. Az\u0259rbaycan d\u00f6vl\u0259tinin geosiyasi, geoiqtisadi platformalarda qazand\u0131\u011f\u0131 y\u00fcks\u0259k etimad, etibarl\u0131 t\u0259r\u0259fda\u015f kimi d\u00fcnya \u00f6lk\u0259l\u0259rinin r\u0259\u011fb\u0259tini qazanmas\u0131, h\u0259m\u00e7inin h\u0259r zaman l\u0259yaq\u0259tli davran\u0131\u015f\u0131 bu qiym\u0259tin \u0259sas\u0131nda dayanan komponentl\u0259rdir.<\/p>\n<p>B\u00fct\u00fcn d\u00fcnyan\u0131n diqq\u0259tinin y\u00f6n\u0259ldiyi VIII Qlobal Bak\u0131 Forumu Az\u0259rbaycan\u0131n artan beyn\u0259lxalq n\u00fcfuzu, beyn\u0259lxalq m\u0259s\u0259l\u0259l\u0259rin t\u0259nziml\u0259nm\u0259sind\u0259 tutdu\u011fu yeri v\u0259 rolunu t\u0259c\u0259ss\u00fcm etdirir. Az\u0259rbaycan Respublikas\u0131 bu g\u00fcn s\u00f6z\u00fcged\u0259n istiqam\u0259tl\u0259rd\u0259 sad\u0259c\u0259 m\u00fc\u015fahid\u0259\u00e7i kimi \u00e7\u0131x\u0131\u015f etmir, ir\u0259li s\u00fcr\u00fcl\u0259n t\u0259\u015f\u0259bb\u00fcsl\u0259r v\u0259 m\u00fczakir\u0259 edil\u0259n probleml\u0259rin h\u0259llinin birba\u015fa i\u015ftirak\u00e7\u0131s\u0131 v\u0259 \u00f6nc\u00fcll\u0259rind\u0259n birin\u0259 \u00e7evrilmi\u015fdir.<\/p>\n<p>Beyn\u0259lxalq m\u00fcst\u0259vid\u0259 qazan\u0131lan y\u00fcks\u0259k etimad is\u0259 he\u00e7 d\u0259 t\u0259sad\u00fcfi xarakter da\u015f\u0131m\u0131r. Az\u0259rbaycan d\u00f6vl\u0259ti, onun lideri Prezidnt \u0130lham \u018fliyev h\u0259m region \u00fc\u00e7\u00fcn, h\u0259m d\u0259 \u00fcmumilikd\u0259 b\u0259\u015f\u0259riyy\u0259ti maraqland\u0131ran probleml\u0259rin h\u0259llind\u0259 t\u0259\u015f\u0259bb\u00fcsl\u0259rl\u0259 \u00e7\u0131x\u0131\u015f ed\u0259n modern d\u00f6vl\u0259t\u0259 d\u0259st\u0259k ver\u0259n t\u0259rfda\u015fd\u0131r. Az\u0259rbaycan Prezidenti \u0130lham \u018fliyev ist\u0259nil\u0259n beyn\u0259lxalq tribunadan \u00e7\u0131x\u0131\u015f\u0131 zaman\u0131 h\u0259m regional m\u0259s\u0259l\u0259l\u0259r\u0259, h\u0259m d\u0259 m\u00fcasir d\u00f6vr\u00fcn \u00e7a\u011f\u0131r\u0131\u015flar\u0131na dair paradiqmal v\u0259 konseptual h\u0259d\u0259fl\u0259ri b\u0259yan edir. Az\u0259rbaycan Prezidentinin uzaqg\u00f6r\u0259n strategiyas\u0131 v\u0259 q\u0259tiyy\u0259tli siyasi irad\u0259si d\u00f6vl\u0259tin beyn\u0259lxalq d\u00fcnyada tamh\u00fcquqlu i\u015ftirak\u00e7\u0131 kimi m\u00f6vqe tutmas\u0131na \u0259sas yarad\u0131r.<\/p>\n<p>Bak\u0131 Qlobal Forumlar\u0131 is\u0259 Az\u0259rbaycan\u0131 d\u00fcnya tribunas\u0131na \u00e7evirm\u0259kd\u0259dir. 2013-c\u00fc ild\u0259n bu yana Az\u0259rbaycan s\u00f6z\u00fcged\u0259n Forumlar vasit\u0259sil\u0259 qlobal miqyasda diqq\u0259t t\u0259l\u0259b ed\u0259n m\u0259s\u0259l\u0259l\u0259ri m\u00fczakir\u0259 obyektin\u0259 \u00e7evirir v\u0259 h\u0259ll yollar\u0131n\u0131 da dialoq, birlik kontekstind\u0259 n\u0259z\u0259r\u0259 yetirir. D\u00fcnya d\u00f6vl\u0259tl\u0259ri is\u0259 bu Forumlara y\u00fcks\u0259k diqq\u0259t ay\u0131rmaqla, h\u0259m d\u0259 Bak\u0131n\u0131n C\u0259nubi Qafqazda liderlik \u00a0keyfiyy\u0259tl\u0259rini q\u0259bul etdiyini g\u00f6st\u0259rir. Forumda tan\u0131nm\u0131\u015f ekspertl\u0259r, y\u00fcks\u0259k qonaqlar v\u0259 d\u00f6vl\u0259t xadiml\u0259ri Az\u0259rbaycan\u0131n n\u0259z\u0259r yetirdiyi m\u00f6vzular\u0131n m\u00fch\u00fcm oldu\u011funu, onlar\u0131n h\u0259llinin vacibliyini qeyd edirl\u0259r. Bu m\u0259nada VIII Bak\u0131 Qlobal Forumda Bosniya v\u0259 Herseqovinan\u0131n Reyas\u0259t Hey\u0259tinin s\u0259dri \u015eefik Caferovic vur\u011fulad\u0131 ki: \u201cCovid-19 ham\u0131dan \u00fcmumi s\u0259yl\u0259rin g\u00f6st\u0259rilm\u0259sini t\u0259l\u0259b edir. \u00c7\u00fcnki, bu b\u00f6hran t\u0259kba\u015f\u0131na aradan qald\u0131r\u0131la bilm\u0259z\u201d v\u0259 yaxud Latviya Prezidenti Eqlis Levis videom\u00fcraci\u0259tind\u0259 bildirdi ki: \u201cD\u00fcnyan\u0131n haz\u0131rki v\u0259ziyy\u0259ti d\u0259qiq nizam-intizam v\u0259 qlobal s\u0259f\u0259rb\u0259rlik t\u0259l\u0259b edir\u201d.<\/p>\n<p>Bu g\u00fcn d\u00fcnyada ba\u015f ver\u0259n hadis\u0259l\u0259r\u0259 s\u0259rrast yana\u015fma, uy\u011fun t\u0259dbirl\u0259rin g\u00f6r\u00fclm\u0259si zaman\u0131 \u00e7eviklik n\u00fcmayi\u015f etdirilm\u0259si, ortaq m\u0259s\u0259l\u0259l\u0259rin h\u0259llind\u0259 fikirl\u0259rin dialoq \u00e7\u0259r\u00e7iv\u0259sind\u0259 apar\u0131lmas\u0131, m\u00fcxt\u0259lif bax\u0131\u015flar\u0131n m\u00fczakir\u0259si Bak\u0131n\u0131n ev sahinblik etdiyi Forumun da m\u00fch\u00fcm rol oynamas\u0131 \u015f\u0259rtidir. Bel\u0259 ki, B\u00f6y\u00fck Britaniyan\u0131n Ba\u015f Naziri Boris Conson Foruma \u00fcnvanlad\u0131\u011f\u0131 m\u00fcraci\u0259td\u0259 deyir: \u201cBirl\u0259\u015fmi\u015f Krall\u0131q Qafqaz regionunda s\u00fclh v\u0259 sabitliyi postm\u00fcnaqi\u015f\u0259 d\u00f6vr\u00fcn\u00fcn probleml\u0259rinin h\u0259llini d\u0259st\u0259kl\u0259m\u0259y\u0259 davam edir\u201d.<\/p>\n<p>Az\u0259rbaycan d\u00f6vl\u0259tinin bel\u0259 samball\u0131 v\u0259 s\u0259viyy\u0259li beyn\u0259lxalq t\u0259dbirl\u0259r\u0259 r\u0259hb\u0259rlik etm\u0259si, qlobal miqyasda h\u0259mr\u0259ylik yaratmaq s\u0259yl\u0259ri, Az\u0259rbaycan\u0131n d\u00fcnyan\u0131n perspektivi il\u0259 \u0259laq\u0259dar h\u0259ssas diqq\u0259tinin n\u00fcmun\u0259sidir. Qlobal Bak\u0131 Forumu Az\u0259rbaycan\u0131n \u00a0d\u00fcnyada artan n\u00fcfuzu v\u0259 bu yolda beyn\u0259lxalq d\u0259st\u0259yinin artmas\u0131 ger\u00e7\u0259kliyidir.<\/p>\n<p>Fikrimi Prezident \u0130lham \u018fliyev t\u0259r\u0259find\u0259n Az\u0259rbaycanda 2021-ci ilin \u201cNizami ili\u201d elan edilm\u0259si kontekstind\u0259 dahi Nizaminin fikri il\u0259 bitirir\u0259m:<\/p>\n<p><em>\u201cBir olsa yolda\u015f\u0131n, dostun \u0259m\u0259li<\/em><\/p>\n<p><em>Da\u015fdan su \u00e7\u0131xardar onlar\u0131n \u0259li.<\/em><\/p>\n<p><em>Nifaq olan yerd\u0259, f\u0259lak\u0259t d\u0259 var,<\/em><\/p>\n<p><em>S\u0259ad\u0259t g\u00fcn\u0259\u015fi birlikd\u0259n do\u011far.\u201d<\/em><\/p>\n<p><strong>R\u0259naMirz\u0259zad\u0259,<\/strong><\/p>\n<p><em>Professor<\/em><\/p>\n","protected":false},"excerpt":{"rendered":"<p>M\u00fcnaqi\u015f\u0259 bitib v\u0259 yenid\u0259nqurma ba\u015flay\u0131b Az\u0259rbaycan Prezidenti \u0130lham \u018fliyev\u00a0Bak\u0131 VIII Qlobal Forumda \u00e7\u0131x\u0131\u015f\u0131ndan Kims\u0259 t\u0259kba\u015f\u0131na d\u00fcnyan\u0131 udmaz! Nizami G\u0259nc\u0259vi &nbsp; XXI \u0259sr Az\u0259rbaycan\u0131 \u00f6z inki\u015faf\u0131n\u0131n\u00a0 \u0259n yeni m\u0259rh\u0259l\u0259sin\u0259 &#8211; \u00a0b\u00fct\u00fcn sah\u0259l\u0259ri \u0259hat\u0259 ed\u0259n \u00e7oxistiqam\u0259tli v\u0259 dayan\u0131ql\u0131 islahatlar yoluna q\u0259d\u0259m qoydu. \u201cT\u0259r\u0259qqi, t\u0259kam\u00fcl v\u0259 yeni \u015f\u0259rait\u0259 uy\u011funla\u015fma\u201d \u00a0paradiqmal\u0131 islahatlar x\u0259tti b\u00fct\u00fcn sah\u0259l\u0259ri \u0259hat\u0259 ed\u0259n \u00e7ox\u015fax\u0259li v\u0259 dinamikdir. Bu m\u0259hz daxili ictimai-siyasi sabitlik, iqtisadi u\u011furlar\u0131n \u015f\u0259rti olub, \u00f6lk\u0259d\u0259 milli inki\u015faf x\u0259ttinin t\u0259minidir. Qeyd ed\u0259k ki,\u00a0 xalq-hakimiyy\u0259t, d\u00f6vl\u0259t-ordu birliyi h\u0259r d\u00f6vl\u0259td\u0259 ictimai-siyasi sabitliyin v\u0259 t\u0259hl\u00fck\u0259sizlik amilinin \u0259sas \u015f\u0259rtidir. \u00a0Bu \u015f\u0259rtd\u0259 siyasi-h\u0259rbi-iqtisadi m\u0259s\u0259l\u0259l\u0259rl\u0259 bah\u0259m&hellip;<\/p>\n","protected":false},"author":2,"featured_media":400553,"comment_status":"closed","ping_status":"closed","sticky":false,"template":"","format":"standard","meta":{"om_disable_all_campaigns":false,"_monsterinsights_skip_tracking":false,"_monsterinsights_sitenote_active":false,"_monsterinsights_sitenote_note":"","_monsterinsights_sitenote_category":0},"categories":[4],"tags":[],"aioseo_notices":[],"gutentor_comment":0,"rttpg_featured_image_url":{"full":["https:\/\/arantv.az\/wp-content\/uploads\/2021\/11\/f900afc7163618908460175756810228165.jpg",975,540,false],"landscape":["https:\/\/arantv.az\/wp-content\/uploads\/2021\/11\/f900afc7163618908460175756810228165.jpg",975,540,false],"portraits":["https:\/\/arantv.az\/wp-content\/uploads\/2021\/11\/f900afc7163618908460175756810228165.jpg",975,540,false],"thumbnail":["https:\/\/arantv.az\/wp-content\/uploads\/2021\/11\/f900afc7163618908460175756810228165-500x280.jpg",500,280,true],"medium":["https:\/\/arantv.az\/wp-content\/uploads\/2021\/11\/f900afc7163618908460175756810228165-660x365.jpg",660,365,true],"large":["https:\/\/arantv.az\/wp-content\/uploads\/2021\/11\/f900afc7163618908460175756810228165-840x465.jpg",640,354,true],"1536x1536":["https:\/\/arantv.az\/wp-content\/uploads\/2021\/11\/f900afc7163618908460175756810228165.jpg",975,540,false],"2048x2048":["https:\/\/arantv.az\/wp-content\/uploads\/2021\/11\/f900afc7163618908460175756810228165.jpg",975,540,false],"post-thumbnail":["https:\/\/arantv.az\/wp-content\/uploads\/2021\/11\/f900afc7163618908460175756810228165-240x172.jpg",240,172,true],"advps-thumb-one":["https:\/\/arantv.az\/wp-content\/uploads\/2021\/11\/f900afc7163618908460175756810228165.jpg",975,540,false]},"rttpg_author":{"display_name":"V\u00fcsal Rafiqo\u011flu","author_link":"https:\/\/arantv.az\/?author=2"},"rttpg_comment":0,"rttpg_category":"<a href=\"https:\/\/arantv.az\/?cat=4\" rel=\"category\">Siyas\u0259t<\/a>","rttpg_excerpt":"M\u00fcnaqi\u015f\u0259 bitib v\u0259 yenid\u0259nqurma ba\u015flay\u0131b Az\u0259rbaycan Prezidenti \u0130lham \u018fliyev\u00a0Bak\u0131 VIII Qlobal Forumda \u00e7\u0131x\u0131\u015f\u0131ndan Kims\u0259 t\u0259kba\u015f\u0131na d\u00fcnyan\u0131 udmaz! Nizami G\u0259nc\u0259vi &nbsp; XXI \u0259sr Az\u0259rbaycan\u0131 \u00f6z inki\u015faf\u0131n\u0131n\u00a0 \u0259n yeni m\u0259rh\u0259l\u0259sin\u0259 &#8211; \u00a0b\u00fct\u00fcn sah\u0259l\u0259ri \u0259hat\u0259 ed\u0259n \u00e7oxistiqam\u0259tli v\u0259 dayan\u0131ql\u0131 islahatlar yoluna q\u0259d\u0259m qoydu. \u201cT\u0259r\u0259qqi, t\u0259kam\u00fcl v\u0259 yeni \u015f\u0259rait\u0259 uy\u011funla\u015fma\u201d \u00a0paradiqmal\u0131 islahatlar x\u0259tti b\u00fct\u00fcn sah\u0259l\u0259ri \u0259hat\u0259 ed\u0259n \u00e7ox\u015fax\u0259li v\u0259&hellip;","_links":{"self":[{"href":"https:\/\/arantv.az\/index.php?rest_route=\/wp\/v2\/posts\/400552"}],"collection":[{"href":"https:\/\/arantv.az\/index.php?rest_route=\/wp\/v2\/posts"}],"about":[{"href":"https:\/\/arantv.az\/index.php?rest_route=\/wp\/v2\/types\/post"}],"author":[{"embeddable":true,"href":"https:\/\/arantv.az\/index.php?rest_route=\/wp\/v2\/users\/2"}],"replies":[{"embeddable":true,"href":"https:\/\/arantv.az\/index.php?rest_route=%2Fwp%2Fv2%2Fcomments&post=400552"}],"version-history":[{"count":0,"href":"https:\/\/arantv.az\/index.php?rest_route=\/wp\/v2\/posts\/400552\/revisions"}],"wp:featuredmedia":[{"embeddable":true,"href":"https:\/\/arantv.az\/index.php?rest_route=\/wp\/v2\/media\/400553"}],"wp:attachment":[{"href":"https:\/\/arantv.az\/index.php?rest_route=%2Fwp%2Fv2%2Fmedia&parent=400552"}],"wp:term":[{"taxonomy":"category","embeddable":true,"href":"https:\/\/arantv.az\/index.php?rest_route=%2Fwp%2Fv2%2Fcategories&post=400552"},{"taxonomy":"post_tag","embeddable":true,"href":"https:\/\/arantv.az\/index.php?rest_route=%2Fwp%2Fv2%2Ftags&post=400552"}],"curies":[{"name":"wp","href":"https:\/\/api.w.org\/{rel}","templated":true}]}}