{"id":400555,"date":"2021-11-06T13:15:29","date_gmt":"2021-11-06T10:15:29","guid":{"rendered":"http:\/\/arantv.az\/?p=400555"},"modified":"2021-11-06T13:15:29","modified_gmt":"2021-11-06T10:15:29","slug":"k%c9%99mal%c9%99ddin-heyd%c9%99rovdan-yeni-t%c9%99yinat","status":"publish","type":"post","link":"https:\/\/arantv.az\/?p=400555","title":{"rendered":"K\u0259mal\u0259ddin Heyd\u0259rovdan yeni T\u018fY\u0130NAT"},"content":{"rendered":"<p>F\u00f6vq\u0259lad\u0259 hallar naziri, general-polkovnik K\u0259mal\u0259ddin Heyd\u0259rov Bin\u0259q\u0259di rayon D\u00f6vl\u0259t Yan\u011f\u0131ndan M\u00fchafiz\u0259 Hiss\u0259sin\u0259 r\u0259is t\u0259yin edib.<\/p>\n<p><strong>ARANTV.AZ\u00a0 x\u0259b\u0259r verir ki,<\/strong>\u00a0K.Heyd\u0259rovun m\u00fcvafiq \u0259mri il\u0259 bu v\u0259zif\u0259y\u0259 FHN-nin daxili xidm\u0259t polkovnik-leytenant\u0131 B\u0259rad\u0259 Heyd\u0259rov \u0259vv\u0259lc\u0259 r\u0259is \u0259v\u0259zi, daha sonra is\u0259 r\u0259is olaraq t\u0259sdiql\u0259nib.<\/p>\n<p>B.Heyd\u0259rov bundan \u0259vv\u0259l Bin\u0259q\u0259di rayon Yan\u011f\u0131ndan M\u00fchafiz\u0259 Hiss\u0259sinin 2 sayl\u0131 Yan\u011f\u0131ndan M\u00fchafiz\u0259 b\u00f6lm\u0259sinin r\u0259isi olub.<\/p>\n<p>Qeyd ed\u0259k ki, Bin\u0259q\u0259di rayonu \u00fczr\u0259 D\u00f6vl\u0259t Yan\u011f\u0131ndan M\u00fchafiz\u0259 Hiss\u0259sinin r\u0259isi, daxili xidm\u0259t polkovniki Kamil \u015e\u0259rb\u0259tov bu ilin yanvar\u0131nda koronavirusdan v\u0259fat edib.<\/p>\n","protected":false},"excerpt":{"rendered":"<p>F\u00f6vq\u0259lad\u0259 hallar naziri, general-polkovnik K\u0259mal\u0259ddin Heyd\u0259rov Bin\u0259q\u0259di rayon D\u00f6vl\u0259t Yan\u011f\u0131ndan M\u00fchafiz\u0259 Hiss\u0259sin\u0259 r\u0259is t\u0259yin edib. ARANTV.AZ\u00a0 x\u0259b\u0259r verir ki,\u00a0K.Heyd\u0259rovun m\u00fcvafiq \u0259mri il\u0259 bu v\u0259zif\u0259y\u0259 FHN-nin daxili xidm\u0259t polkovnik-leytenant\u0131 B\u0259rad\u0259 Heyd\u0259rov \u0259vv\u0259lc\u0259 r\u0259is \u0259v\u0259zi, daha sonra is\u0259 r\u0259is olaraq t\u0259sdiql\u0259nib. B.Heyd\u0259rov bundan \u0259vv\u0259l Bin\u0259q\u0259di rayon Yan\u011f\u0131ndan M\u00fchafiz\u0259 Hiss\u0259sinin 2 sayl\u0131 Yan\u011f\u0131ndan M\u00fchafiz\u0259 b\u00f6lm\u0259sinin r\u0259isi olub. Qeyd ed\u0259k ki, Bin\u0259q\u0259di rayonu \u00fczr\u0259 D\u00f6vl\u0259t Yan\u011f\u0131ndan M\u00fchafiz\u0259 Hiss\u0259sinin r\u0259isi, daxili xidm\u0259t polkovniki Kamil \u015e\u0259rb\u0259tov bu ilin yanvar\u0131nda koronavirusdan v\u0259fat edib.<\/p>\n","protected":false},"author":2,"featured_media":400556,"comment_status":"closed","ping_status":"closed","sticky":false,"template":"","format":"standard","meta":{"om_disable_all_campaigns":false,"_monsterinsights_skip_tracking":false,"_monsterinsights_sitenote_active":false,"_monsterinsights_sitenote_note":"","_monsterinsights_sitenote_category":0},"categories":[26],"tags":[],"aioseo_notices":[],"gutentor_comment":0,"rttpg_featured_image_url":{"full":["https:\/\/arantv.az\/wp-content\/uploads\/2021\/11\/73f9ddba160257910185588464910963108.jpg",975,540,false],"landscape":["https:\/\/arantv.az\/wp-content\/uploads\/2021\/11\/73f9ddba160257910185588464910963108.jpg",975,540,false],"portraits":["https:\/\/arantv.az\/wp-content\/uploads\/2021\/11\/73f9ddba160257910185588464910963108.jpg",975,540,false],"thumbnail":["https:\/\/arantv.az\/wp-content\/uploads\/2021\/11\/73f9ddba160257910185588464910963108-500x280.jpg",500,280,true],"medium":["https:\/\/arantv.az\/wp-content\/uploads\/2021\/11\/73f9ddba160257910185588464910963108-660x365.jpg",660,365,true],"large":["https:\/\/arantv.az\/wp-content\/uploads\/2021\/11\/73f9ddba160257910185588464910963108-840x465.jpg",640,354,true],"1536x1536":["https:\/\/arantv.az\/wp-content\/uploads\/2021\/11\/73f9ddba160257910185588464910963108.jpg",975,540,false],"2048x2048":["https:\/\/arantv.az\/wp-content\/uploads\/2021\/11\/73f9ddba160257910185588464910963108.jpg",975,540,false],"post-thumbnail":["https:\/\/arantv.az\/wp-content\/uploads\/2021\/11\/73f9ddba160257910185588464910963108-240x172.jpg",240,172,true],"advps-thumb-one":["https:\/\/arantv.az\/wp-content\/uploads\/2021\/11\/73f9ddba160257910185588464910963108.jpg",975,540,false]},"rttpg_author":{"display_name":"V\u00fcsal Rafiqo\u011flu","author_link":"https:\/\/arantv.az\/?author=2"},"rttpg_comment":0,"rttpg_category":"<a href=\"https:\/\/arantv.az\/?cat=26\" rel=\"category\">Sosial<\/a>","rttpg_excerpt":"F\u00f6vq\u0259lad\u0259 hallar naziri, general-polkovnik K\u0259mal\u0259ddin Heyd\u0259rov Bin\u0259q\u0259di rayon D\u00f6vl\u0259t Yan\u011f\u0131ndan M\u00fchafiz\u0259 Hiss\u0259sin\u0259 r\u0259is t\u0259yin edib. ARANTV.AZ\u00a0 x\u0259b\u0259r verir ki,\u00a0K.Heyd\u0259rovun m\u00fcvafiq \u0259mri il\u0259 bu v\u0259zif\u0259y\u0259 FHN-nin daxili xidm\u0259t polkovnik-leytenant\u0131 B\u0259rad\u0259 Heyd\u0259rov \u0259vv\u0259lc\u0259 r\u0259is \u0259v\u0259zi, daha sonra is\u0259 r\u0259is olaraq t\u0259sdiql\u0259nib. B.Heyd\u0259rov bundan \u0259vv\u0259l Bin\u0259q\u0259di rayon Yan\u011f\u0131ndan M\u00fchafiz\u0259 Hiss\u0259sinin 2 sayl\u0131 Yan\u011f\u0131ndan M\u00fchafiz\u0259 b\u00f6lm\u0259sinin r\u0259isi olub. Qeyd&hellip;","_links":{"self":[{"href":"https:\/\/arantv.az\/index.php?rest_route=\/wp\/v2\/posts\/400555"}],"collection":[{"href":"https:\/\/arantv.az\/index.php?rest_route=\/wp\/v2\/posts"}],"about":[{"href":"https:\/\/arantv.az\/index.php?rest_route=\/wp\/v2\/types\/post"}],"author":[{"embeddable":true,"href":"https:\/\/arantv.az\/index.php?rest_route=\/wp\/v2\/users\/2"}],"replies":[{"embeddable":true,"href":"https:\/\/arantv.az\/index.php?rest_route=%2Fwp%2Fv2%2Fcomments&post=400555"}],"version-history":[{"count":0,"href":"https:\/\/arantv.az\/index.php?rest_route=\/wp\/v2\/posts\/400555\/revisions"}],"wp:featuredmedia":[{"embeddable":true,"href":"https:\/\/arantv.az\/index.php?rest_route=\/wp\/v2\/media\/400556"}],"wp:attachment":[{"href":"https:\/\/arantv.az\/index.php?rest_route=%2Fwp%2Fv2%2Fmedia&parent=400555"}],"wp:term":[{"taxonomy":"category","embeddable":true,"href":"https:\/\/arantv.az\/index.php?rest_route=%2Fwp%2Fv2%2Fcategories&post=400555"},{"taxonomy":"post_tag","embeddable":true,"href":"https:\/\/arantv.az\/index.php?rest_route=%2Fwp%2Fv2%2Ftags&post=400555"}],"curies":[{"name":"wp","href":"https:\/\/api.w.org\/{rel}","templated":true}]}}