{"id":400561,"date":"2021-11-06T13:17:35","date_gmt":"2021-11-06T10:17:35","guid":{"rendered":"http:\/\/arantv.az\/?p=400561"},"modified":"2021-11-06T13:17:35","modified_gmt":"2021-11-06T10:17:35","slug":"hacibala-abutalibovun-s%c9%99hh%c9%99tind%c9%99-problem-yarandi-almaniyaya-aparildi","status":"publish","type":"post","link":"https:\/\/arantv.az\/?p=400561","title":{"rendered":"Hac\u0131bala Abutal\u0131bovun s\u0259hh\u0259tind\u0259 problem yarand\u0131: Almaniyaya apar\u0131ld\u0131"},"content":{"rendered":"<p>Bak\u0131 \u015f\u0259h\u0259r \u0130cra Hakimiyy\u0259tinin ba\u015f\u00e7\u0131s\u0131 v\u0259 Ba\u015f nazirin m\u00fcavini v\u0259zif\u0259l\u0259rind\u0259 \u00e7al\u0131\u015fm\u0131\u015f Hac\u0131bala Abutal\u0131bovun s\u0259hh\u0259tind\u0259 problem yaran\u0131b.<\/p>\n<p>Qaynarinfo-nun m\u0259lumat\u0131na g\u00f6r\u0259, H.Abutal\u0131bov s\u0259hh\u0259tind\u0259 yaranan problem\u0259 g\u00f6r\u0259, Almaniyaya apar\u0131l\u0131b.<\/p>\n<div id=\"AdviadNativeVideo0\" class=\"AdviadNativeVideo\"><\/div>\n<p>M\u0259s\u0259l\u0259 il\u0259 ba\u011fl\u0131 H.Abutal\u0131bovla \u0259laq\u0259 saxlan\u0131l\u0131b v\u0259 o, Almaniyada m\u00fcalic\u0259 olunmaq \u00fc\u00e7\u00fcn \u00f6lk\u0259ni t\u0259rk etdiyini t\u0259sdiql\u0259yib:<\/p>\n<p>&#8220;S\u0259hh\u0259timl\u0259 ba\u011fl\u0131 Almaniyada m\u00fcayin\u0259l\u0259r\u0259 g\u0259lmi\u015f\u0259m. \u015e\u00fck\u00fcrl\u0259r olsun ki, indi h\u0259r \u015fey yax\u015f\u0131d\u0131r. Yax\u0131n g\u00fcnl\u0259rd\u0259 Bak\u0131ya qay\u0131daca\u011fam&#8221;.<\/p>\n","protected":false},"excerpt":{"rendered":"<p>Bak\u0131 \u015f\u0259h\u0259r \u0130cra Hakimiyy\u0259tinin ba\u015f\u00e7\u0131s\u0131 v\u0259 Ba\u015f nazirin m\u00fcavini v\u0259zif\u0259l\u0259rind\u0259 \u00e7al\u0131\u015fm\u0131\u015f Hac\u0131bala Abutal\u0131bovun s\u0259hh\u0259tind\u0259 problem yaran\u0131b. Qaynarinfo-nun m\u0259lumat\u0131na g\u00f6r\u0259, H.Abutal\u0131bov s\u0259hh\u0259tind\u0259 yaranan problem\u0259 g\u00f6r\u0259, Almaniyaya apar\u0131l\u0131b. M\u0259s\u0259l\u0259 il\u0259 ba\u011fl\u0131 H.Abutal\u0131bovla \u0259laq\u0259 saxlan\u0131l\u0131b v\u0259 o, Almaniyada m\u00fcalic\u0259 olunmaq \u00fc\u00e7\u00fcn \u00f6lk\u0259ni t\u0259rk etdiyini t\u0259sdiql\u0259yib: &#8220;S\u0259hh\u0259timl\u0259 ba\u011fl\u0131 Almaniyada m\u00fcayin\u0259l\u0259r\u0259 g\u0259lmi\u015f\u0259m. \u015e\u00fck\u00fcrl\u0259r olsun ki, indi h\u0259r \u015fey yax\u015f\u0131d\u0131r. Yax\u0131n g\u00fcnl\u0259rd\u0259 Bak\u0131ya qay\u0131daca\u011fam&#8221;.<\/p>\n","protected":false},"author":2,"featured_media":400562,"comment_status":"closed","ping_status":"closed","sticky":false,"template":"","format":"standard","meta":{"om_disable_all_campaigns":false,"_monsterinsights_skip_tracking":false,"_monsterinsights_sitenote_active":false,"_monsterinsights_sitenote_note":"","_monsterinsights_sitenote_category":0},"categories":[26],"tags":[],"aioseo_notices":[],"gutentor_comment":0,"rttpg_featured_image_url":{"full":["https:\/\/arantv.az\/wp-content\/uploads\/2021\/11\/hacibala_71636192954.jpg",620,413,false],"landscape":["https:\/\/arantv.az\/wp-content\/uploads\/2021\/11\/hacibala_71636192954.jpg",620,413,false],"portraits":["https:\/\/arantv.az\/wp-content\/uploads\/2021\/11\/hacibala_71636192954.jpg",620,413,false],"thumbnail":["https:\/\/arantv.az\/wp-content\/uploads\/2021\/11\/hacibala_71636192954-500x280.jpg",500,280,true],"medium":["https:\/\/arantv.az\/wp-content\/uploads\/2021\/11\/hacibala_71636192954-548x365.jpg",548,365,true],"large":["https:\/\/arantv.az\/wp-content\/uploads\/2021\/11\/hacibala_71636192954.jpg",620,413,false],"1536x1536":["https:\/\/arantv.az\/wp-content\/uploads\/2021\/11\/hacibala_71636192954.jpg",620,413,false],"2048x2048":["https:\/\/arantv.az\/wp-content\/uploads\/2021\/11\/hacibala_71636192954.jpg",620,413,false],"post-thumbnail":["https:\/\/arantv.az\/wp-content\/uploads\/2021\/11\/hacibala_71636192954-240x172.jpg",240,172,true],"advps-thumb-one":["https:\/\/arantv.az\/wp-content\/uploads\/2021\/11\/hacibala_71636192954.jpg",620,413,false]},"rttpg_author":{"display_name":"V\u00fcsal Rafiqo\u011flu","author_link":"https:\/\/arantv.az\/?author=2"},"rttpg_comment":0,"rttpg_category":"<a href=\"https:\/\/arantv.az\/?cat=26\" rel=\"category\">Sosial<\/a>","rttpg_excerpt":"Bak\u0131 \u015f\u0259h\u0259r \u0130cra Hakimiyy\u0259tinin ba\u015f\u00e7\u0131s\u0131 v\u0259 Ba\u015f nazirin m\u00fcavini v\u0259zif\u0259l\u0259rind\u0259 \u00e7al\u0131\u015fm\u0131\u015f Hac\u0131bala Abutal\u0131bovun s\u0259hh\u0259tind\u0259 problem yaran\u0131b. Qaynarinfo-nun m\u0259lumat\u0131na g\u00f6r\u0259, H.Abutal\u0131bov s\u0259hh\u0259tind\u0259 yaranan problem\u0259 g\u00f6r\u0259, Almaniyaya apar\u0131l\u0131b. M\u0259s\u0259l\u0259 il\u0259 ba\u011fl\u0131 H.Abutal\u0131bovla \u0259laq\u0259 saxlan\u0131l\u0131b v\u0259 o, Almaniyada m\u00fcalic\u0259 olunmaq \u00fc\u00e7\u00fcn \u00f6lk\u0259ni t\u0259rk etdiyini t\u0259sdiql\u0259yib: &#8220;S\u0259hh\u0259timl\u0259 ba\u011fl\u0131 Almaniyada m\u00fcayin\u0259l\u0259r\u0259 g\u0259lmi\u015f\u0259m. \u015e\u00fck\u00fcrl\u0259r olsun ki, indi h\u0259r \u015fey yax\u015f\u0131d\u0131r. Yax\u0131n&hellip;","_links":{"self":[{"href":"https:\/\/arantv.az\/index.php?rest_route=\/wp\/v2\/posts\/400561"}],"collection":[{"href":"https:\/\/arantv.az\/index.php?rest_route=\/wp\/v2\/posts"}],"about":[{"href":"https:\/\/arantv.az\/index.php?rest_route=\/wp\/v2\/types\/post"}],"author":[{"embeddable":true,"href":"https:\/\/arantv.az\/index.php?rest_route=\/wp\/v2\/users\/2"}],"replies":[{"embeddable":true,"href":"https:\/\/arantv.az\/index.php?rest_route=%2Fwp%2Fv2%2Fcomments&post=400561"}],"version-history":[{"count":0,"href":"https:\/\/arantv.az\/index.php?rest_route=\/wp\/v2\/posts\/400561\/revisions"}],"wp:featuredmedia":[{"embeddable":true,"href":"https:\/\/arantv.az\/index.php?rest_route=\/wp\/v2\/media\/400562"}],"wp:attachment":[{"href":"https:\/\/arantv.az\/index.php?rest_route=%2Fwp%2Fv2%2Fmedia&parent=400561"}],"wp:term":[{"taxonomy":"category","embeddable":true,"href":"https:\/\/arantv.az\/index.php?rest_route=%2Fwp%2Fv2%2Fcategories&post=400561"},{"taxonomy":"post_tag","embeddable":true,"href":"https:\/\/arantv.az\/index.php?rest_route=%2Fwp%2Fv2%2Ftags&post=400561"}],"curies":[{"name":"wp","href":"https:\/\/api.w.org\/{rel}","templated":true}]}}