{"id":400567,"date":"2021-11-06T13:19:14","date_gmt":"2021-11-06T10:19:14","guid":{"rendered":"http:\/\/arantv.az\/?p=400567"},"modified":"2021-11-06T13:19:14","modified_gmt":"2021-11-06T10:19:14","slug":"bu-mallar-gomruk-rusumundan-azad-edilir-siyahi","status":"publish","type":"post","link":"https:\/\/arantv.az\/?p=400567","title":{"rendered":"Bu mallar g\u00f6mr\u00fck r\u00fcsumundan azad edilir &#8211; S\u0130YAHI"},"content":{"rendered":"<p>&#8220;Az\u0259rbaycan Respublikas\u0131nda ixrac-idxal \u0259m\u0259liyyatlar\u0131 \u00fczr\u0259 g\u00f6mr\u00fck r\u00fcsumlar\u0131n\u0131n d\u0259r\u0259c\u0259l\u0259ri haqq\u0131nda&#8221; Nazirl\u0259r Kabinetinin Q\u0259rar\u0131na d\u0259yi\u015fiklik edilib.<\/p>\n<p><strong>ARANTV.AZ<\/strong> \u00a0<a title=\"xeberler son xeberler 2021\" href=\"https:\/\/big.az\/\" target=\"_blank\" rel=\"noopener\">x\u0259b\u0259r<\/a>\u00a0verir ki, Ba\u015f nazir \u018fli \u018fs\u0259dovun imzalad\u0131\u011f\u0131 q\u0259rarla i\u015f\u011faldan azad edilmi\u015f \u0259razil\u0259rin, habel\u0259 m\u00fcharib\u0259 v\u0259 h\u0259rbi \u0259m\u0259liyyatlar\u0131n t\u0259sirin\u0259 m\u0259ruz qalm\u0131\u015f dig\u0259r \u0259razil\u0259rin minalar v\u0259 m\u00fcharib\u0259nin partlay\u0131c\u0131 qal\u0131qlar\u0131ndan t\u0259mizl\u0259nm\u0259si \u00fc\u00e7\u00fcn idxal edil\u0259n mallar\u0131n xarici iqtisadi f\u0259aliyy\u0259tin mal nomenklaturas\u0131 (X\u0130FMN) \u00fczr\u0259 Siyah\u0131 t\u0259sdiq edilib.<\/p>\n<div id=\"AdviadNativeVideo0\" class=\"AdviadNativeVideo\"><\/div>\n<p>Q\u0259rara \u0259sas\u0259n, bu istiqam\u0259t \u00fc\u00e7\u00fcn m\u00fc\u0259yy\u0259n edil\u0259n mal nomenklaturas\u0131na m\u00fcvafiq idxal olunan mallar\u0131n Az\u0259rbaycan\u0131n i\u015f\u011faldan azad edilmi\u015f \u0259razil\u0259rinin, habel\u0259 m\u00fcharib\u0259 v\u0259 h\u0259rbi \u0259m\u0259liyyatlar\u0131n t\u0259sirin\u0259 m\u0259ruz qalm\u0131\u015f dig\u0259r \u0259razil\u0259rin minalar v\u0259 m\u00fcharib\u0259nin partlay\u0131c\u0131 qal\u0131qlar\u0131ndan t\u0259mizl\u0259nm\u0259si \u00fc\u00e7\u00fcn istifad\u0259sinin t\u0259sdiq edilm\u0259si Az\u0259rbaycan Respublikas\u0131 Nazirl\u0259r Kabinetinin Aparat\u0131 t\u0259r\u0259find\u0259n h\u0259yata ke\u00e7iril\u0259c\u0259k.<\/p>\n<p>H\u0259min mallar\u0131n siyah\u0131s\u0131 a\u015fa\u011f\u0131dak\u0131 kimidir:<\/p>\n<p><img class=\"imgbcode\" src=\"https:\/\/upload.az\/foto\/arxiv\/e1_61636186024.png\" alt=\"Bu mallar g\u00f6mr\u00fck r\u00fcsumundan azad edilir - S\u0130YAHI\" \/><img class=\"imgbcode\" src=\"https:\/\/upload.az\/foto\/arxiv\/e2_81636186024.png\" alt=\"Bu mallar g\u00f6mr\u00fck r\u00fcsumundan azad edilir - S\u0130YAHI\" \/><\/p>\n","protected":false},"excerpt":{"rendered":"<p>&#8220;Az\u0259rbaycan Respublikas\u0131nda ixrac-idxal \u0259m\u0259liyyatlar\u0131 \u00fczr\u0259 g\u00f6mr\u00fck r\u00fcsumlar\u0131n\u0131n d\u0259r\u0259c\u0259l\u0259ri haqq\u0131nda&#8221; Nazirl\u0259r Kabinetinin Q\u0259rar\u0131na d\u0259yi\u015fiklik edilib. ARANTV.AZ \u00a0x\u0259b\u0259r\u00a0verir ki, Ba\u015f nazir \u018fli \u018fs\u0259dovun imzalad\u0131\u011f\u0131 q\u0259rarla i\u015f\u011faldan azad edilmi\u015f \u0259razil\u0259rin, habel\u0259 m\u00fcharib\u0259 v\u0259 h\u0259rbi \u0259m\u0259liyyatlar\u0131n t\u0259sirin\u0259 m\u0259ruz qalm\u0131\u015f dig\u0259r \u0259razil\u0259rin minalar v\u0259 m\u00fcharib\u0259nin partlay\u0131c\u0131 qal\u0131qlar\u0131ndan t\u0259mizl\u0259nm\u0259si \u00fc\u00e7\u00fcn idxal edil\u0259n mallar\u0131n xarici iqtisadi f\u0259aliyy\u0259tin mal nomenklaturas\u0131 (X\u0130FMN) \u00fczr\u0259 Siyah\u0131 t\u0259sdiq edilib. Q\u0259rara \u0259sas\u0259n, bu istiqam\u0259t \u00fc\u00e7\u00fcn m\u00fc\u0259yy\u0259n edil\u0259n mal nomenklaturas\u0131na m\u00fcvafiq idxal olunan mallar\u0131n Az\u0259rbaycan\u0131n i\u015f\u011faldan azad edilmi\u015f \u0259razil\u0259rinin, habel\u0259 m\u00fcharib\u0259 v\u0259 h\u0259rbi \u0259m\u0259liyyatlar\u0131n t\u0259sirin\u0259 m\u0259ruz qalm\u0131\u015f dig\u0259r \u0259razil\u0259rin minalar v\u0259 m\u00fcharib\u0259nin partlay\u0131c\u0131 qal\u0131qlar\u0131ndan&hellip;<\/p>\n","protected":false},"author":2,"featured_media":400568,"comment_status":"closed","ping_status":"closed","sticky":false,"template":"","format":"standard","meta":{"om_disable_all_campaigns":false,"_monsterinsights_skip_tracking":false,"_monsterinsights_sitenote_active":false,"_monsterinsights_sitenote_note":"","_monsterinsights_sitenote_category":0},"categories":[26],"tags":[],"aioseo_notices":[],"gutentor_comment":0,"rttpg_featured_image_url":{"full":["https:\/\/arantv.az\/wp-content\/uploads\/2021\/11\/qerar_81636185886.png",547,351,false],"landscape":["https:\/\/arantv.az\/wp-content\/uploads\/2021\/11\/qerar_81636185886.png",547,351,false],"portraits":["https:\/\/arantv.az\/wp-content\/uploads\/2021\/11\/qerar_81636185886.png",547,351,false],"thumbnail":["https:\/\/arantv.az\/wp-content\/uploads\/2021\/11\/qerar_81636185886-500x280.png",500,280,true],"medium":["https:\/\/arantv.az\/wp-content\/uploads\/2021\/11\/qerar_81636185886.png",547,351,false],"large":["https:\/\/arantv.az\/wp-content\/uploads\/2021\/11\/qerar_81636185886.png",547,351,false],"1536x1536":["https:\/\/arantv.az\/wp-content\/uploads\/2021\/11\/qerar_81636185886.png",547,351,false],"2048x2048":["https:\/\/arantv.az\/wp-content\/uploads\/2021\/11\/qerar_81636185886.png",547,351,false],"post-thumbnail":["https:\/\/arantv.az\/wp-content\/uploads\/2021\/11\/qerar_81636185886-240x172.png",240,172,true],"advps-thumb-one":["https:\/\/arantv.az\/wp-content\/uploads\/2021\/11\/qerar_81636185886.png",547,351,false]},"rttpg_author":{"display_name":"V\u00fcsal Rafiqo\u011flu","author_link":"https:\/\/arantv.az\/?author=2"},"rttpg_comment":0,"rttpg_category":"<a href=\"https:\/\/arantv.az\/?cat=26\" rel=\"category\">Sosial<\/a>","rttpg_excerpt":"&#8220;Az\u0259rbaycan Respublikas\u0131nda ixrac-idxal \u0259m\u0259liyyatlar\u0131 \u00fczr\u0259 g\u00f6mr\u00fck r\u00fcsumlar\u0131n\u0131n d\u0259r\u0259c\u0259l\u0259ri haqq\u0131nda&#8221; Nazirl\u0259r Kabinetinin Q\u0259rar\u0131na d\u0259yi\u015fiklik edilib. ARANTV.AZ \u00a0x\u0259b\u0259r\u00a0verir ki, Ba\u015f nazir \u018fli \u018fs\u0259dovun imzalad\u0131\u011f\u0131 q\u0259rarla i\u015f\u011faldan azad edilmi\u015f \u0259razil\u0259rin, habel\u0259 m\u00fcharib\u0259 v\u0259 h\u0259rbi \u0259m\u0259liyyatlar\u0131n t\u0259sirin\u0259 m\u0259ruz qalm\u0131\u015f dig\u0259r \u0259razil\u0259rin minalar v\u0259 m\u00fcharib\u0259nin partlay\u0131c\u0131 qal\u0131qlar\u0131ndan t\u0259mizl\u0259nm\u0259si \u00fc\u00e7\u00fcn idxal edil\u0259n mallar\u0131n xarici iqtisadi f\u0259aliyy\u0259tin mal nomenklaturas\u0131 (X\u0130FMN) \u00fczr\u0259 Siyah\u0131&hellip;","_links":{"self":[{"href":"https:\/\/arantv.az\/index.php?rest_route=\/wp\/v2\/posts\/400567"}],"collection":[{"href":"https:\/\/arantv.az\/index.php?rest_route=\/wp\/v2\/posts"}],"about":[{"href":"https:\/\/arantv.az\/index.php?rest_route=\/wp\/v2\/types\/post"}],"author":[{"embeddable":true,"href":"https:\/\/arantv.az\/index.php?rest_route=\/wp\/v2\/users\/2"}],"replies":[{"embeddable":true,"href":"https:\/\/arantv.az\/index.php?rest_route=%2Fwp%2Fv2%2Fcomments&post=400567"}],"version-history":[{"count":0,"href":"https:\/\/arantv.az\/index.php?rest_route=\/wp\/v2\/posts\/400567\/revisions"}],"wp:featuredmedia":[{"embeddable":true,"href":"https:\/\/arantv.az\/index.php?rest_route=\/wp\/v2\/media\/400568"}],"wp:attachment":[{"href":"https:\/\/arantv.az\/index.php?rest_route=%2Fwp%2Fv2%2Fmedia&parent=400567"}],"wp:term":[{"taxonomy":"category","embeddable":true,"href":"https:\/\/arantv.az\/index.php?rest_route=%2Fwp%2Fv2%2Fcategories&post=400567"},{"taxonomy":"post_tag","embeddable":true,"href":"https:\/\/arantv.az\/index.php?rest_route=%2Fwp%2Fv2%2Ftags&post=400567"}],"curies":[{"name":"wp","href":"https:\/\/api.w.org\/{rel}","templated":true}]}}