{"id":400570,"date":"2021-11-06T13:20:12","date_gmt":"2021-11-06T10:20:12","guid":{"rendered":"http:\/\/arantv.az\/?p=400570"},"modified":"2021-11-06T13:20:12","modified_gmt":"2021-11-06T10:20:12","slug":"bsih-d%c9%99-s%c9%99hid-ail%c9%99l%c9%99ri-il%c9%99-gorus-kecirilib","status":"publish","type":"post","link":"https:\/\/arantv.az\/?p=400570","title":{"rendered":"B\u015e\u0130H-d\u0259 \u015f\u0259hid ail\u0259l\u0259ri il\u0259 g\u00f6r\u00fc\u015f ke\u00e7irilib"},"content":{"rendered":"<p>Z\u0259f\u0259r bayram\u0131 \u0259r\u0259f\u0259sind\u0259 Bak\u0131 \u015e\u0259h\u0259r \u0130cra Hakimiyy\u0259tind\u0259 V\u0259t\u0259n m\u00fcharib\u0259si \u015f\u0259hidl\u0259rinin ail\u0259 \u00fczvl\u0259ri il\u0259 g\u00f6r\u00fc\u015f ke\u00e7irilib. G\u00f6r\u00fc\u015fd\u0259 Bak\u0131 \u015e\u0259h\u0259r \u0130cra Hakimiyy\u0259tinin ba\u015f\u00e7\u0131s\u0131 Eldar \u018fzizov qonaqlar\u0131 salamlayaraq bildirib ki, 44 g\u00fcnl\u00fck V\u0259t\u0259n m\u00fcharib\u0259sind\u0259 qazand\u0131\u011f\u0131m\u0131z \u015eanl\u0131 Q\u0259l\u0259b\u0259d\u0259n 1 il \u00f6t\u00fcr. \u00d6t\u0259n ilin sentyabr\u0131n 27-da \u015fanl\u0131 Az\u0259rbaycan ordusu \u0259ks h\u00fccuma ke\u00e7\u0259r\u0259k i\u015f\u011fal alt\u0131nda olan torpaqlar\u0131m\u0131z\u0131 azad etdi. Son 200 il \u0259rzind\u0259 ilk d\u0259f\u0259 olaraq Erm\u0259nil\u0259rl\u0259 olan m\u00fcnaqi\u015f\u0259 q\u0259l\u0259b\u0259 il\u0259 ba\u015fa \u00e7atd\u0131.<br \/>\nV\u0259t\u0259n m\u00fcharib\u0259si g\u00fcnl\u0259rind\u0259 \u00f6lk\u0259 ba\u015f\u00e7\u0131s\u0131, Silahl\u0131 Q\u00fcvv\u0259l\u0259rin Ali Ba\u015f Komandan\u0131 \u0130lham \u018fliyev \u00f6z\u00fcn\u00fc dahi ictimai-siyasi xadimd\u0259n \u0259lav\u0259 h\u0259m d\u0259 bacar\u0131ql\u0131 s\u0259rk\u0259rd\u0259 kimi g\u00f6st\u0259rdi. Onun r\u0259hb\u0259rliyi il\u0259 d\u00fc\u015fm\u0259n \u00fcz\u0259rind\u0259 \u015fanl\u0131 Q\u0259l\u0259b\u0259 qazan\u0131ld\u0131 v\u0259 Erm\u0259nistan kapitulyasiya akt\u0131n\u0131 imzalama\u011fa m\u0259cbur edildi. Qazan\u0131lan \u015fanl\u0131 Q\u0259l\u0259b\u0259 \u00f6lk\u0259 ba\u015f\u00e7\u0131s\u0131 \u0130lham \u018fliyevin dahi intellekti v\u0259 m\u00fcdrik siyas\u0259t say\u0259sind\u0259 \u0259ld\u0259 olundu.<br \/>\nBildirildi ki, M\u00fcz\u0259ff\u0259r Ali Ba\u015f Komandan \u0130lham \u018fliyevin r\u0259hb\u0259rliyi il\u0259 d\u00fc\u015fm\u0259n \u00fcz\u0259rind\u0259 qazan\u0131lan \u015fanl\u0131 Q\u0259l\u0259b\u0259b\u0259 Ordumuzun v\u0259 d\u00f6y\u00fc\u015fl\u0259rd\u0259 i\u015ftirak ed\u0259n \u0259sg\u0259r v\u0259 zabitl\u0259rimizin q\u0259hr\u0259manl\u0131\u011f\u0131 x\u00fcsusi qeyd edilm\u0259lidir. Biz d\u00f6y\u00fc\u015fl\u0259rd\u0259 \u015f\u0259hid olmu\u015f soyda\u015flar\u0131m\u0131zin ruhu qar\u015f\u0131s\u0131nda ba\u015f \u0259yir, onlara Ulu tanr\u0131dan r\u0259hm\u0259t dil\u0259yirik. Q\u0259dirbil\u0259n xalq\u0131m\u0131z onlar\u0131 he\u00e7 vaxt yaddan \u00e7\u0131xarmayacaqd\u0131r. Eyni zamanda qanl\u0131 d\u00f6y\u00fc\u015fl\u0259rd\u0259 yaralan\u0131b qazi olmu\u015f v\u0259t\u0259nda\u015flar\u0131m\u0131z da vard\u0131r. D\u00f6vl\u0259timizin ba\u015f\u00e7\u0131s\u0131 \u0130lham \u018fliyev v\u0259 Birinci Vitse-prezidenti Mehriban xan\u0131m \u018fliyeva h\u0259r zaman \u015f\u0259hid ail\u0259l\u0259ri v\u0259 qaz\u0131l\u0259rin yan\u0131ndad\u0131r. Onlar\u0131n probleml\u0259rinin h\u0259lli istiqam\u0259tind\u0259 b\u00f6y\u00fck i\u015fl\u0259r g\u00f6r\u00fcl\u00fcr.<br \/>\nA\u00e7\u0131q dialoq \u015f\u0259klind\u0259 ke\u00e7iril\u0259n g\u00f6r\u00fc\u015fd\u0259 \u015f\u0259hid ail\u0259l\u0259rinin \u00fczvl\u0259ri dinl\u0259nildi, onlar\u0131n sual v\u0259 t\u0259klifl\u0259ri, ilk n\u00f6vb\u0259d\u0259 \u015f\u0259hid ad\u0131n\u0131n\u0131 \u0259b\u0259dil\u0259\u015fdir\u0131lm\u0259si il\u0259 ba\u011fl\u0131 m\u00fcraci\u0259tl\u0259r n\u0259zar\u0259t\u0259 al\u0131nd\u0131.<br \/>\n\u00c7\u0131x\u0131\u015f ed\u0259n \u015f\u0259hid ail\u0259l\u0259rinin \u00fczvl\u0259ri \u00f6lk\u0259 ba\u015f\u00e7\u0131s\u0131 \u0130lham \u018fliyev v\u0259 Birinci Vitse-prezident Mehriban xan\u0131m \u018fliyevan\u0131n onlara g\u00f6st\u0259rdikl\u0259ri x\u00fcsusi diqq\u0259t v\u0259 qay\u011f\u0131ya g\u00f6r\u0259 \u00f6z minn\u0259tdarl\u0131qlar\u0131n\u0131 bildiribl\u0259r.<\/p>\n<p><img class=\"imgbcode\" src=\"https:\/\/upload.az\/foto\/arxiv\/1_41636184773.jpg\" alt=\"B\u015e\u0130H-d\u0259 \u015f\u0259hid ail\u0259l\u0259ri il\u0259 g\u00f6r\u00fc\u015f ke\u00e7irilib\" \/><img class=\"imgbcode\" src=\"https:\/\/upload.az\/foto\/arxiv\/2esas.jpg\" alt=\"B\u015e\u0130H-d\u0259 \u015f\u0259hid ail\u0259l\u0259ri il\u0259 g\u00f6r\u00fc\u015f ke\u00e7irilib\" \/><img class=\"imgbcode\" src=\"https:\/\/upload.az\/foto\/arxiv\/3_31636184773.jpg\" alt=\"B\u015e\u0130H-d\u0259 \u015f\u0259hid ail\u0259l\u0259ri il\u0259 g\u00f6r\u00fc\u015f ke\u00e7irilib\" \/><img class=\"imgbcode\" src=\"https:\/\/upload.az\/foto\/arxiv\/4_11636184773.jpg\" alt=\"B\u015e\u0130H-d\u0259 \u015f\u0259hid ail\u0259l\u0259ri il\u0259 g\u00f6r\u00fc\u015f ke\u00e7irilib\" \/><img class=\"imgbcode\" src=\"https:\/\/upload.az\/foto\/arxiv\/5_21636184773.jpg\" alt=\"B\u015e\u0130H-d\u0259 \u015f\u0259hid ail\u0259l\u0259ri il\u0259 g\u00f6r\u00fc\u015f ke\u00e7irilib\" \/><img class=\"imgbcode\" src=\"https:\/\/upload.az\/foto\/arxiv\/6_41636184773.jpg\" alt=\"B\u015e\u0130H-d\u0259 \u015f\u0259hid ail\u0259l\u0259ri il\u0259 g\u00f6r\u00fc\u015f ke\u00e7irilib\" \/><img class=\"imgbcode\" src=\"https:\/\/upload.az\/foto\/arxiv\/7_71636184773.jpg\" alt=\"B\u015e\u0130H-d\u0259 \u015f\u0259hid ail\u0259l\u0259ri il\u0259 g\u00f6r\u00fc\u015f ke\u00e7irilib\" \/><img class=\"imgbcode\" src=\"https:\/\/upload.az\/foto\/arxiv\/8_31636184773.jpg\" alt=\"B\u015e\u0130H-d\u0259 \u015f\u0259hid ail\u0259l\u0259ri il\u0259 g\u00f6r\u00fc\u015f ke\u00e7irilib\" \/><img class=\"imgbcode\" src=\"https:\/\/upload.az\/foto\/arxiv\/9_21636184773.jpg\" alt=\"B\u015e\u0130H-d\u0259 \u015f\u0259hid ail\u0259l\u0259ri il\u0259 g\u00f6r\u00fc\u015f ke\u00e7irilib\" \/><img class=\"imgbcode\" src=\"https:\/\/upload.az\/foto\/arxiv\/10_31636184773.jpg\" alt=\"B\u015e\u0130H-d\u0259 \u015f\u0259hid ail\u0259l\u0259ri il\u0259 g\u00f6r\u00fc\u015f ke\u00e7irilib\" \/><img class=\"imgbcode\" src=\"https:\/\/upload.az\/foto\/arxiv\/11_71636184773.jpg\" alt=\"B\u015e\u0130H-d\u0259 \u015f\u0259hid ail\u0259l\u0259ri il\u0259 g\u00f6r\u00fc\u015f ke\u00e7irilib\" \/><img class=\"imgbcode\" src=\"https:\/\/upload.az\/foto\/arxiv\/12_71636184773.jpg\" alt=\"B\u015e\u0130H-d\u0259 \u015f\u0259hid ail\u0259l\u0259ri il\u0259 g\u00f6r\u00fc\u015f ke\u00e7irilib\" \/><\/p>\n","protected":false},"excerpt":{"rendered":"<p>Z\u0259f\u0259r bayram\u0131 \u0259r\u0259f\u0259sind\u0259 Bak\u0131 \u015e\u0259h\u0259r \u0130cra Hakimiyy\u0259tind\u0259 V\u0259t\u0259n m\u00fcharib\u0259si \u015f\u0259hidl\u0259rinin ail\u0259 \u00fczvl\u0259ri il\u0259 g\u00f6r\u00fc\u015f ke\u00e7irilib. G\u00f6r\u00fc\u015fd\u0259 Bak\u0131 \u015e\u0259h\u0259r \u0130cra Hakimiyy\u0259tinin ba\u015f\u00e7\u0131s\u0131 Eldar \u018fzizov qonaqlar\u0131 salamlayaraq bildirib ki, 44 g\u00fcnl\u00fck V\u0259t\u0259n m\u00fcharib\u0259sind\u0259 qazand\u0131\u011f\u0131m\u0131z \u015eanl\u0131 Q\u0259l\u0259b\u0259d\u0259n 1 il \u00f6t\u00fcr. \u00d6t\u0259n ilin sentyabr\u0131n 27-da \u015fanl\u0131 Az\u0259rbaycan ordusu \u0259ks h\u00fccuma ke\u00e7\u0259r\u0259k i\u015f\u011fal alt\u0131nda olan torpaqlar\u0131m\u0131z\u0131 azad etdi. Son 200 il \u0259rzind\u0259 ilk d\u0259f\u0259 olaraq Erm\u0259nil\u0259rl\u0259 olan m\u00fcnaqi\u015f\u0259 q\u0259l\u0259b\u0259 il\u0259 ba\u015fa \u00e7atd\u0131. V\u0259t\u0259n m\u00fcharib\u0259si g\u00fcnl\u0259rind\u0259 \u00f6lk\u0259 ba\u015f\u00e7\u0131s\u0131, Silahl\u0131 Q\u00fcvv\u0259l\u0259rin Ali Ba\u015f Komandan\u0131 \u0130lham \u018fliyev \u00f6z\u00fcn\u00fc dahi ictimai-siyasi xadimd\u0259n \u0259lav\u0259 h\u0259m d\u0259 bacar\u0131ql\u0131 s\u0259rk\u0259rd\u0259 kimi g\u00f6st\u0259rdi.&hellip;<\/p>\n","protected":false},"author":2,"featured_media":400571,"comment_status":"closed","ping_status":"closed","sticky":false,"template":"","format":"standard","meta":{"om_disable_all_campaigns":false,"_monsterinsights_skip_tracking":false,"_monsterinsights_sitenote_active":false,"_monsterinsights_sitenote_note":"","_monsterinsights_sitenote_category":0},"categories":[19],"tags":[],"aioseo_notices":[],"gutentor_comment":0,"rttpg_featured_image_url":{"full":["https:\/\/arantv.az\/wp-content\/uploads\/2021\/11\/2esas.jpg",649,430,false],"landscape":["https:\/\/arantv.az\/wp-content\/uploads\/2021\/11\/2esas.jpg",649,430,false],"portraits":["https:\/\/arantv.az\/wp-content\/uploads\/2021\/11\/2esas.jpg",649,430,false],"thumbnail":["https:\/\/arantv.az\/wp-content\/uploads\/2021\/11\/2esas-500x280.jpg",500,280,true],"medium":["https:\/\/arantv.az\/wp-content\/uploads\/2021\/11\/2esas-551x365.jpg",551,365,true],"large":["https:\/\/arantv.az\/wp-content\/uploads\/2021\/11\/2esas.jpg",640,424,false],"1536x1536":["https:\/\/arantv.az\/wp-content\/uploads\/2021\/11\/2esas.jpg",649,430,false],"2048x2048":["https:\/\/arantv.az\/wp-content\/uploads\/2021\/11\/2esas.jpg",649,430,false],"post-thumbnail":["https:\/\/arantv.az\/wp-content\/uploads\/2021\/11\/2esas-240x172.jpg",240,172,true],"advps-thumb-one":["https:\/\/arantv.az\/wp-content\/uploads\/2021\/11\/2esas.jpg",649,430,false]},"rttpg_author":{"display_name":"V\u00fcsal Rafiqo\u011flu","author_link":"https:\/\/arantv.az\/?author=2"},"rttpg_comment":0,"rttpg_category":"<a href=\"https:\/\/arantv.az\/?cat=19\" rel=\"category\">G\u00fcnd\u0259m<\/a>","rttpg_excerpt":"Z\u0259f\u0259r bayram\u0131 \u0259r\u0259f\u0259sind\u0259 Bak\u0131 \u015e\u0259h\u0259r \u0130cra Hakimiyy\u0259tind\u0259 V\u0259t\u0259n m\u00fcharib\u0259si \u015f\u0259hidl\u0259rinin ail\u0259 \u00fczvl\u0259ri il\u0259 g\u00f6r\u00fc\u015f ke\u00e7irilib. G\u00f6r\u00fc\u015fd\u0259 Bak\u0131 \u015e\u0259h\u0259r \u0130cra Hakimiyy\u0259tinin ba\u015f\u00e7\u0131s\u0131 Eldar \u018fzizov qonaqlar\u0131 salamlayaraq bildirib ki, 44 g\u00fcnl\u00fck V\u0259t\u0259n m\u00fcharib\u0259sind\u0259 qazand\u0131\u011f\u0131m\u0131z \u015eanl\u0131 Q\u0259l\u0259b\u0259d\u0259n 1 il \u00f6t\u00fcr. \u00d6t\u0259n ilin sentyabr\u0131n 27-da \u015fanl\u0131 Az\u0259rbaycan ordusu \u0259ks h\u00fccuma ke\u00e7\u0259r\u0259k i\u015f\u011fal alt\u0131nda olan torpaqlar\u0131m\u0131z\u0131 azad etdi. Son 200&hellip;","_links":{"self":[{"href":"https:\/\/arantv.az\/index.php?rest_route=\/wp\/v2\/posts\/400570"}],"collection":[{"href":"https:\/\/arantv.az\/index.php?rest_route=\/wp\/v2\/posts"}],"about":[{"href":"https:\/\/arantv.az\/index.php?rest_route=\/wp\/v2\/types\/post"}],"author":[{"embeddable":true,"href":"https:\/\/arantv.az\/index.php?rest_route=\/wp\/v2\/users\/2"}],"replies":[{"embeddable":true,"href":"https:\/\/arantv.az\/index.php?rest_route=%2Fwp%2Fv2%2Fcomments&post=400570"}],"version-history":[{"count":0,"href":"https:\/\/arantv.az\/index.php?rest_route=\/wp\/v2\/posts\/400570\/revisions"}],"wp:featuredmedia":[{"embeddable":true,"href":"https:\/\/arantv.az\/index.php?rest_route=\/wp\/v2\/media\/400571"}],"wp:attachment":[{"href":"https:\/\/arantv.az\/index.php?rest_route=%2Fwp%2Fv2%2Fmedia&parent=400570"}],"wp:term":[{"taxonomy":"category","embeddable":true,"href":"https:\/\/arantv.az\/index.php?rest_route=%2Fwp%2Fv2%2Fcategories&post=400570"},{"taxonomy":"post_tag","embeddable":true,"href":"https:\/\/arantv.az\/index.php?rest_route=%2Fwp%2Fv2%2Ftags&post=400570"}],"curies":[{"name":"wp","href":"https:\/\/api.w.org\/{rel}","templated":true}]}}