{"id":400577,"date":"2021-11-06T13:22:15","date_gmt":"2021-11-06T10:22:15","guid":{"rendered":"http:\/\/arantv.az\/?p=400577"},"modified":"2021-11-06T13:22:15","modified_gmt":"2021-11-06T10:22:15","slug":"az%c9%99rbaycan-kimi-t%c9%99r%c9%99fdasimiz-olmasaydi-qaz-t%c9%99chizati-bizim-ucun-c%c9%99tin-olardi-gurcustan-t%c9%99msilcisi","status":"publish","type":"post","link":"https:\/\/arantv.az\/?p=400577","title":{"rendered":"Az\u0259rbaycan kimi t\u0259r\u0259fda\u015f\u0131m\u0131z olmasayd\u0131, qaz t\u0259chizat\u0131 bizim \u00fc\u00e7\u00fcn \u00e7\u0259tin olard\u0131 &#8211; G\u00fcrc\u00fcstan t\u0259msil\u00e7isi"},"content":{"rendered":"<p><strong>\u018fg\u0259r Az\u0259rbaycan kimi uzunm\u00fcdd\u0259tli t\u0259r\u0259fda\u015f\u0131m\u0131z olmasayd\u0131, qaz t\u0259chizat\u0131 bizim \u00fc\u00e7\u00fcn \u00e7\u0259tin olard\u0131.<\/strong><\/p>\n<p><strong>ARANTV.AZ<\/strong>\u00a0 <a href=\"https:\/\/az.trend.az\/\" target=\"_blank\" rel=\"noopener\">Trend<\/a>-\u0259 istinad\u0259n bildirir ki,\u00a0bunu G\u00fcrc\u00fcstan\u0131n ke\u00e7mi\u015f ba\u015f nazirinin m\u00fcavini Eka Tke\u015fela\u015fvili Qlobal Bak\u0131 Forumu \u00e7\u0259r\u00e7iv\u0259sind\u0259 &#8220;\u015e\u0259rq t\u0259r\u0259fda\u015fl\u0131\u011f\u0131: Potensial\u0131 n\u0259dir?&#8221; m\u00f6vzusunda panel m\u00fczakir\u0259l\u0259ri zaman deyib.<\/p>\n<p>O bildirib ki, Rusiya enerji t\u0259chizat\u0131ndan m\u00fcst\u0259qillik \u0259ld\u0259 etm\u0259liyik.<\/p>\n<p>Qeyd ed\u0259k ki, Az\u0259rbaycan Respublikas\u0131n\u0131n Prezidenti \u0130lham \u018fliyevin himay\u0259si alt\u0131nda v\u0259 Nizami G\u0259nc\u0259vi Beyn\u0259lxalq M\u0259rk\u0259zinin t\u0259\u015fkilat\u00e7\u0131l\u0131\u011f\u0131 il\u0259 car\u0131 ilin 4-6 noyabr tarixl\u0259rind\u0259 &#8220;COVID-19-dan sonrak\u0131 d\u00fcnya&#8221; m\u00f6vzusunda n\u00f6vb\u0259ti Qlobal Bak\u0131 Forumu ke\u00e7irilir.<\/p>\n<p>Sayca 8-ci olan Bak\u0131 Forumunda qlobal \u0259h\u0259miyy\u0259t k\u0259sb ed\u0259n m\u0259s\u0259l\u0259l\u0259rin m\u00fczakir\u0259si m\u0259qs\u0259dil\u0259 d\u00fcnyan\u0131n 40-dan \u00e7ox \u00f6lk\u0259sind\u0259n ali v\u0259 y\u00fcks\u0259k s\u0259viyy\u0259li n\u00fcmay\u0259nd\u0259l\u0259r, sabiq d\u00f6vl\u0259t v\u0259 h\u00f6kum\u0259t ba\u015f\u00e7\u0131lar\u0131, beyn\u0259lxalq v\u0259 qeyri-h\u00f6kum\u0259t t\u0259\u015fkilatlar\u0131n\u0131n r\u0259smil\u0259ri, el\u0259c\u0259 d\u0259 dig\u0259r n\u00fcfuzlu qonaqlar\u0131n i\u015ftirak edirl\u0259r. Hibrid formatda t\u0259\u015fkil edil\u0259n t\u0259dbird\u0259 300-\u0259 yax\u0131n qona\u011f\u0131n canl\u0131 v\u0259 onlayn i\u015ftirak\u0131 g\u00f6zl\u0259nilir.<\/p>\n","protected":false},"excerpt":{"rendered":"<p>\u018fg\u0259r Az\u0259rbaycan kimi uzunm\u00fcdd\u0259tli t\u0259r\u0259fda\u015f\u0131m\u0131z olmasayd\u0131, qaz t\u0259chizat\u0131 bizim \u00fc\u00e7\u00fcn \u00e7\u0259tin olard\u0131. ARANTV.AZ\u00a0 Trend-\u0259 istinad\u0259n bildirir ki,\u00a0bunu G\u00fcrc\u00fcstan\u0131n ke\u00e7mi\u015f ba\u015f nazirinin m\u00fcavini Eka Tke\u015fela\u015fvili Qlobal Bak\u0131 Forumu \u00e7\u0259r\u00e7iv\u0259sind\u0259 &#8220;\u015e\u0259rq t\u0259r\u0259fda\u015fl\u0131\u011f\u0131: Potensial\u0131 n\u0259dir?&#8221; m\u00f6vzusunda panel m\u00fczakir\u0259l\u0259ri zaman deyib. O bildirib ki, Rusiya enerji t\u0259chizat\u0131ndan m\u00fcst\u0259qillik \u0259ld\u0259 etm\u0259liyik. Qeyd ed\u0259k ki, Az\u0259rbaycan Respublikas\u0131n\u0131n Prezidenti \u0130lham \u018fliyevin himay\u0259si alt\u0131nda v\u0259 Nizami G\u0259nc\u0259vi Beyn\u0259lxalq M\u0259rk\u0259zinin t\u0259\u015fkilat\u00e7\u0131l\u0131\u011f\u0131 il\u0259 car\u0131 ilin 4-6 noyabr tarixl\u0259rind\u0259 &#8220;COVID-19-dan sonrak\u0131 d\u00fcnya&#8221; m\u00f6vzusunda n\u00f6vb\u0259ti Qlobal Bak\u0131 Forumu ke\u00e7irilir. Sayca 8-ci olan Bak\u0131 Forumunda qlobal \u0259h\u0259miyy\u0259t k\u0259sb ed\u0259n m\u0259s\u0259l\u0259l\u0259rin m\u00fczakir\u0259si m\u0259qs\u0259dil\u0259 d\u00fcnyan\u0131n&hellip;<\/p>\n","protected":false},"author":2,"featured_media":400578,"comment_status":"closed","ping_status":"closed","sticky":false,"template":"","format":"standard","meta":{"om_disable_all_campaigns":false,"_monsterinsights_skip_tracking":false,"_monsterinsights_sitenote_active":false,"_monsterinsights_sitenote_note":"","_monsterinsights_sitenote_category":0},"categories":[19],"tags":[],"aioseo_notices":[],"gutentor_comment":0,"rttpg_featured_image_url":{"full":["https:\/\/arantv.az\/wp-content\/uploads\/2021\/11\/993945.jpg",971,583,false],"landscape":["https:\/\/arantv.az\/wp-content\/uploads\/2021\/11\/993945.jpg",971,583,false],"portraits":["https:\/\/arantv.az\/wp-content\/uploads\/2021\/11\/993945.jpg",971,583,false],"thumbnail":["https:\/\/arantv.az\/wp-content\/uploads\/2021\/11\/993945-500x280.jpg",500,280,true],"medium":["https:\/\/arantv.az\/wp-content\/uploads\/2021\/11\/993945-608x365.jpg",608,365,true],"large":["https:\/\/arantv.az\/wp-content\/uploads\/2021\/11\/993945-840x504.jpg",640,384,true],"1536x1536":["https:\/\/arantv.az\/wp-content\/uploads\/2021\/11\/993945.jpg",971,583,false],"2048x2048":["https:\/\/arantv.az\/wp-content\/uploads\/2021\/11\/993945.jpg",971,583,false],"post-thumbnail":["https:\/\/arantv.az\/wp-content\/uploads\/2021\/11\/993945-240x172.jpg",240,172,true],"advps-thumb-one":["https:\/\/arantv.az\/wp-content\/uploads\/2021\/11\/993945.jpg",971,583,false]},"rttpg_author":{"display_name":"V\u00fcsal Rafiqo\u011flu","author_link":"https:\/\/arantv.az\/?author=2"},"rttpg_comment":0,"rttpg_category":"<a href=\"https:\/\/arantv.az\/?cat=19\" rel=\"category\">G\u00fcnd\u0259m<\/a>","rttpg_excerpt":"\u018fg\u0259r Az\u0259rbaycan kimi uzunm\u00fcdd\u0259tli t\u0259r\u0259fda\u015f\u0131m\u0131z olmasayd\u0131, qaz t\u0259chizat\u0131 bizim \u00fc\u00e7\u00fcn \u00e7\u0259tin olard\u0131. ARANTV.AZ\u00a0 Trend-\u0259 istinad\u0259n bildirir ki,\u00a0bunu G\u00fcrc\u00fcstan\u0131n ke\u00e7mi\u015f ba\u015f nazirinin m\u00fcavini Eka Tke\u015fela\u015fvili Qlobal Bak\u0131 Forumu \u00e7\u0259r\u00e7iv\u0259sind\u0259 &#8220;\u015e\u0259rq t\u0259r\u0259fda\u015fl\u0131\u011f\u0131: Potensial\u0131 n\u0259dir?&#8221; m\u00f6vzusunda panel m\u00fczakir\u0259l\u0259ri zaman deyib. O bildirib ki, Rusiya enerji t\u0259chizat\u0131ndan m\u00fcst\u0259qillik \u0259ld\u0259 etm\u0259liyik. Qeyd ed\u0259k ki, Az\u0259rbaycan Respublikas\u0131n\u0131n Prezidenti \u0130lham \u018fliyevin himay\u0259si&hellip;","_links":{"self":[{"href":"https:\/\/arantv.az\/index.php?rest_route=\/wp\/v2\/posts\/400577"}],"collection":[{"href":"https:\/\/arantv.az\/index.php?rest_route=\/wp\/v2\/posts"}],"about":[{"href":"https:\/\/arantv.az\/index.php?rest_route=\/wp\/v2\/types\/post"}],"author":[{"embeddable":true,"href":"https:\/\/arantv.az\/index.php?rest_route=\/wp\/v2\/users\/2"}],"replies":[{"embeddable":true,"href":"https:\/\/arantv.az\/index.php?rest_route=%2Fwp%2Fv2%2Fcomments&post=400577"}],"version-history":[{"count":0,"href":"https:\/\/arantv.az\/index.php?rest_route=\/wp\/v2\/posts\/400577\/revisions"}],"wp:featuredmedia":[{"embeddable":true,"href":"https:\/\/arantv.az\/index.php?rest_route=\/wp\/v2\/media\/400578"}],"wp:attachment":[{"href":"https:\/\/arantv.az\/index.php?rest_route=%2Fwp%2Fv2%2Fmedia&parent=400577"}],"wp:term":[{"taxonomy":"category","embeddable":true,"href":"https:\/\/arantv.az\/index.php?rest_route=%2Fwp%2Fv2%2Fcategories&post=400577"},{"taxonomy":"post_tag","embeddable":true,"href":"https:\/\/arantv.az\/index.php?rest_route=%2Fwp%2Fv2%2Ftags&post=400577"}],"curies":[{"name":"wp","href":"https:\/\/api.w.org\/{rel}","templated":true}]}}