{"id":400580,"date":"2021-11-06T13:23:15","date_gmt":"2021-11-06T10:23:15","guid":{"rendered":"http:\/\/arantv.az\/?p=400580"},"modified":"2021-11-06T13:23:15","modified_gmt":"2021-11-06T10:23:15","slug":"k%c9%99rim-%c9%99liyevin-s%c9%99had%c9%99tind%c9%99n-1-il-otur-video","status":"publish","type":"post","link":"https:\/\/arantv.az\/?p=400580","title":{"rendered":"K\u0259rim \u018fliyevin \u015f\u0259had\u0259tind\u0259n 1 il \u00f6t\u00fcr &#8211; V\u0130DEO"},"content":{"rendered":"<div class=\"article_text\">\n<p><strong>V\u0259t\u0259n m\u00fcharib\u0259si \u015f\u0259hidi K\u0259rim Qeyr\u0259txan o\u011flu \u018fliyevin \u015f\u0259had\u0259t\u0259 ucalmas\u0131ndan bir il \u00f6t\u00fcr.<\/strong><\/p>\n<p><strong>ARANTV.AZ<\/strong>\u00a0 Real TV-y\u0259 istinad\u0259n x\u0259b\u0259r verir ki,\u015f\u0259hidin xatir\u0259si do\u011fulub, boya- ba\u015fa \u00e7atd\u0131\u011f\u0131 X\u0131z\u0131 rayonunun F\u0131nd\u0131\u011fan k\u0259ndind\u0259 an\u0131l\u0131b. \u015e\u0259hidin xatiris\u0259ni yad ed\u0259nl\u0259r aras\u0131nda V\u0259t\u0259n m\u00fcharib\u0259si qazil\u0259ri, \u0259sg\u0259r yolda\u015flar\u0131, ictimaiyy\u0259t n\u00fcmay\u0259nd\u0259l\u0259ri, F\u0131nd\u0131\u011fan k\u0259nd tam orta m\u0259kt\u0259binin m\u00fc\u0259llim v\u0259 \u015fagird kollektivi v\u0259 h\u0259mk\u0259ndlil\u0259ri vard\u0131. Qeyd ed\u0259k ki, K\u0259rim \u018fliyev 2000-ci ild\u0259 X\u0131z\u0131 rayonun da do\u011fulub. Onun d\u00f6y\u00fc\u015f yolu T\u0259rt\u0259rd\u0259n ba\u015flay\u0131b. O, Hadrut, F\u00fczuli, C\u0259bray\u0131l, Xocav\u0259nd u\u011frunda d\u00f6y\u00fc\u015fl\u0259rd\u0259 b\u00f6y\u00fck igidlik v\u0259 q\u0259hr\u0259manl\u0131q g\u00f6st\u0259rib.<\/p>\n<p>K\u0259rim \u018fliyev \u015eu\u015fa yax\u0131nl\u0131\u011f\u0131ndak\u0131 Q\u0131rm\u0131z\u0131bazar \u0259traf\u0131nda ged\u0259n d\u00f6y\u00fc\u015fl\u0259rd\u0259 \u015f\u0259hid olub.<\/p>\n<p>\u00d6l\u00fcm\u00fcnd\u0259n sonra m\u00fcz\u0259ff\u0259r Ali Ba\u015f Komandan , Prezident \u0130lham \u018fliyevin s\u0259r\u0259ncam\u0131 il\u0259 K\u0259rim \u018fliyev &#8220;V\u0259t\u0259n u\u011frunda&#8221;, &#8220;Xocav\u0259ndin azad olunmas\u0131na g\u00f6r\u0259&#8221;, &#8220;C\u0259bray\u0131l\u0131n azad olunmas\u0131na g\u00f6r\u0259&#8221; v\u0259 &#8220;F\u00fczulinin azad olunmas\u0131na g\u00f6r\u0259&#8221; medallar\u0131 il\u0259 t\u0259ltif olunub.<\/p>\n<p>&nbsp;<\/p>\n<p><iframe loading=\"lazy\" src=\"https:\/\/daytube.az\/az\/embed\/118006\" width=\"670\" height=\"400\" frameborder=\"0\" allowfullscreen=\"allowfullscreen\" data-mce-fragment=\"1\"><\/iframe><\/p>\n<\/div>\n<p>&nbsp;<\/p>\n","protected":false},"excerpt":{"rendered":"<p>V\u0259t\u0259n m\u00fcharib\u0259si \u015f\u0259hidi K\u0259rim Qeyr\u0259txan o\u011flu \u018fliyevin \u015f\u0259had\u0259t\u0259 ucalmas\u0131ndan bir il \u00f6t\u00fcr. ARANTV.AZ\u00a0 Real TV-y\u0259 istinad\u0259n x\u0259b\u0259r verir ki,\u015f\u0259hidin xatir\u0259si do\u011fulub, boya- ba\u015fa \u00e7atd\u0131\u011f\u0131 X\u0131z\u0131 rayonunun F\u0131nd\u0131\u011fan k\u0259ndind\u0259 an\u0131l\u0131b. \u015e\u0259hidin xatiris\u0259ni yad ed\u0259nl\u0259r aras\u0131nda V\u0259t\u0259n m\u00fcharib\u0259si qazil\u0259ri, \u0259sg\u0259r yolda\u015flar\u0131, ictimaiyy\u0259t n\u00fcmay\u0259nd\u0259l\u0259ri, F\u0131nd\u0131\u011fan k\u0259nd tam orta m\u0259kt\u0259binin m\u00fc\u0259llim v\u0259 \u015fagird kollektivi v\u0259 h\u0259mk\u0259ndlil\u0259ri vard\u0131. Qeyd ed\u0259k ki, K\u0259rim \u018fliyev 2000-ci ild\u0259 X\u0131z\u0131 rayonun da do\u011fulub. Onun d\u00f6y\u00fc\u015f yolu T\u0259rt\u0259rd\u0259n ba\u015flay\u0131b. O, Hadrut, F\u00fczuli, C\u0259bray\u0131l, Xocav\u0259nd u\u011frunda d\u00f6y\u00fc\u015fl\u0259rd\u0259 b\u00f6y\u00fck igidlik v\u0259 q\u0259hr\u0259manl\u0131q g\u00f6st\u0259rib. K\u0259rim \u018fliyev \u015eu\u015fa yax\u0131nl\u0131\u011f\u0131ndak\u0131 Q\u0131rm\u0131z\u0131bazar \u0259traf\u0131nda ged\u0259n d\u00f6y\u00fc\u015fl\u0259rd\u0259 \u015f\u0259hid&hellip;<\/p>\n","protected":false},"author":2,"featured_media":400581,"comment_status":"closed","ping_status":"closed","sticky":false,"template":"","format":"standard","meta":{"om_disable_all_campaigns":false,"_monsterinsights_skip_tracking":false,"_monsterinsights_sitenote_active":false,"_monsterinsights_sitenote_note":"","_monsterinsights_sitenote_category":0},"categories":[26],"tags":[],"aioseo_notices":[],"gutentor_comment":0,"rttpg_featured_image_url":{"full":["https:\/\/arantv.az\/wp-content\/uploads\/2021\/11\/993858.jpg",800,600,false],"landscape":["https:\/\/arantv.az\/wp-content\/uploads\/2021\/11\/993858.jpg",800,600,false],"portraits":["https:\/\/arantv.az\/wp-content\/uploads\/2021\/11\/993858.jpg",800,600,false],"thumbnail":["https:\/\/arantv.az\/wp-content\/uploads\/2021\/11\/993858-500x280.jpg",500,280,true],"medium":["https:\/\/arantv.az\/wp-content\/uploads\/2021\/11\/993858-487x365.jpg",487,365,true],"large":["https:\/\/arantv.az\/wp-content\/uploads\/2021\/11\/993858.jpg",640,480,false],"1536x1536":["https:\/\/arantv.az\/wp-content\/uploads\/2021\/11\/993858.jpg",800,600,false],"2048x2048":["https:\/\/arantv.az\/wp-content\/uploads\/2021\/11\/993858.jpg",800,600,false],"post-thumbnail":["https:\/\/arantv.az\/wp-content\/uploads\/2021\/11\/993858-240x172.jpg",240,172,true],"advps-thumb-one":["https:\/\/arantv.az\/wp-content\/uploads\/2021\/11\/993858.jpg",800,600,false]},"rttpg_author":{"display_name":"V\u00fcsal Rafiqo\u011flu","author_link":"https:\/\/arantv.az\/?author=2"},"rttpg_comment":0,"rttpg_category":"<a href=\"https:\/\/arantv.az\/?cat=26\" rel=\"category\">Sosial<\/a>","rttpg_excerpt":"V\u0259t\u0259n m\u00fcharib\u0259si \u015f\u0259hidi K\u0259rim Qeyr\u0259txan o\u011flu \u018fliyevin \u015f\u0259had\u0259t\u0259 ucalmas\u0131ndan bir il \u00f6t\u00fcr. ARANTV.AZ\u00a0 Real TV-y\u0259 istinad\u0259n x\u0259b\u0259r verir ki,\u015f\u0259hidin xatir\u0259si do\u011fulub, boya- ba\u015fa \u00e7atd\u0131\u011f\u0131 X\u0131z\u0131 rayonunun F\u0131nd\u0131\u011fan k\u0259ndind\u0259 an\u0131l\u0131b. \u015e\u0259hidin xatiris\u0259ni yad ed\u0259nl\u0259r aras\u0131nda V\u0259t\u0259n m\u00fcharib\u0259si qazil\u0259ri, \u0259sg\u0259r yolda\u015flar\u0131, ictimaiyy\u0259t n\u00fcmay\u0259nd\u0259l\u0259ri, F\u0131nd\u0131\u011fan k\u0259nd tam orta m\u0259kt\u0259binin m\u00fc\u0259llim v\u0259 \u015fagird kollektivi v\u0259 h\u0259mk\u0259ndlil\u0259ri vard\u0131. Qeyd ed\u0259k&hellip;","_links":{"self":[{"href":"https:\/\/arantv.az\/index.php?rest_route=\/wp\/v2\/posts\/400580"}],"collection":[{"href":"https:\/\/arantv.az\/index.php?rest_route=\/wp\/v2\/posts"}],"about":[{"href":"https:\/\/arantv.az\/index.php?rest_route=\/wp\/v2\/types\/post"}],"author":[{"embeddable":true,"href":"https:\/\/arantv.az\/index.php?rest_route=\/wp\/v2\/users\/2"}],"replies":[{"embeddable":true,"href":"https:\/\/arantv.az\/index.php?rest_route=%2Fwp%2Fv2%2Fcomments&post=400580"}],"version-history":[{"count":0,"href":"https:\/\/arantv.az\/index.php?rest_route=\/wp\/v2\/posts\/400580\/revisions"}],"wp:featuredmedia":[{"embeddable":true,"href":"https:\/\/arantv.az\/index.php?rest_route=\/wp\/v2\/media\/400581"}],"wp:attachment":[{"href":"https:\/\/arantv.az\/index.php?rest_route=%2Fwp%2Fv2%2Fmedia&parent=400580"}],"wp:term":[{"taxonomy":"category","embeddable":true,"href":"https:\/\/arantv.az\/index.php?rest_route=%2Fwp%2Fv2%2Fcategories&post=400580"},{"taxonomy":"post_tag","embeddable":true,"href":"https:\/\/arantv.az\/index.php?rest_route=%2Fwp%2Fv2%2Ftags&post=400580"}],"curies":[{"name":"wp","href":"https:\/\/api.w.org\/{rel}","templated":true}]}}