{"id":400583,"date":"2021-11-06T13:24:07","date_gmt":"2021-11-06T10:24:07","guid":{"rendered":"http:\/\/arantv.az\/?p=400583"},"modified":"2021-11-06T13:24:07","modified_gmt":"2021-11-06T10:24:07","slug":"onun-ucun-v%c9%99t%c9%99n-anlayisi-h%c9%99r-seyd%c9%99n-uca-idi-video","status":"publish","type":"post","link":"https:\/\/arantv.az\/?p=400583","title":{"rendered":"Onun \u00fc\u00e7\u00fcn V\u0259t\u0259n anlay\u0131\u015f\u0131 h\u0259r \u015feyd\u0259n uca idi &#8211; V\u0130DEO"},"content":{"rendered":"<div class=\"article_text\">\n<p>V\u0259t\u0259n m\u00fcharib\u0259sind\u0259 igidlik g\u00f6st\u0259r\u0259n q\u0259hr\u0259manlar\u0131m\u0131z\u0131 tan\u0131tma\u011fa davam edirik. S\u0131radak\u0131 q\u0259hr\u0259man\u0131m\u0131z F\u00fczulid\u0259 d\u00fc\u015fm\u0259nin xeyli sayda canl\u0131 q\u00fcvv\u0259sini m\u0259hv ed\u0259n mayor Vidadi \u00a0\u018fhm\u0259dovdur. Q\u0259hr\u0259man zabitimiz \u015f\u0259had\u0259tind\u0259n sonra &#8221;v\u0259t\u0259n u\u011frunda&#8221; v\u0259 &#8221;igidliy\u0259 g\u00f6r\u0259&#8221; medallar\u0131 il\u0259 t\u0259ltif edilib.<\/p>\n<p><strong>ARANTV.AZ\u00a0<\/strong> X\u0259z\u0259r TV-y\u0259 istinad\u0259n x\u0259b\u0259r verir ki, 44 g\u00fcnl\u00fck v\u0259t\u0259n m\u00fcharib\u0259sind\u0259 i\u015f\u011fal alt\u0131nda olan torpaqlar\u0131m\u0131z\u0131 d\u00fc\u015fm\u0259nd\u0259n geri alan q\u0259hr\u0259manlar\u0131m\u0131zdan biri d\u0259 mayor Vidadi \u018fhm\u0259dovdur.<\/p>\n<p>O, 1979-cu ild\u0259 Salyan rayonunda anadan olub. U\u015faql\u0131q arzusunun ard\u0131nca ged\u0259r\u0259k 1996-c\u0131 ild\u0259 H.\u018fliyev ad\u0131na Ali H\u0259rbi M\u0259kt\u0259b\u0259 daxil olub. H\u0259rbi t\u0259dris m\u00fc\u0259ssis\u0259sini 2000-ci ild\u0259 zirehli tank v\u0259 avtomobil texnikas\u0131n\u0131n istismar\u0131 ixtisas\u0131 \u00fczr\u0259 m\u00fch\u0259ndis kimi bitirib. 2000-2002-ci ill\u0259rd\u0259 zabit kimi Murovda\u011fda xidm\u0259t edib.<\/p>\n<p>G\u0259nc zabit Vidadi \u018fhm\u0259dov 2002-2005-ci ill\u0259rd\u0259 \u0130raqda s\u00fclhm\u0259raml\u0131 q\u00fcvv\u0259l\u0259rimizin s\u0131ralar\u0131nda xidm\u0259td\u0259 olub. Daha sonra is\u0259 M\u00fcdafi\u0259 Nazirliyinin T\u0259lim T\u0259dris M\u0259rk\u0259zind\u0259 b\u00f6l\u00fck komandiri kimi qulluq edib. 2014-c\u00fc il yanvar\u0131n 1-d\u0259 ehtiyata burax\u0131l\u0131b. 2-ci Qaraba\u011f m\u00fcharib\u0259si ba\u015flad\u0131qdan sonra \u00f6t\u0259n il sentyabr\u0131n 29-da d\u00f6y\u00fc\u015fl\u0259r\u0259 qat\u0131l\u0131b.<\/p>\n<p>Vidadi \u018fhm\u0259dov F\u00fczuli istiqm\u0259tind\u0259 ged\u0259n a\u011f\u0131r d\u00f6y\u00fc\u015fl\u0259rd\u0259 b\u00f6y\u00fck \u015f\u00fcca\u0259t g\u00f6st\u0259rib. D\u00f6y\u00fc\u015fl\u0259rin birind\u0259 ondan 100 metr aral\u0131ya d\u00fc\u015fm\u00fc\u015f top m\u0259rmisinin partlamas\u0131 n\u0259tic\u0259sind\u0259 \u015f\u0259had\u0259t\u0259 ucal\u0131b<\/p>\n<p>O, \u015f\u0259had\u0259tind\u0259n sonra &#8221;V\u0259t\u0259n u\u011frunda&#8221; v\u0259 &#8221;\u0130gidliy\u0259 g\u00f6r\u0259 &#8221; medallar\u0131 il\u0259 t\u0259ltif edilib.<\/p>\n<p>&nbsp;<\/p>\n<p><iframe loading=\"lazy\" src=\"https:\/\/daytube.az\/az\/embed\/118004\" width=\"670\" height=\"400\" frameborder=\"0\" allowfullscreen=\"allowfullscreen\" data-mce-fragment=\"1\"><\/iframe><\/div>\n<p>&nbsp;<\/p>\n","protected":false},"excerpt":{"rendered":"<p>V\u0259t\u0259n m\u00fcharib\u0259sind\u0259 igidlik g\u00f6st\u0259r\u0259n q\u0259hr\u0259manlar\u0131m\u0131z\u0131 tan\u0131tma\u011fa davam edirik. S\u0131radak\u0131 q\u0259hr\u0259man\u0131m\u0131z F\u00fczulid\u0259 d\u00fc\u015fm\u0259nin xeyli sayda canl\u0131 q\u00fcvv\u0259sini m\u0259hv ed\u0259n mayor Vidadi \u00a0\u018fhm\u0259dovdur. Q\u0259hr\u0259man zabitimiz \u015f\u0259had\u0259tind\u0259n sonra &#8221;v\u0259t\u0259n u\u011frunda&#8221; v\u0259 &#8221;igidliy\u0259 g\u00f6r\u0259&#8221; medallar\u0131 il\u0259 t\u0259ltif edilib. ARANTV.AZ\u00a0 X\u0259z\u0259r TV-y\u0259 istinad\u0259n x\u0259b\u0259r verir ki, 44 g\u00fcnl\u00fck v\u0259t\u0259n m\u00fcharib\u0259sind\u0259 i\u015f\u011fal alt\u0131nda olan torpaqlar\u0131m\u0131z\u0131 d\u00fc\u015fm\u0259nd\u0259n geri alan q\u0259hr\u0259manlar\u0131m\u0131zdan biri d\u0259 mayor Vidadi \u018fhm\u0259dovdur. O, 1979-cu ild\u0259 Salyan rayonunda anadan olub. U\u015faql\u0131q arzusunun ard\u0131nca ged\u0259r\u0259k 1996-c\u0131 ild\u0259 H.\u018fliyev ad\u0131na Ali H\u0259rbi M\u0259kt\u0259b\u0259 daxil olub. H\u0259rbi t\u0259dris m\u00fc\u0259ssis\u0259sini 2000-ci ild\u0259 zirehli tank v\u0259 avtomobil texnikas\u0131n\u0131n istismar\u0131 ixtisas\u0131&hellip;<\/p>\n","protected":false},"author":2,"featured_media":400584,"comment_status":"closed","ping_status":"closed","sticky":false,"template":"","format":"standard","meta":{"om_disable_all_campaigns":false,"_monsterinsights_skip_tracking":false,"_monsterinsights_sitenote_active":false,"_monsterinsights_sitenote_note":"","_monsterinsights_sitenote_category":0},"categories":[26],"tags":[],"aioseo_notices":[],"gutentor_comment":0,"rttpg_featured_image_url":{"full":["https:\/\/arantv.az\/wp-content\/uploads\/2021\/11\/993862.jpg",800,600,false],"landscape":["https:\/\/arantv.az\/wp-content\/uploads\/2021\/11\/993862.jpg",800,600,false],"portraits":["https:\/\/arantv.az\/wp-content\/uploads\/2021\/11\/993862.jpg",800,600,false],"thumbnail":["https:\/\/arantv.az\/wp-content\/uploads\/2021\/11\/993862-500x280.jpg",500,280,true],"medium":["https:\/\/arantv.az\/wp-content\/uploads\/2021\/11\/993862-487x365.jpg",487,365,true],"large":["https:\/\/arantv.az\/wp-content\/uploads\/2021\/11\/993862.jpg",640,480,false],"1536x1536":["https:\/\/arantv.az\/wp-content\/uploads\/2021\/11\/993862.jpg",800,600,false],"2048x2048":["https:\/\/arantv.az\/wp-content\/uploads\/2021\/11\/993862.jpg",800,600,false],"post-thumbnail":["https:\/\/arantv.az\/wp-content\/uploads\/2021\/11\/993862-240x172.jpg",240,172,true],"advps-thumb-one":["https:\/\/arantv.az\/wp-content\/uploads\/2021\/11\/993862.jpg",800,600,false]},"rttpg_author":{"display_name":"V\u00fcsal Rafiqo\u011flu","author_link":"https:\/\/arantv.az\/?author=2"},"rttpg_comment":0,"rttpg_category":"<a href=\"https:\/\/arantv.az\/?cat=26\" rel=\"category\">Sosial<\/a>","rttpg_excerpt":"V\u0259t\u0259n m\u00fcharib\u0259sind\u0259 igidlik g\u00f6st\u0259r\u0259n q\u0259hr\u0259manlar\u0131m\u0131z\u0131 tan\u0131tma\u011fa davam edirik. S\u0131radak\u0131 q\u0259hr\u0259man\u0131m\u0131z F\u00fczulid\u0259 d\u00fc\u015fm\u0259nin xeyli sayda canl\u0131 q\u00fcvv\u0259sini m\u0259hv ed\u0259n mayor Vidadi \u00a0\u018fhm\u0259dovdur. Q\u0259hr\u0259man zabitimiz \u015f\u0259had\u0259tind\u0259n sonra &#8221;v\u0259t\u0259n u\u011frunda&#8221; v\u0259 &#8221;igidliy\u0259 g\u00f6r\u0259&#8221; medallar\u0131 il\u0259 t\u0259ltif edilib. ARANTV.AZ\u00a0 X\u0259z\u0259r TV-y\u0259 istinad\u0259n x\u0259b\u0259r verir ki, 44 g\u00fcnl\u00fck v\u0259t\u0259n m\u00fcharib\u0259sind\u0259 i\u015f\u011fal alt\u0131nda olan torpaqlar\u0131m\u0131z\u0131 d\u00fc\u015fm\u0259nd\u0259n geri alan q\u0259hr\u0259manlar\u0131m\u0131zdan biri d\u0259&hellip;","_links":{"self":[{"href":"https:\/\/arantv.az\/index.php?rest_route=\/wp\/v2\/posts\/400583"}],"collection":[{"href":"https:\/\/arantv.az\/index.php?rest_route=\/wp\/v2\/posts"}],"about":[{"href":"https:\/\/arantv.az\/index.php?rest_route=\/wp\/v2\/types\/post"}],"author":[{"embeddable":true,"href":"https:\/\/arantv.az\/index.php?rest_route=\/wp\/v2\/users\/2"}],"replies":[{"embeddable":true,"href":"https:\/\/arantv.az\/index.php?rest_route=%2Fwp%2Fv2%2Fcomments&post=400583"}],"version-history":[{"count":0,"href":"https:\/\/arantv.az\/index.php?rest_route=\/wp\/v2\/posts\/400583\/revisions"}],"wp:featuredmedia":[{"embeddable":true,"href":"https:\/\/arantv.az\/index.php?rest_route=\/wp\/v2\/media\/400584"}],"wp:attachment":[{"href":"https:\/\/arantv.az\/index.php?rest_route=%2Fwp%2Fv2%2Fmedia&parent=400583"}],"wp:term":[{"taxonomy":"category","embeddable":true,"href":"https:\/\/arantv.az\/index.php?rest_route=%2Fwp%2Fv2%2Fcategories&post=400583"},{"taxonomy":"post_tag","embeddable":true,"href":"https:\/\/arantv.az\/index.php?rest_route=%2Fwp%2Fv2%2Ftags&post=400583"}],"curies":[{"name":"wp","href":"https:\/\/api.w.org\/{rel}","templated":true}]}}