{"id":400589,"date":"2021-11-06T13:26:13","date_gmt":"2021-11-06T10:26:13","guid":{"rendered":"http:\/\/arantv.az\/?p=400589"},"modified":"2021-11-06T13:26:13","modified_gmt":"2021-11-06T10:26:13","slug":"biz-sulh-muqavil%c9%99sinin-imzalanmasina-iddialiyiq-hikm%c9%99t-haciyev","status":"publish","type":"post","link":"https:\/\/arantv.az\/?p=400589","title":{"rendered":"Biz s\u00fclh m\u00fcqavil\u0259sinin imzalanmas\u0131na iddial\u0131y\u0131q &#8211; Hikm\u0259t Hac\u0131yev"},"content":{"rendered":"<p><strong>Az\u0259rbaycan torpaqlar\u0131 i\u015f\u011falda idi, ancaq art\u0131q b\u00fct\u00fcn bunlar d\u0259yi\u015fib, Az\u0259rbaycan\u0131n u\u011furlu \u0259m\u0259liyyat\u0131 n\u0259tic\u0259sind\u0259 erm\u0259nil\u0259ri s\u00fclh\u0259 m\u0259cbur etdi v\u0259 \u00f6z \u0259razi b\u00fct\u00f6vl\u00fcy\u00fcn\u00fc t\u0259min etdi.<\/strong><\/p>\n<p><strong>ARANTV.AZ<\/strong> <a href=\"https:\/\/az.trend.az\/\" target=\"_blank\" rel=\"noopener\">Trend<\/a>-\u0259 istinad\u0259n bildirir ki,\u00a0bunu &#8220;COVID-19-dan sonrak\u0131 d\u00fcnya&#8221; m\u00f6vzusunda VIII Qlobal Bak\u0131 Forumunda &#8220;C\u0259nubi Qafqaz:Regional inki\u015faf v\u0259 \u0259m\u0259kda\u015fl\u0131q perspektivl\u0259ri&#8221; m\u00f6vzusunda paneld\u0259 \u00e7\u0131x\u0131\u015f ed\u0259n Az\u0259rbaycan Prezidentinin k\u00f6m\u0259k\u00e7isi Hikm\u0259t Hac\u0131yev deyib.<\/p>\n<p>O qeyd edib ki, Minsk qrupunun s\u0259yl\u0259rin\u0259 baxmayaraq m\u00fcnaqi\u015f\u0259nin h\u0259llind\u0259 he\u00e7 bir n\u0259tic\u0259y\u0259 g\u0259linm\u0259di: &#8220;Art\u0131q Da\u011fl\u0131q Qaraba\u011f m\u00fcnaqi\u015f\u0259sin\u0259 son qoyuldu. \u0130ndi bu m\u00fcnaqi\u015f\u0259 Az\u0259rbaycan\u0131n g\u00fcnd\u0259min\u0259 daxil deyil. Azrbaycanla Erm\u0259nistan aras\u0131nda birba\u015fa \u0259laq\u0259 yoxdur. Lakin n\u0259qliyyat infrastukturnun, o c\u00fcml\u0259d\u0259n Z\u0259ng\u0259zur d\u0259hlizinin a\u00e7\u0131lmas\u0131 istiqam\u0259tind\u0259 \u00e7al\u0131\u015f\u0131r\u0131q. Az\u0259rbaycan Erm\u0259nistanla s\u00fclh m\u00fcqavil\u0259sinin imzalanmas\u0131n\u0131 t\u0259klif etdi. Biz s\u00fclh m\u00fcqavil\u0259sinin imzalanmas\u0131na iddial\u0131y\u0131q. Bu c\u00fcr n\u00fcmunl\u0259r d\u00fcnyada var, misal \u00fc\u00e7\u00fcn Almaniya il\u0259 Fransa aras\u0131nda imzalanan s\u00fclh m\u00fcqavil\u0259si. Biz s\u00fclh m\u00fcqavil\u0259si imzalamaqla regionda s\u00fch\u00fc t\u0259min ed\u0259 bil\u0259rik&#8221;.<\/p>\n","protected":false},"excerpt":{"rendered":"<p>Az\u0259rbaycan torpaqlar\u0131 i\u015f\u011falda idi, ancaq art\u0131q b\u00fct\u00fcn bunlar d\u0259yi\u015fib, Az\u0259rbaycan\u0131n u\u011furlu \u0259m\u0259liyyat\u0131 n\u0259tic\u0259sind\u0259 erm\u0259nil\u0259ri s\u00fclh\u0259 m\u0259cbur etdi v\u0259 \u00f6z \u0259razi b\u00fct\u00f6vl\u00fcy\u00fcn\u00fc t\u0259min etdi. ARANTV.AZ Trend-\u0259 istinad\u0259n bildirir ki,\u00a0bunu &#8220;COVID-19-dan sonrak\u0131 d\u00fcnya&#8221; m\u00f6vzusunda VIII Qlobal Bak\u0131 Forumunda &#8220;C\u0259nubi Qafqaz:Regional inki\u015faf v\u0259 \u0259m\u0259kda\u015fl\u0131q perspektivl\u0259ri&#8221; m\u00f6vzusunda paneld\u0259 \u00e7\u0131x\u0131\u015f ed\u0259n Az\u0259rbaycan Prezidentinin k\u00f6m\u0259k\u00e7isi Hikm\u0259t Hac\u0131yev deyib. O qeyd edib ki, Minsk qrupunun s\u0259yl\u0259rin\u0259 baxmayaraq m\u00fcnaqi\u015f\u0259nin h\u0259llind\u0259 he\u00e7 bir n\u0259tic\u0259y\u0259 g\u0259linm\u0259di: &#8220;Art\u0131q Da\u011fl\u0131q Qaraba\u011f m\u00fcnaqi\u015f\u0259sin\u0259 son qoyuldu. \u0130ndi bu m\u00fcnaqi\u015f\u0259 Az\u0259rbaycan\u0131n g\u00fcnd\u0259min\u0259 daxil deyil. Azrbaycanla Erm\u0259nistan aras\u0131nda birba\u015fa \u0259laq\u0259 yoxdur. Lakin n\u0259qliyyat infrastukturnun, o c\u00fcml\u0259d\u0259n&hellip;<\/p>\n","protected":false},"author":2,"featured_media":400590,"comment_status":"closed","ping_status":"closed","sticky":false,"template":"","format":"standard","meta":{"om_disable_all_campaigns":false,"_monsterinsights_skip_tracking":false,"_monsterinsights_sitenote_active":false,"_monsterinsights_sitenote_note":"","_monsterinsights_sitenote_category":0},"categories":[4],"tags":[],"aioseo_notices":[],"gutentor_comment":0,"rttpg_featured_image_url":{"full":["https:\/\/arantv.az\/wp-content\/uploads\/2021\/11\/993635.jpg",800,600,false],"landscape":["https:\/\/arantv.az\/wp-content\/uploads\/2021\/11\/993635.jpg",800,600,false],"portraits":["https:\/\/arantv.az\/wp-content\/uploads\/2021\/11\/993635.jpg",800,600,false],"thumbnail":["https:\/\/arantv.az\/wp-content\/uploads\/2021\/11\/993635-500x280.jpg",500,280,true],"medium":["https:\/\/arantv.az\/wp-content\/uploads\/2021\/11\/993635-487x365.jpg",487,365,true],"large":["https:\/\/arantv.az\/wp-content\/uploads\/2021\/11\/993635.jpg",640,480,false],"1536x1536":["https:\/\/arantv.az\/wp-content\/uploads\/2021\/11\/993635.jpg",800,600,false],"2048x2048":["https:\/\/arantv.az\/wp-content\/uploads\/2021\/11\/993635.jpg",800,600,false],"post-thumbnail":["https:\/\/arantv.az\/wp-content\/uploads\/2021\/11\/993635-240x172.jpg",240,172,true],"advps-thumb-one":["https:\/\/arantv.az\/wp-content\/uploads\/2021\/11\/993635.jpg",800,600,false]},"rttpg_author":{"display_name":"V\u00fcsal Rafiqo\u011flu","author_link":"https:\/\/arantv.az\/?author=2"},"rttpg_comment":0,"rttpg_category":"<a href=\"https:\/\/arantv.az\/?cat=4\" rel=\"category\">Siyas\u0259t<\/a>","rttpg_excerpt":"Az\u0259rbaycan torpaqlar\u0131 i\u015f\u011falda idi, ancaq art\u0131q b\u00fct\u00fcn bunlar d\u0259yi\u015fib, Az\u0259rbaycan\u0131n u\u011furlu \u0259m\u0259liyyat\u0131 n\u0259tic\u0259sind\u0259 erm\u0259nil\u0259ri s\u00fclh\u0259 m\u0259cbur etdi v\u0259 \u00f6z \u0259razi b\u00fct\u00f6vl\u00fcy\u00fcn\u00fc t\u0259min etdi. ARANTV.AZ Trend-\u0259 istinad\u0259n bildirir ki,\u00a0bunu &#8220;COVID-19-dan sonrak\u0131 d\u00fcnya&#8221; m\u00f6vzusunda VIII Qlobal Bak\u0131 Forumunda &#8220;C\u0259nubi Qafqaz:Regional inki\u015faf v\u0259 \u0259m\u0259kda\u015fl\u0131q perspektivl\u0259ri&#8221; m\u00f6vzusunda paneld\u0259 \u00e7\u0131x\u0131\u015f ed\u0259n Az\u0259rbaycan Prezidentinin k\u00f6m\u0259k\u00e7isi Hikm\u0259t Hac\u0131yev deyib. O qeyd edib&hellip;","_links":{"self":[{"href":"https:\/\/arantv.az\/index.php?rest_route=\/wp\/v2\/posts\/400589"}],"collection":[{"href":"https:\/\/arantv.az\/index.php?rest_route=\/wp\/v2\/posts"}],"about":[{"href":"https:\/\/arantv.az\/index.php?rest_route=\/wp\/v2\/types\/post"}],"author":[{"embeddable":true,"href":"https:\/\/arantv.az\/index.php?rest_route=\/wp\/v2\/users\/2"}],"replies":[{"embeddable":true,"href":"https:\/\/arantv.az\/index.php?rest_route=%2Fwp%2Fv2%2Fcomments&post=400589"}],"version-history":[{"count":0,"href":"https:\/\/arantv.az\/index.php?rest_route=\/wp\/v2\/posts\/400589\/revisions"}],"wp:featuredmedia":[{"embeddable":true,"href":"https:\/\/arantv.az\/index.php?rest_route=\/wp\/v2\/media\/400590"}],"wp:attachment":[{"href":"https:\/\/arantv.az\/index.php?rest_route=%2Fwp%2Fv2%2Fmedia&parent=400589"}],"wp:term":[{"taxonomy":"category","embeddable":true,"href":"https:\/\/arantv.az\/index.php?rest_route=%2Fwp%2Fv2%2Fcategories&post=400589"},{"taxonomy":"post_tag","embeddable":true,"href":"https:\/\/arantv.az\/index.php?rest_route=%2Fwp%2Fv2%2Ftags&post=400589"}],"curies":[{"name":"wp","href":"https:\/\/api.w.org\/{rel}","templated":true}]}}