{"id":400592,"date":"2021-11-06T13:27:01","date_gmt":"2021-11-06T10:27:01","guid":{"rendered":"http:\/\/arantv.az\/?p=400592"},"modified":"2021-11-06T13:27:01","modified_gmt":"2021-11-06T10:27:01","slug":"ombudsman-beyn%c9%99lxalq-t%c9%99skilatlari-erm%c9%99nistanla-bagli-t%c9%99dbirl%c9%99r-gorm%c9%99y%c9%99-cagirib","status":"publish","type":"post","link":"https:\/\/arantv.az\/?p=400592","title":{"rendered":"Ombudsman beyn\u0259lxalq t\u0259\u015fkilatlar\u0131 Erm\u0259nistanla ba\u011fl\u0131 t\u0259dbirl\u0259r g\u00f6rm\u0259y\u0259 \u00e7a\u011f\u0131r\u0131b"},"content":{"rendered":"<p>Az\u0259rbaycan Respublikas\u0131n\u0131n \u0130nsan H\u00fcquqlar\u0131 \u00fczr\u0259 M\u00fcv\u0259kkili S\u0259bin\u0259 \u018fliyeva 6 noyabr M\u00fcharib\u0259 v\u0259 Silahl\u0131 M\u00fcnaqi\u015f\u0259l\u0259r Zaman\u0131 \u018ftraf M\u00fchitin \u0130stismar\u0131n\u0131n Qar\u015f\u0131s\u0131n\u0131n Al\u0131nmas\u0131 Beyn\u0259lxalq G\u00fcn\u00fc il\u0259 ba\u011fl\u0131 b\u0259yanat yay\u0131b.<\/p>\n<p><strong>ARANTV.AZ<\/strong>\u00a0 x\u0259b\u0259r verir ki, b\u0259yanatda deyilir:<\/p>\n<p>&#8220;Erm\u0259nistan\u0131n h\u0259rbi t\u0259cav\u00fcz\u00fc n\u0259tic\u0259sind\u0259 Az\u0259rbaycan Respublikas\u0131n\u0131n t\u0259bi\u0259tin\u0259, bioloji m\u00fcxt\u0259lifliyin\u0259, flora v\u0259 faunas\u0131na, su m\u0259nb\u0259l\u0259rin\u0259, \u00fcmumilikd\u0259 i\u015f\u011fal alt\u0131nda olmu\u015f \u0259razil\u0259rin ekologiyas\u0131na, regionun ekosistemin\u0259 ciddi ziyan vurulmaqla beyn\u0259lxalq ekoloji cinay\u0259tl\u0259r (ekosid) t\u00f6r\u0259dilmi\u015fdir.<\/p>\n<p>Erm\u0259nistan Az\u0259rbaycana qar\u015f\u0131 h\u0259yata ke\u00e7irdiyi h\u0259rbi t\u0259cav\u00fcz v\u0259 i\u015f\u011fal zaman\u0131 m\u00fclki \u0259hali il\u0259 yana\u015f\u0131, flora v\u0259 faunan\u0131n, \u0259traf m\u00fchitin bioloji m\u00fcxt\u0259lifliyinin n\u00fcmun\u0259l\u0259rini d\u0259 h\u0259d\u0259f se\u00e7mi\u015fdir. 30 il\u0259 yax\u0131n i\u015f\u011fal m\u00fcdd\u0259tind\u0259 \u00f6lk\u0259mizin ekoloji sistemi m\u0259qs\u0259dli olaraq m\u0259hv edilmi\u015fdir.<\/p>\n<p>Erm\u0259nistan Respublikas\u0131 t\u0259r\u0259fdar \u00e7\u0131xd\u0131\u011f\u0131 &#8220;\u018ftraf m\u00fchit\u0259 ist\u0259nil\u0259n h\u0259rbi v\u0259 ya d\u00fc\u015fm\u0259nc\u0259sin\u0259 t\u0259sir vasit\u0259l\u0259rind\u0259n istifad\u0259nin qada\u011fan edilm\u0259si haqq\u0131nda&#8221; 1976-c\u0131 il tarixli Konvensiya, &#8220;T\u0259hl\u00fck\u0259li tullant\u0131lar\u0131n s\u0259rh\u0259dl\u0259raras\u0131 da\u015f\u0131nmas\u0131na v\u0259 k\u0259narla\u015fd\u0131r\u0131lmas\u0131na n\u0259zar\u0259t haqq\u0131nda&#8221; 1989-cu il tarixli Bazel Konvensiyas\u0131, &#8220;S\u0259naye q\u0259zalar\u0131n\u0131n transs\u0259rh\u0259d t\u0259siri haqq\u0131nda&#8221; 1992-ci il tarixli Konvensiyav\u0259 dig\u0259r beyn\u0259lxalq m\u00fcqavil\u0259l\u0259r \u00fczr\u0259 \u00f6hd\u0259likl\u0259rin\u0259 m\u0259qs\u0259dli \u015f\u0259kild\u0259 \u0259m\u0259l etmir. T\u0259sad\u00fcfi deyildir ki, Erm\u0259nistan &#8220;Transs\u0259rh\u0259d suax\u0131nlar\u0131n\u0131n v\u0259 beyn\u0259lxalq g\u00f6ll\u0259rin m\u00fchafiz\u0259si v\u0259 istifad\u0259sin\u0259 dair&#8221; 1992-ci il tarixli Konvensiyan\u0131 ratifikasiya etm\u0259kd\u0259n d\u0259 q\u0259r\u0259zli \u015f\u0259kild\u0259 yay\u0131n\u0131r.<br \/>\nBMT Ba\u015f Assambleyas\u0131 t\u0259r\u0259find\u0259n 2006-c\u0131 ild\u0259 q\u0259bul edilmi\u015f &#8220;Az\u0259rbaycan\u0131n i\u015f\u011fal olunmu\u015f \u0259razil\u0259rind\u0259 v\u0259ziyy\u0259t&#8221; adl\u0131 Q\u0259tnam\u0259d\u0259 i\u015f\u011fal alt\u0131nda olan Az\u0259rbaycan torpaqlar\u0131nda t\u00f6r\u0259dilmi\u015f yan\u011f\u0131nlar\u0131n regionun ekoloji t\u0259hl\u00fck\u0259sizliyin\u0259 t\u0259sirinin qiym\u0259tl\u0259ndirilm\u0259si m\u0259s\u0259l\u0259si qald\u0131r\u0131lm\u0131\u015f, 2016-c\u0131 ild\u0259 Avropa \u015euras\u0131 Parlament Assambleyas\u0131 t\u0259r\u0259find\u0259n q\u0259bul olunmu\u015f Az\u0259rbaycan\u0131n s\u0259rh\u0259dyan\u0131 rayonlar\u0131n\u0131n sakinl\u0259rinin q\u0259sd\u0259n sudan m\u0259hrum edilm\u0259si il\u0259 ba\u011fl\u0131 2085 n\u00f6mr\u0259li q\u0259tnam\u0259d\u0259 Erm\u0259nistan silahl\u0131 q\u00fcvv\u0259l\u0259rinin s\u00f6z\u00fcged\u0259n regiondan d\u0259rhal \u00e7\u0131xar\u0131lmas\u0131, m\u00fcst\u0259qil m\u00fch\u0259ndis v\u0259 hidroloqlar t\u0259r\u0259find\u0259n yerind\u0259 t\u0259hqiqat apar\u0131lmas\u0131n\u0131n t\u0259min edilm\u0259si t\u0259l\u0259b olunmu\u015fdur.<\/p>\n<p>G\u00f6st\u0259ril\u0259n faktlar Erm\u0259nistan\u0131n Az\u0259rbaycana qar\u015f\u0131 i\u015f\u011fal v\u0259ekoloji terror siyas\u0259ti n\u0259tic\u0259sind\u0259 \u00f6lk\u0259mizin su ehtiyatlar\u0131na, flora v\u0259 faunas\u0131na ciddi z\u0259r\u0259r vuruldu\u011funu s\u00fcbut edir. Az\u0259rbaycan\u0131n i\u015f\u011fal alt\u0131nda olan \u0259razil\u0259rind\u0259 uzun ill\u0259r \u0259rzind\u0259 me\u015f\u0259l\u0259r q\u0131r\u0131lm\u0131\u015f, yan\u011f\u0131nlar t\u00f6r\u0259dil\u0259r\u0259k, me\u015f\u0259 fondu m\u0259hv edilmi\u015f, Az\u0259rbaycan\u0131n v\u0259 regionun ekosistemin\u0259 h\u0259l\u0259 uzun m\u00fcdd\u0259t b\u0259rpa edilm\u0259si m\u00fcmk\u00fcn olmayacaq ziyan vurulmu\u015fdur. \u0130\u015f\u011fal ill\u0259rind\u0259 x\u00fcsusil\u0259 otlaq, bi\u00e7\u0259n\u0259k v\u0259 me\u015f\u0259l\u0259rin yand\u0131r\u0131lmas\u0131, qanunsuz ov etm\u0259 hallar\u0131 \u0259razid\u0259 ya\u015fayan canl\u0131lar\u0131n m\u0259hv olmas\u0131na v\u0259 ya \u0259razid\u0259n miqrasiya etm\u0259sin\u0259 s\u0259b\u0259b olmu\u015fdur.<\/p>\n<p>\u0130\u015f\u011fal d\u00f6vr\u00fcnd\u0259 Az\u0259rbaycan Respublikas\u0131n\u0131n t\u0259bii s\u0259rv\u0259tl\u0259ritalanm\u0131\u015f, he\u00e7 bir ekoloji normag\u00f6zl\u0259nilm\u0259d\u0259n qanunsuz \u015f\u0259kild\u0259 istehsal sah\u0259l\u0259ri yarad\u0131lmaqla istismar edilmi\u015fdir.<\/p>\n<p>2020-ci ilin 10 noyabr\u0131nda q\u0259bul edilmi\u015f v\u0259 m\u00fcharib\u0259y\u0259 son qoymu\u015f \u00dc\u00e7t\u0259r\u0259fli B\u0259yanata \u0259sas\u0259n azad edil\u0259n rayon v\u0259 \u015f\u0259h\u0259rl\u0259rimizi t\u0259rk ed\u0259rk\u0259n erm\u0259nil\u0259r t\u0259r\u0259find\u0259n t\u00f6r\u0259dilmi\u015f yan\u011f\u0131nlar v\u0259 da\u011f\u0131nt\u0131lar, ekologiyan\u0131n m\u0259hvin\u0259 y\u00f6n\u0259ldilmi\u015f siyas\u0259t region \u00fc\u00e7\u00fcn m\u00fch\u00fcm t\u0259hl\u00fck\u0259 m\u0259nb\u0259yi olmaqla ciddi narahatl\u0131q do\u011furmu\u015fdur.<\/p>\n<p>Eyni zamanda, uzun ill\u0259r \u0259zind\u0259 i\u015f\u011fal alt\u0131nda olan \u0259razil\u0259rd\u0259n axan \u00e7aylar Erm\u0259nistan t\u0259r\u0259find\u0259n m\u00fcxt\u0259lif m\u0259n\u015f\u0259li tullant\u0131larv\u0259 \u00e7irkab sular\u0131 il\u0259 \u00e7irkl\u0259ndirilmi\u015fdir. Erm\u0259nistan\u0131n h\u0259rbi-siyasi r\u0259hb\u0259rliyisu resurslar\u0131ndan siyasi t\u0259sir v\u0259 ya t\u0259zyiq al\u0259ti kimi istifad\u0259 etmi\u015fdir.Erm\u0259nistan \u0259razisind\u0259 yerl\u0259\u015f\u0259n Qacaran mis-molibden, Qafan mis filizsafla\u015fd\u0131rma kombinatlar\u0131n\u0131n kimy\u0259vi \u00e7irkli sular\u0131 v\u0259 Qafan, Qacaran \u015f\u0259h\u0259rl\u0259rinin, habel\u0259 k\u0259ndl\u0259rin, x\u0259st\u0259xanalar\u0131n, k\u0259nd t\u0259s\u0259rr\u00fcfat\u0131 obyektl\u0259rinin bioloji\u00e7irkli sular\u0131 t\u0259mizl\u0259nm\u0259d\u0259n (z\u0259r\u0259rsizl\u0259\u015fdirilm\u0259d\u0259n) birba\u015fa Ox\u00e7u\u00e7aya burax\u0131l\u0131r ki, bu da \u00e7ay h\u00f6vz\u0259sini &#8220;\u00d6l\u00fc zonaya&#8221; \u00e7evirmi\u015fdir.<\/p>\n<p>Bu bax\u0131mdan 6 noyabr &#8211; M\u00fcharib\u0259 v\u0259 Silahl\u0131 M\u00fcnaqi\u015f\u0259l\u0259r Zaman\u0131 \u018ftraf M\u00fchitin \u0130stismar\u0131n\u0131n Qar\u015f\u0131s\u0131n\u0131n Al\u0131nmas\u0131 Beyn\u0259lxalq G\u00fcn\u00fc \u0259r\u0259f\u0259sind\u0259 beyn\u0259lxalq qurumlara, o c\u00fcml\u0259d\u0259n ekologiya v\u0259 \u0259traf m\u00fchitin m\u00fchafiz\u0259si sah\u0259sind\u0259 f\u0259aliyy\u0259t g\u00f6st\u0259r\u0259n beyn\u0259lxalq v\u0259 regional t\u0259\u015fkilatlara m\u00fcraci\u0259t ed\u0259r\u0259k, Erm\u0259nistan t\u0259r\u0259find\u0259n t\u00f6r\u0259dilmi\u015f ekoloji terrorun n\u0259tic\u0259l\u0259rinin aradan qald\u0131r\u0131lmas\u0131na d\u0259st\u0259k verm\u0259y\u0259, h\u0259min ekoloji cinay\u0259tl\u0259ri t\u00f6r\u0259tmi\u015f \u015f\u0259xsl\u0259rin beyn\u0259lxalq h\u00fcquqi m\u0259suliyy\u0259t\u0259 c\u0259lb edilm\u0259si istiqam\u0259tind\u0259 t\u0259dbirl\u0259r g\u00f6rm\u0259y\u0259 \u00e7a\u011f\u0131r\u0131ram&#8221;.<\/p>\n","protected":false},"excerpt":{"rendered":"<p>Az\u0259rbaycan Respublikas\u0131n\u0131n \u0130nsan H\u00fcquqlar\u0131 \u00fczr\u0259 M\u00fcv\u0259kkili S\u0259bin\u0259 \u018fliyeva 6 noyabr M\u00fcharib\u0259 v\u0259 Silahl\u0131 M\u00fcnaqi\u015f\u0259l\u0259r Zaman\u0131 \u018ftraf M\u00fchitin \u0130stismar\u0131n\u0131n Qar\u015f\u0131s\u0131n\u0131n Al\u0131nmas\u0131 Beyn\u0259lxalq G\u00fcn\u00fc il\u0259 ba\u011fl\u0131 b\u0259yanat yay\u0131b. ARANTV.AZ\u00a0 x\u0259b\u0259r verir ki, b\u0259yanatda deyilir: &#8220;Erm\u0259nistan\u0131n h\u0259rbi t\u0259cav\u00fcz\u00fc n\u0259tic\u0259sind\u0259 Az\u0259rbaycan Respublikas\u0131n\u0131n t\u0259bi\u0259tin\u0259, bioloji m\u00fcxt\u0259lifliyin\u0259, flora v\u0259 faunas\u0131na, su m\u0259nb\u0259l\u0259rin\u0259, \u00fcmumilikd\u0259 i\u015f\u011fal alt\u0131nda olmu\u015f \u0259razil\u0259rin ekologiyas\u0131na, regionun ekosistemin\u0259 ciddi ziyan vurulmaqla beyn\u0259lxalq ekoloji cinay\u0259tl\u0259r (ekosid) t\u00f6r\u0259dilmi\u015fdir. Erm\u0259nistan Az\u0259rbaycana qar\u015f\u0131 h\u0259yata ke\u00e7irdiyi h\u0259rbi t\u0259cav\u00fcz v\u0259 i\u015f\u011fal zaman\u0131 m\u00fclki \u0259hali il\u0259 yana\u015f\u0131, flora v\u0259 faunan\u0131n, \u0259traf m\u00fchitin bioloji m\u00fcxt\u0259lifliyinin n\u00fcmun\u0259l\u0259rini d\u0259 h\u0259d\u0259f se\u00e7mi\u015fdir. 30 il\u0259 yax\u0131n&hellip;<\/p>\n","protected":false},"author":2,"featured_media":400593,"comment_status":"closed","ping_status":"closed","sticky":false,"template":"","format":"standard","meta":{"om_disable_all_campaigns":false,"_monsterinsights_skip_tracking":false,"_monsterinsights_sitenote_active":false,"_monsterinsights_sitenote_note":"","_monsterinsights_sitenote_category":0},"categories":[4],"tags":[],"aioseo_notices":[],"gutentor_comment":0,"rttpg_featured_image_url":{"full":["https:\/\/arantv.az\/wp-content\/uploads\/2021\/11\/993835.jpg",800,600,false],"landscape":["https:\/\/arantv.az\/wp-content\/uploads\/2021\/11\/993835.jpg",800,600,false],"portraits":["https:\/\/arantv.az\/wp-content\/uploads\/2021\/11\/993835.jpg",800,600,false],"thumbnail":["https:\/\/arantv.az\/wp-content\/uploads\/2021\/11\/993835-500x280.jpg",500,280,true],"medium":["https:\/\/arantv.az\/wp-content\/uploads\/2021\/11\/993835-487x365.jpg",487,365,true],"large":["https:\/\/arantv.az\/wp-content\/uploads\/2021\/11\/993835.jpg",640,480,false],"1536x1536":["https:\/\/arantv.az\/wp-content\/uploads\/2021\/11\/993835.jpg",800,600,false],"2048x2048":["https:\/\/arantv.az\/wp-content\/uploads\/2021\/11\/993835.jpg",800,600,false],"post-thumbnail":["https:\/\/arantv.az\/wp-content\/uploads\/2021\/11\/993835-240x172.jpg",240,172,true],"advps-thumb-one":["https:\/\/arantv.az\/wp-content\/uploads\/2021\/11\/993835.jpg",800,600,false]},"rttpg_author":{"display_name":"V\u00fcsal Rafiqo\u011flu","author_link":"https:\/\/arantv.az\/?author=2"},"rttpg_comment":0,"rttpg_category":"<a href=\"https:\/\/arantv.az\/?cat=4\" rel=\"category\">Siyas\u0259t<\/a>","rttpg_excerpt":"Az\u0259rbaycan Respublikas\u0131n\u0131n \u0130nsan H\u00fcquqlar\u0131 \u00fczr\u0259 M\u00fcv\u0259kkili S\u0259bin\u0259 \u018fliyeva 6 noyabr M\u00fcharib\u0259 v\u0259 Silahl\u0131 M\u00fcnaqi\u015f\u0259l\u0259r Zaman\u0131 \u018ftraf M\u00fchitin \u0130stismar\u0131n\u0131n Qar\u015f\u0131s\u0131n\u0131n Al\u0131nmas\u0131 Beyn\u0259lxalq G\u00fcn\u00fc il\u0259 ba\u011fl\u0131 b\u0259yanat yay\u0131b. ARANTV.AZ\u00a0 x\u0259b\u0259r verir ki, b\u0259yanatda deyilir: &#8220;Erm\u0259nistan\u0131n h\u0259rbi t\u0259cav\u00fcz\u00fc n\u0259tic\u0259sind\u0259 Az\u0259rbaycan Respublikas\u0131n\u0131n t\u0259bi\u0259tin\u0259, bioloji m\u00fcxt\u0259lifliyin\u0259, flora v\u0259 faunas\u0131na, su m\u0259nb\u0259l\u0259rin\u0259, \u00fcmumilikd\u0259 i\u015f\u011fal alt\u0131nda olmu\u015f \u0259razil\u0259rin ekologiyas\u0131na, regionun ekosistemin\u0259 ciddi&hellip;","_links":{"self":[{"href":"https:\/\/arantv.az\/index.php?rest_route=\/wp\/v2\/posts\/400592"}],"collection":[{"href":"https:\/\/arantv.az\/index.php?rest_route=\/wp\/v2\/posts"}],"about":[{"href":"https:\/\/arantv.az\/index.php?rest_route=\/wp\/v2\/types\/post"}],"author":[{"embeddable":true,"href":"https:\/\/arantv.az\/index.php?rest_route=\/wp\/v2\/users\/2"}],"replies":[{"embeddable":true,"href":"https:\/\/arantv.az\/index.php?rest_route=%2Fwp%2Fv2%2Fcomments&post=400592"}],"version-history":[{"count":0,"href":"https:\/\/arantv.az\/index.php?rest_route=\/wp\/v2\/posts\/400592\/revisions"}],"wp:featuredmedia":[{"embeddable":true,"href":"https:\/\/arantv.az\/index.php?rest_route=\/wp\/v2\/media\/400593"}],"wp:attachment":[{"href":"https:\/\/arantv.az\/index.php?rest_route=%2Fwp%2Fv2%2Fmedia&parent=400592"}],"wp:term":[{"taxonomy":"category","embeddable":true,"href":"https:\/\/arantv.az\/index.php?rest_route=%2Fwp%2Fv2%2Fcategories&post=400592"},{"taxonomy":"post_tag","embeddable":true,"href":"https:\/\/arantv.az\/index.php?rest_route=%2Fwp%2Fv2%2Ftags&post=400592"}],"curies":[{"name":"wp","href":"https:\/\/api.w.org\/{rel}","templated":true}]}}