{"id":400595,"date":"2021-11-06T13:27:40","date_gmt":"2021-11-06T10:27:40","guid":{"rendered":"http:\/\/arantv.az\/?p=400595"},"modified":"2021-11-06T13:27:40","modified_gmt":"2021-11-06T10:27:40","slug":"qarabag-munaqis%c9%99sin%c9%99-son-qoyulub-artiq-qarabag-az%c9%99rbaycanin-daxili-isidir-hikm%c9%99t-haciyev","status":"publish","type":"post","link":"https:\/\/arantv.az\/?p=400595","title":{"rendered":"Qaraba\u011f m\u00fcnaqi\u015f\u0259sin\u0259 son qoyulub, art\u0131q Qaraba\u011f Az\u0259rbaycan\u0131n daxili i\u015fidir &#8211; Hikm\u0259t Hac\u0131yev"},"content":{"rendered":"<p><strong>Qaraba\u011f m\u00fcnaqi\u015f\u0259sin\u0259 art\u0131q son qoyulub, art\u0131q Qaraba\u011f Az\u0259rbaycan\u0131n daxili i\u015fidir.<\/strong><\/p>\n<p><strong>ARANTV.AZ<\/strong> <a href=\"https:\/\/az.trend.az\/\" target=\"_blank\" rel=\"noopener\">Trend<\/a>-\u0259 istinad\u0259n bildirir ki,\u00a0bu s\u00f6zl\u0259ri VIII Qlobal Bak\u0131 Forumu \u00e7\u0259r\u00e7iv\u0259sind\u0259 ke\u00e7iril\u0259n &#8220;C\u0259nubi Qafqaz: regional inki\u015faf v\u0259 \u0259m\u0259kda\u015fl\u0131q \u00fc\u00e7\u00fcn perspektivl\u0259r&#8221; m\u00f6vzusunda paneld\u0259 Az\u0259rbaycan Respublikas\u0131 Prezidentinin k\u00f6m\u0259k\u00e7isi &#8211; Prezident Administrasiyas\u0131n\u0131n Xarici siyas\u0259t m\u0259s\u0259l\u0259l\u0259ri \u015f\u00f6b\u0259sinin m\u00fcdiri Hikm\u0259t Hac\u0131yev bildirib.<\/p>\n<p>Prezidentin k\u00f6m\u0259k\u00e7isi deyib ki, AT\u018fT-in h\u0259ms\u0259drl\u0259rinin g\u00f6st\u0259rdikl\u0259ri s\u0259yl\u0259r n\u0259tic\u0259 verm\u0259di. Az\u0259rbaycan u\u011furlu \u0259m\u0259liyyat n\u0259tic\u0259sind\u0259 \u0259razil\u0259rini tamamil\u0259 i\u015f\u011faldan azad etdi. \u0130ndi C\u0259nubi Qafqazda yeni v\u0259ziyy\u0259t formala\u015f\u0131r. Az\u0259rbaycan C\u0259nubi Qafqazda G\u00fcrc\u00fcstanla birg\u0259 layih\u0259l\u0259r h\u0259yata ke\u00e7irir, Erm\u0259nistan\u0131n da bu proses\u0259 qo\u015fulmas\u0131n\u0131 ist\u0259yir.<\/p>\n<p>&#8220;Z\u0259ng\u0259zur d\u0259hlizinin a\u00e7\u0131lmas\u0131 regionda n\u0259qliyyat \u0259laq\u0259l\u0259rinin b\u0259rpas\u0131n\u0131 t\u0259min ed\u0259c\u0259k. Az\u0259rbaycan Erm\u0259nistana s\u0259rh\u0259dl\u0259rin delimitasiya v\u0259 demarkasiyas\u0131na ba\u015flanmas\u0131n\u0131, s\u00fclh m\u00fcqavil\u0259sinin imzalanmas\u0131n\u0131 ist\u0259yir&#8221;, &#8211; dey\u0259n Hikm\u0259t Hac\u0131yev \u0259lav\u0259 edib ki, Fransa il\u0259 Almaniya aras\u0131nda oldu\u011fu kimi, Az\u0259rbaycanla Erm\u0259nistan aras\u0131nda da s\u00fclh m\u00fcqavil\u0259si imzalanmas\u0131n\u0131 ist\u0259yirik.<\/p>\n","protected":false},"excerpt":{"rendered":"<p>Qaraba\u011f m\u00fcnaqi\u015f\u0259sin\u0259 art\u0131q son qoyulub, art\u0131q Qaraba\u011f Az\u0259rbaycan\u0131n daxili i\u015fidir. ARANTV.AZ Trend-\u0259 istinad\u0259n bildirir ki,\u00a0bu s\u00f6zl\u0259ri VIII Qlobal Bak\u0131 Forumu \u00e7\u0259r\u00e7iv\u0259sind\u0259 ke\u00e7iril\u0259n &#8220;C\u0259nubi Qafqaz: regional inki\u015faf v\u0259 \u0259m\u0259kda\u015fl\u0131q \u00fc\u00e7\u00fcn perspektivl\u0259r&#8221; m\u00f6vzusunda paneld\u0259 Az\u0259rbaycan Respublikas\u0131 Prezidentinin k\u00f6m\u0259k\u00e7isi &#8211; Prezident Administrasiyas\u0131n\u0131n Xarici siyas\u0259t m\u0259s\u0259l\u0259l\u0259ri \u015f\u00f6b\u0259sinin m\u00fcdiri Hikm\u0259t Hac\u0131yev bildirib. Prezidentin k\u00f6m\u0259k\u00e7isi deyib ki, AT\u018fT-in h\u0259ms\u0259drl\u0259rinin g\u00f6st\u0259rdikl\u0259ri s\u0259yl\u0259r n\u0259tic\u0259 verm\u0259di. Az\u0259rbaycan u\u011furlu \u0259m\u0259liyyat n\u0259tic\u0259sind\u0259 \u0259razil\u0259rini tamamil\u0259 i\u015f\u011faldan azad etdi. \u0130ndi C\u0259nubi Qafqazda yeni v\u0259ziyy\u0259t formala\u015f\u0131r. Az\u0259rbaycan C\u0259nubi Qafqazda G\u00fcrc\u00fcstanla birg\u0259 layih\u0259l\u0259r h\u0259yata ke\u00e7irir, Erm\u0259nistan\u0131n da bu proses\u0259 qo\u015fulmas\u0131n\u0131 ist\u0259yir. &#8220;Z\u0259ng\u0259zur d\u0259hlizinin a\u00e7\u0131lmas\u0131 regionda&hellip;<\/p>\n","protected":false},"author":2,"featured_media":400596,"comment_status":"closed","ping_status":"closed","sticky":false,"template":"","format":"standard","meta":{"om_disable_all_campaigns":false,"_monsterinsights_skip_tracking":false,"_monsterinsights_sitenote_active":false,"_monsterinsights_sitenote_note":"","_monsterinsights_sitenote_category":0},"categories":[4],"tags":[],"aioseo_notices":[],"gutentor_comment":0,"rttpg_featured_image_url":{"full":["https:\/\/arantv.az\/wp-content\/uploads\/2021\/11\/988020.jpg",800,600,false],"landscape":["https:\/\/arantv.az\/wp-content\/uploads\/2021\/11\/988020.jpg",800,600,false],"portraits":["https:\/\/arantv.az\/wp-content\/uploads\/2021\/11\/988020.jpg",800,600,false],"thumbnail":["https:\/\/arantv.az\/wp-content\/uploads\/2021\/11\/988020-500x280.jpg",500,280,true],"medium":["https:\/\/arantv.az\/wp-content\/uploads\/2021\/11\/988020-487x365.jpg",487,365,true],"large":["https:\/\/arantv.az\/wp-content\/uploads\/2021\/11\/988020.jpg",640,480,false],"1536x1536":["https:\/\/arantv.az\/wp-content\/uploads\/2021\/11\/988020.jpg",800,600,false],"2048x2048":["https:\/\/arantv.az\/wp-content\/uploads\/2021\/11\/988020.jpg",800,600,false],"post-thumbnail":["https:\/\/arantv.az\/wp-content\/uploads\/2021\/11\/988020-240x172.jpg",240,172,true],"advps-thumb-one":["https:\/\/arantv.az\/wp-content\/uploads\/2021\/11\/988020.jpg",800,600,false]},"rttpg_author":{"display_name":"V\u00fcsal Rafiqo\u011flu","author_link":"https:\/\/arantv.az\/?author=2"},"rttpg_comment":0,"rttpg_category":"<a href=\"https:\/\/arantv.az\/?cat=4\" rel=\"category\">Siyas\u0259t<\/a>","rttpg_excerpt":"Qaraba\u011f m\u00fcnaqi\u015f\u0259sin\u0259 art\u0131q son qoyulub, art\u0131q Qaraba\u011f Az\u0259rbaycan\u0131n daxili i\u015fidir. ARANTV.AZ Trend-\u0259 istinad\u0259n bildirir ki,\u00a0bu s\u00f6zl\u0259ri VIII Qlobal Bak\u0131 Forumu \u00e7\u0259r\u00e7iv\u0259sind\u0259 ke\u00e7iril\u0259n &#8220;C\u0259nubi Qafqaz: regional inki\u015faf v\u0259 \u0259m\u0259kda\u015fl\u0131q \u00fc\u00e7\u00fcn perspektivl\u0259r&#8221; m\u00f6vzusunda paneld\u0259 Az\u0259rbaycan Respublikas\u0131 Prezidentinin k\u00f6m\u0259k\u00e7isi &#8211; Prezident Administrasiyas\u0131n\u0131n Xarici siyas\u0259t m\u0259s\u0259l\u0259l\u0259ri \u015f\u00f6b\u0259sinin m\u00fcdiri Hikm\u0259t Hac\u0131yev bildirib. Prezidentin k\u00f6m\u0259k\u00e7isi deyib ki, AT\u018fT-in h\u0259ms\u0259drl\u0259rinin g\u00f6st\u0259rdikl\u0259ri s\u0259yl\u0259r&hellip;","_links":{"self":[{"href":"https:\/\/arantv.az\/index.php?rest_route=\/wp\/v2\/posts\/400595"}],"collection":[{"href":"https:\/\/arantv.az\/index.php?rest_route=\/wp\/v2\/posts"}],"about":[{"href":"https:\/\/arantv.az\/index.php?rest_route=\/wp\/v2\/types\/post"}],"author":[{"embeddable":true,"href":"https:\/\/arantv.az\/index.php?rest_route=\/wp\/v2\/users\/2"}],"replies":[{"embeddable":true,"href":"https:\/\/arantv.az\/index.php?rest_route=%2Fwp%2Fv2%2Fcomments&post=400595"}],"version-history":[{"count":0,"href":"https:\/\/arantv.az\/index.php?rest_route=\/wp\/v2\/posts\/400595\/revisions"}],"wp:featuredmedia":[{"embeddable":true,"href":"https:\/\/arantv.az\/index.php?rest_route=\/wp\/v2\/media\/400596"}],"wp:attachment":[{"href":"https:\/\/arantv.az\/index.php?rest_route=%2Fwp%2Fv2%2Fmedia&parent=400595"}],"wp:term":[{"taxonomy":"category","embeddable":true,"href":"https:\/\/arantv.az\/index.php?rest_route=%2Fwp%2Fv2%2Fcategories&post=400595"},{"taxonomy":"post_tag","embeddable":true,"href":"https:\/\/arantv.az\/index.php?rest_route=%2Fwp%2Fv2%2Ftags&post=400595"}],"curies":[{"name":"wp","href":"https:\/\/api.w.org\/{rel}","templated":true}]}}