{"id":400598,"date":"2021-11-06T13:33:26","date_gmt":"2021-11-06T10:33:26","guid":{"rendered":"http:\/\/arantv.az\/?p=400598"},"modified":"2021-11-06T13:33:37","modified_gmt":"2021-11-06T10:33:37","slug":"nyu-yorkda-uzeyir-hacib%c9%99yli-adina-beyn%c9%99lxalq-b%c9%99st%c9%99karlar-musabiq%c9%99sinin-yekun-konserti-kecirildi","status":"publish","type":"post","link":"https:\/\/arantv.az\/?p=400598","title":{"rendered":"Nyu-Yorkda \u00dczeyir Hac\u0131b\u0259yli ad\u0131na Beyn\u0259lxalq B\u0259st\u0259karlar M\u00fcsabiq\u0259sinin yekun konserti ke\u00e7irildi"},"content":{"rendered":"<p>Noyabr\u0131n 5-d\u0259 Nyu-York \u015f\u0259h\u0259rind\u0259ki Linkoln M\u0259rk\u0259zind\u0259 \u00dczeyir Hac\u0131b\u0259yli ad\u0131na Beyn\u0259lxalq B\u0259st\u0259karlar M\u00fcsabiq\u0259sinin yekun konserti ke\u00e7irilib.<\/p>\n<p>Diasporla \u0130\u015f \u00fczr\u0259 D\u00f6vl\u0259t Komit\u0259sind\u0259n veril\u0259n m\u0259lumata g\u00f6r\u0259, t\u0259dbiri giri\u015f s\u00f6z\u00fc il\u0259 Az\u0259rbaycan Respublikas\u0131n\u0131n BMT yan\u0131nda daimi n\u00fcmay\u0259nd\u0259si Ya\u015far \u018fliyev a\u00e7araq, qala-konsertin Az\u0259rbaycan \u00fc\u00e7\u00fcn \u00f6n\u0259mli olan bir tarixd\u0259 &#8211; Z\u0259f\u0259r G\u00fcn\u00fc \u0259r\u0259f\u0259sind\u0259 t\u0259\u015fkil olunmas\u0131n\u0131n x\u00fcsusi \u0259h\u0259miyy\u0259t k\u0259sb etdiyini bildirib v\u0259 h\u0259mv\u0259t\u0259nl\u0259rimizi bu \u0259lam\u0259tdar g\u00fcn m\u00fcnasib\u0259til\u0259 t\u0259brik edib.<\/p>\n<p>Komit\u0259nin s\u0259dri Fuad Muradov \u00e7\u0131x\u0131\u015f\u0131nda Az\u0259rbaycan\u0131n haqq s\u0259sini beyn\u0259lxalq ictimaiyy\u0259t\u0259 \u00e7atd\u0131ran d\u00fcnya az\u0259rbaycanl\u0131lar\u0131n\u0131n tarixi z\u0259f\u0259rin \u0259ld\u0259 olunmas\u0131nda b\u00f6y\u00fck pay\u0131 oldu\u011funu bildirib, h\u0259mv\u0259t\u0259nl\u0259rimizi Z\u0259f\u0259r G\u00fcn\u00fc m\u00fcnasib\u0259til\u0259 t\u0259brik edib.<\/p>\n<div id=\"AdviadNativeVideo0\" class=\"AdviadNativeVideo\"><\/div>\n<p>Komit\u0259 s\u0259dri M\u00fcz\u0259ff\u0259r Ali Ba\u015f Komandan \u0130lham \u018fliyevin q\u0259tiyy\u0259tli siyas\u0259ti, Az\u0259rbaycan Ordusunun r\u0259\u015fad\u0259ti v\u0259 d\u00fcnya az\u0259rbaycanl\u0131lar\u0131n\u0131n h\u0259mr\u0259yliyi il\u0259 \u0259ld\u0259 olunmu\u015f b\u00f6y\u00fck z\u0259f\u0259rin birinci ild\u00f6n\u00fcm\u00fc m\u00fcnasib\u0259til\u0259 bu g\u00fcnl\u0259rd\u0259 d\u00fcnyan\u0131n bir \u00e7ox yerl\u0259rind\u0259 oldu\u011fu kimi, AB\u015e-da da bir s\u0131ra t\u0259dbirl\u0259rin ke\u00e7iril\u0259c\u0259yini i\u015ftirak\u00e7\u0131lar\u0131n diqq\u0259tin\u0259 \u00e7atd\u0131r\u0131b.<\/p>\n<p>Milli Musiqi v\u0259 Qlobal M\u0259d\u0259niyy\u0259t C\u0259miyy\u0259tinin prezidenti N\u0259rgiz \u018fliyarova bildirib ki, Az\u0259rbaycan Respublikas\u0131 M\u0259d\u0259niyy\u0259t v\u0259 Xarici \u0130\u015fl\u0259r nazirlikl\u0259ri, Az\u0259rbaycan-Amerika Musiqi Fondu v\u0259 Az\u0259rbaycan\u0131n BMT yan\u0131nda daimi n\u00fcmay\u0259nd\u0259liyinin d\u0259st\u0259yi il\u0259 ba\u015f tutan m\u00fcsabiq\u0259nin m\u0259qs\u0259di d\u00fcnyada dahi b\u0259st\u0259kar \u00dczeyir Hac\u0131b\u0259yli musiqisini v\u0259 Az\u0259rbaycan m\u0259d\u0259niyy\u0259tini t\u0259bli\u011f etm\u0259kd\u0259n ibar\u0259tdir.<\/p>\n<p>T\u0259dbirin sonunda amerikal\u0131 musiqi\u00e7i Nigel Smitin\u00a0Az\u0259rbaycan dilind\u0259 s\u0259sl\u0259ndirdiyi\u00a0M\u00fcsl\u00fcm Maqomayevin \u201cAz\u0259rbaycan\u201d mahn\u0131s\u0131 t\u0259dbir i\u015ftirak\u00e7\u0131lar\u0131 t\u0259r\u0259find\u0259n alq\u0131\u015flarla qar\u015f\u0131lan\u0131b.<\/p>\n","protected":false},"excerpt":{"rendered":"<p>Noyabr\u0131n 5-d\u0259 Nyu-York \u015f\u0259h\u0259rind\u0259ki Linkoln M\u0259rk\u0259zind\u0259 \u00dczeyir Hac\u0131b\u0259yli ad\u0131na Beyn\u0259lxalq B\u0259st\u0259karlar M\u00fcsabiq\u0259sinin yekun konserti ke\u00e7irilib. Diasporla \u0130\u015f \u00fczr\u0259 D\u00f6vl\u0259t Komit\u0259sind\u0259n veril\u0259n m\u0259lumata g\u00f6r\u0259, t\u0259dbiri giri\u015f s\u00f6z\u00fc il\u0259 Az\u0259rbaycan Respublikas\u0131n\u0131n BMT yan\u0131nda daimi n\u00fcmay\u0259nd\u0259si Ya\u015far \u018fliyev a\u00e7araq, qala-konsertin Az\u0259rbaycan \u00fc\u00e7\u00fcn \u00f6n\u0259mli olan bir tarixd\u0259 &#8211; Z\u0259f\u0259r G\u00fcn\u00fc \u0259r\u0259f\u0259sind\u0259 t\u0259\u015fkil olunmas\u0131n\u0131n x\u00fcsusi \u0259h\u0259miyy\u0259t k\u0259sb etdiyini bildirib v\u0259 h\u0259mv\u0259t\u0259nl\u0259rimizi bu \u0259lam\u0259tdar g\u00fcn m\u00fcnasib\u0259til\u0259 t\u0259brik edib. Komit\u0259nin s\u0259dri Fuad Muradov \u00e7\u0131x\u0131\u015f\u0131nda Az\u0259rbaycan\u0131n haqq s\u0259sini beyn\u0259lxalq ictimaiyy\u0259t\u0259 \u00e7atd\u0131ran d\u00fcnya az\u0259rbaycanl\u0131lar\u0131n\u0131n tarixi z\u0259f\u0259rin \u0259ld\u0259 olunmas\u0131nda b\u00f6y\u00fck pay\u0131 oldu\u011funu bildirib, h\u0259mv\u0259t\u0259nl\u0259rimizi Z\u0259f\u0259r G\u00fcn\u00fc m\u00fcnasib\u0259til\u0259 t\u0259brik edib. Komit\u0259&hellip;<\/p>\n","protected":false},"author":2,"featured_media":400600,"comment_status":"closed","ping_status":"closed","sticky":false,"template":"","format":"standard","meta":{"om_disable_all_campaigns":false,"_monsterinsights_skip_tracking":false,"_monsterinsights_sitenote_active":false,"_monsterinsights_sitenote_note":"","_monsterinsights_sitenote_category":0},"categories":[26],"tags":[],"aioseo_notices":[],"gutentor_comment":0,"rttpg_featured_image_url":{"full":["https:\/\/arantv.az\/wp-content\/uploads\/2021\/11\/FotoJet-2021-11-06T134448.635.jpg",620,413,false],"landscape":["https:\/\/arantv.az\/wp-content\/uploads\/2021\/11\/FotoJet-2021-11-06T134448.635.jpg",620,413,false],"portraits":["https:\/\/arantv.az\/wp-content\/uploads\/2021\/11\/FotoJet-2021-11-06T134448.635.jpg",620,413,false],"thumbnail":["https:\/\/arantv.az\/wp-content\/uploads\/2021\/11\/FotoJet-2021-11-06T134448.635-500x280.jpg",500,280,true],"medium":["https:\/\/arantv.az\/wp-content\/uploads\/2021\/11\/FotoJet-2021-11-06T134448.635-548x365.jpg",548,365,true],"large":["https:\/\/arantv.az\/wp-content\/uploads\/2021\/11\/FotoJet-2021-11-06T134448.635.jpg",620,413,false],"1536x1536":["https:\/\/arantv.az\/wp-content\/uploads\/2021\/11\/FotoJet-2021-11-06T134448.635.jpg",620,413,false],"2048x2048":["https:\/\/arantv.az\/wp-content\/uploads\/2021\/11\/FotoJet-2021-11-06T134448.635.jpg",620,413,false],"post-thumbnail":["https:\/\/arantv.az\/wp-content\/uploads\/2021\/11\/FotoJet-2021-11-06T134448.635-240x172.jpg",240,172,true],"advps-thumb-one":["https:\/\/arantv.az\/wp-content\/uploads\/2021\/11\/FotoJet-2021-11-06T134448.635.jpg",620,413,false]},"rttpg_author":{"display_name":"V\u00fcsal Rafiqo\u011flu","author_link":"https:\/\/arantv.az\/?author=2"},"rttpg_comment":0,"rttpg_category":"<a href=\"https:\/\/arantv.az\/?cat=26\" rel=\"category\">Sosial<\/a>","rttpg_excerpt":"Noyabr\u0131n 5-d\u0259 Nyu-York \u015f\u0259h\u0259rind\u0259ki Linkoln M\u0259rk\u0259zind\u0259 \u00dczeyir Hac\u0131b\u0259yli ad\u0131na Beyn\u0259lxalq B\u0259st\u0259karlar M\u00fcsabiq\u0259sinin yekun konserti ke\u00e7irilib. Diasporla \u0130\u015f \u00fczr\u0259 D\u00f6vl\u0259t Komit\u0259sind\u0259n veril\u0259n m\u0259lumata g\u00f6r\u0259, t\u0259dbiri giri\u015f s\u00f6z\u00fc il\u0259 Az\u0259rbaycan Respublikas\u0131n\u0131n BMT yan\u0131nda daimi n\u00fcmay\u0259nd\u0259si Ya\u015far \u018fliyev a\u00e7araq, qala-konsertin Az\u0259rbaycan \u00fc\u00e7\u00fcn \u00f6n\u0259mli olan bir tarixd\u0259 &#8211; Z\u0259f\u0259r G\u00fcn\u00fc \u0259r\u0259f\u0259sind\u0259 t\u0259\u015fkil olunmas\u0131n\u0131n x\u00fcsusi \u0259h\u0259miyy\u0259t k\u0259sb etdiyini bildirib v\u0259&hellip;","_links":{"self":[{"href":"https:\/\/arantv.az\/index.php?rest_route=\/wp\/v2\/posts\/400598"}],"collection":[{"href":"https:\/\/arantv.az\/index.php?rest_route=\/wp\/v2\/posts"}],"about":[{"href":"https:\/\/arantv.az\/index.php?rest_route=\/wp\/v2\/types\/post"}],"author":[{"embeddable":true,"href":"https:\/\/arantv.az\/index.php?rest_route=\/wp\/v2\/users\/2"}],"replies":[{"embeddable":true,"href":"https:\/\/arantv.az\/index.php?rest_route=%2Fwp%2Fv2%2Fcomments&post=400598"}],"version-history":[{"count":0,"href":"https:\/\/arantv.az\/index.php?rest_route=\/wp\/v2\/posts\/400598\/revisions"}],"wp:featuredmedia":[{"embeddable":true,"href":"https:\/\/arantv.az\/index.php?rest_route=\/wp\/v2\/media\/400600"}],"wp:attachment":[{"href":"https:\/\/arantv.az\/index.php?rest_route=%2Fwp%2Fv2%2Fmedia&parent=400598"}],"wp:term":[{"taxonomy":"category","embeddable":true,"href":"https:\/\/arantv.az\/index.php?rest_route=%2Fwp%2Fv2%2Fcategories&post=400598"},{"taxonomy":"post_tag","embeddable":true,"href":"https:\/\/arantv.az\/index.php?rest_route=%2Fwp%2Fv2%2Ftags&post=400598"}],"curies":[{"name":"wp","href":"https:\/\/api.w.org\/{rel}","templated":true}]}}