{"id":400601,"date":"2021-11-06T13:35:36","date_gmt":"2021-11-06T10:35:36","guid":{"rendered":"http:\/\/arantv.az\/?p=400601"},"modified":"2021-11-06T13:35:36","modified_gmt":"2021-11-06T10:35:36","slug":"ikinci-qarabag-muharib%c9%99si-tarixi-z%c9%99f%c9%99rimizdir-az%c9%99rbaycan-tarixind%c9%99-buna-b%c9%99nz%c9%99r-q%c9%99l%c9%99b%c9%99-olmayib","status":"publish","type":"post","link":"https:\/\/arantv.az\/?p=400601","title":{"rendered":"\u0130kinci Qaraba\u011f m\u00fcharib\u0259si tarixi Z\u0259f\u0259rimizdir, Az\u0259rbaycan tarixind\u0259 buna b\u0259nz\u0259r q\u0259l\u0259b\u0259 olmay\u0131b"},"content":{"rendered":"<p>\u0130kinci Qaraba\u011f m\u00fcharib\u0259si, bir daha dem\u0259k ist\u0259yir\u0259m, tarixi Z\u0259f\u0259rimizdir. Az\u0259rbaycan\u0131n \u00e7ox\u0259srlik tarixind\u0259 buna b\u0259nz\u0259r q\u0259l\u0259b\u0259 olmam\u0131\u015fd\u0131r. M\u00fcharib\u0259 il\u0259 ba\u011fl\u0131 art\u0131q kifay\u0259t q\u0259d\u0259r m\u0259lumatlar var v\u0259 t\u0259krar etm\u0259k ist\u0259mir\u0259m. M\u00fcharib\u0259nin gedi\u015fat\u0131 h\u0259r k\u0259s\u0259 m\u0259lumdur. Sad\u0259c\u0259 olaraq, indi bizim d\u0259rslikl\u0259rimizd\u0259, elmi \u0259s\u0259rl\u0259rd\u0259, m\u0259qal\u0259l\u0259rd\u0259, kitablarda m\u00fcharib\u0259 il\u0259 ba\u011fl\u0131 v\u0259 m\u00fcharib\u0259d\u0259n \u0259vv\u0259lki d\u00f6vrl\u0259 ba\u011fl\u0131 \u00e7ox m\u00fcf\u0259ss\u0259l v\u0259 geni\u015f m\u0259lumat verilm\u0259lidir ki, biz bu tarixi oldu\u011fu kimi qeyd ed\u0259k, bu tarixi oldu\u011fu kimi yazaq v\u0259 g\u0259l\u0259c\u0259k n\u0259sill\u0259r d\u0259 daim bunu bilsinl\u0259r v\u0259 unutmas\u0131nlar, o c\u00fcml\u0259d\u0259n erm\u0259ni v\u0259h\u015filiyini unutmas\u0131nlar.<\/p>\n<p><strong>ARANTV.AZ\u00a0 x\u0259b\u0259r verir ki,<\/strong>\u00a0\u00a0\u201c\u0130lham \u018fliyev. \u0130nki\u015faf &#8211; m\u0259qs\u0259dimizdir\u201d \u00e7oxcildliyinin \u00e7apdan yeni \u00e7\u0131xm\u0131\u015f 113-c\u00fc kitab\u0131nda yer alan bu fikirl\u0259r d\u00f6vl\u0259timizin ba\u015f\u00e7\u0131s\u0131n\u0131n avqustun 16-da K\u0259lb\u0259c\u0259r \u015f\u0259h\u0259rind\u0259 D\u00f6vl\u0259t bayra\u011f\u0131n\u0131 ucaltd\u0131qdan sonra s\u00f6yl\u0259diyi \u00e7\u0131x\u0131\u015f\u0131ndan g\u00f6t\u00fcr\u00fcl\u00fcb. Prezident d\u0259rin m\u0259zmunlu \u00e7\u0131x\u0131\u015f\u0131nda \u0130kinci Qaraba\u011f m\u00fcharib\u0259sinin erm\u0259ni mifologiyas\u0131n\u0131 tamamil\u0259 m\u0259hv etdiyini vur\u011fulayaraq deyib: \u201c\u00c7\u00fcnki uzun ill\u0259r \u0259rzind\u0259, 30 il \u0259rzind\u0259 erm\u0259nil\u0259r d\u0131rnaqaras\u0131 \u201ch\u0259rbi q\u0259l\u0259b\u0259\u201d il\u0259 \u00f6y\u00fcn\u00fcrd\u00fcl\u0259r. Erm\u0259nil\u0259r bir ne\u00e7\u0259 mif uydurmu\u015fdular ki, onlar\u0131n ordusu \u201cyenilm\u0259z ordu\u201ddur v\u0259 onlar\u0131n ordusu bu torpaqlar\u0131 \u0259b\u0259di i\u015f\u011fal alt\u0131nda saxlaya bil\u0259r. Biz bu mifi da\u011f\u0131td\u0131q. Erm\u0259ni ordusu yoxdur bu g\u00fcn. Erm\u0259ni ordusu tamamil\u0259 m\u0259hv edildi. Erm\u0259ni ordusunun silah v\u0259 sursatlar\u0131n\u0131n m\u00fctl\u0259q \u0259ks\u0259riyy\u0259ti m\u0259hv edildi, ya da ki, q\u0259nim\u0259t kimi g\u00f6t\u00fcr\u00fcld\u00fc v\u0259 indi H\u0259rbi Q\u0259nim\u0259tl\u0259r Park\u0131nda n\u00fcmayi\u015f etdirilir. Biz erm\u0259ni ordusunu \u201cyenilm\u0259z ordu\u201d kimi t\u0259qdim ed\u0259n mifologiyaya son qoyduq\u201d. Prezident \u0130lham \u018fliyev \u00e7\u0131x\u0131\u015f\u0131nda, h\u0259m\u00e7inin deyib ki, haz\u0131rda \u0259sas v\u0259zif\u0259 azad edilmi\u015f torpaqlarda m\u00f6hk\u0259ml\u0259nm\u0259k, yenid\u0259nqurma v\u0259 b\u0259rpa i\u015fl\u0259ri aparmaq, ke\u00e7mi\u015f m\u0259cburi k\u00f6\u00e7k\u00fcnl\u0259ri azad edilmi\u015f torpaqlara t\u0259dric\u0259n qaytarmaqd\u0131r.<\/p>\n<p>\u00c7oxcildliyin yeni kitab\u0131ndak\u0131 materiallar 2021-ci ilin iyun-avqust aylar\u0131n\u0131 \u0259hat\u0259 edir.<\/p>\n<p>Bu kitaba Prezident \u0130lham \u018fliyevin i\u015f\u011faldan azad edil\u0259n K\u0259lb\u0259c\u0259r, La\u00e7\u0131n, F\u00fczuli rayonlar\u0131na, \u015eu\u015fa \u015f\u0259h\u0259rin\u0259 s\u0259f\u0259rl\u0259ri haqq\u0131nda geni\u015f informasiyalar daxil olunub.<\/p>\n<p>D\u00f6vl\u0259timizin ba\u015f\u00e7\u0131s\u0131 iyulun 22-d\u0259 Da\u015fk\u0259s\u0259n v\u0259 Goranboy rayonlar\u0131na, Naftalan \u015f\u0259h\u0259rin\u0259 s\u0259f\u0259r edib, bir s\u0131ra m\u00fch\u00fcm infrastruktur obyektl\u0259rinin a\u00e7\u0131l\u0131\u015f m\u0259rasiml\u0259rind\u0259 i\u015ftirak edib, Da\u015fk\u0259s\u0259nd\u0259 Az\u0259rbaycan Televiziyas\u0131na m\u00fcsahib\u0259 verib. Kitabda bununla ba\u011fl\u0131 materiallarla tan\u0131\u015f olmaq m\u00fcmk\u00fcnd\u00fcr.<\/p>\n<p>Yeni n\u0259\u015fr\u0259 Prezident \u0130lham \u018fliyevin \u018fl\u0259t Azad \u0130qtisadi Zonas\u0131n\u0131n t\u0259m\u0259lini qoyduqdan sonra Az\u0259rbaycan Televiziyas\u0131na, habel\u0259 Qaraba\u011f Z\u0259f\u0259ri il\u0259 ba\u011fl\u0131 Bak\u0131da \u201cCNN T\u00fcrk\u201d kanal\u0131na m\u00fcsahib\u0259l\u0259rinin m\u0259tnl\u0259ri daxil edilib.<\/p>\n<p>Oxucular 113-c\u00fc cildd\u0259 Az\u0259rbaycan Prezidentinin \u201cQo\u015fulmama H\u0259r\u0259kat\u0131\u201dn\u0131n xarici i\u015fl\u0259r nazirl\u0259rinin onlayn konfrans\u0131nda \u00e7\u0131x\u0131\u015f\u0131n\u0131n m\u0259tni, T\u00fcrkiy\u0259, Pakistan, AB\u015e v\u0259 dig\u0259r d\u00f6vl\u0259tl\u0259rin Bak\u0131ya g\u0259lmi\u015f n\u00fcmay\u0259nd\u0259 hey\u0259tl\u0259rini, g\u00f6rk\u0259mli qazax \u015fairi v\u0259 ictimai xadim Oljas S\u00fcleymenovu q\u0259bul etm\u0259sin\u0259, d\u00f6vl\u0259t ba\u015f\u00e7\u0131lar\u0131 il\u0259 telefon dan\u0131\u015f\u0131qlar\u0131na dair informasiyalarla da tan\u0131\u015f ola bil\u0259rl\u0259r.<\/p>\n<p>\u00c7oxcildliyin yeni kitab\u0131nda d\u00f6vl\u0259timizin ba\u015f\u00e7\u0131s\u0131n\u0131n Ab\u015feron DOST m\u0259rk\u0259zinin a\u00e7\u0131l\u0131\u015f m\u0259rasimind\u0259 i\u015ftirak\u0131, Xocas\u0259n q\u0259s\u0259b\u0259sind\u0259 \u015f\u0259hid ail\u0259l\u0259ri v\u0259 m\u00fcharib\u0259 \u0259lill\u0259rin\u0259, Ab\u015feron rayonunda \u015f\u0259hid ail\u0259l\u0259rin\u0259, m\u00fcharib\u0259 \u0259lill\u0259rin\u0259 v\u0259 V\u0259t\u0259n m\u00fcharib\u0259si q\u0259hr\u0259manlar\u0131na m\u0259nzill\u0259rin v\u0259 avtomobill\u0259rin t\u0259qdim olunmas\u0131 m\u0259rasiml\u0259rind\u0259 \u00e7\u0131x\u0131\u015flar\u0131n\u0131n m\u0259tnl\u0259ri, 6 sayl\u0131 Bak\u0131 \u201cASAN xidm\u0259t\u201d m\u0259rk\u0259zinin, Bak\u0131n\u0131n X\u0259tai rayonu \u0259razisind\u0259 yeni yarad\u0131lm\u0131\u015f \u201cG\u0259nclik\u201d Park\u0131n\u0131n a\u00e7\u0131l\u0131\u015f m\u0259rasiml\u0259rind\u0259 i\u015ftirak\u0131 haqq\u0131nda materiallar toplan\u0131b.<\/p>\n<p>\u201cAz\u0259rn\u0259\u015fr\u201d t\u0259r\u0259find\u0259n burax\u0131lan \u00e7oxcildliyin 113-c\u00fc kitab\u0131n\u0131n haz\u0131rlanmas\u0131nda Az\u0259rbaycan D\u00f6vl\u0259t \u0130nformasiya Agentliyinin materiallar\u0131ndan istifad\u0259 olunub.<\/p>\n","protected":false},"excerpt":{"rendered":"<p>\u0130kinci Qaraba\u011f m\u00fcharib\u0259si, bir daha dem\u0259k ist\u0259yir\u0259m, tarixi Z\u0259f\u0259rimizdir. Az\u0259rbaycan\u0131n \u00e7ox\u0259srlik tarixind\u0259 buna b\u0259nz\u0259r q\u0259l\u0259b\u0259 olmam\u0131\u015fd\u0131r. M\u00fcharib\u0259 il\u0259 ba\u011fl\u0131 art\u0131q kifay\u0259t q\u0259d\u0259r m\u0259lumatlar var v\u0259 t\u0259krar etm\u0259k ist\u0259mir\u0259m. M\u00fcharib\u0259nin gedi\u015fat\u0131 h\u0259r k\u0259s\u0259 m\u0259lumdur. Sad\u0259c\u0259 olaraq, indi bizim d\u0259rslikl\u0259rimizd\u0259, elmi \u0259s\u0259rl\u0259rd\u0259, m\u0259qal\u0259l\u0259rd\u0259, kitablarda m\u00fcharib\u0259 il\u0259 ba\u011fl\u0131 v\u0259 m\u00fcharib\u0259d\u0259n \u0259vv\u0259lki d\u00f6vrl\u0259 ba\u011fl\u0131 \u00e7ox m\u00fcf\u0259ss\u0259l v\u0259 geni\u015f m\u0259lumat verilm\u0259lidir ki, biz bu tarixi oldu\u011fu kimi qeyd ed\u0259k, bu tarixi oldu\u011fu kimi yazaq v\u0259 g\u0259l\u0259c\u0259k n\u0259sill\u0259r d\u0259 daim bunu bilsinl\u0259r v\u0259 unutmas\u0131nlar, o c\u00fcml\u0259d\u0259n erm\u0259ni v\u0259h\u015filiyini unutmas\u0131nlar. ARANTV.AZ\u00a0 x\u0259b\u0259r verir ki,\u00a0\u00a0\u201c\u0130lham \u018fliyev. \u0130nki\u015faf &#8211;&hellip;<\/p>\n","protected":false},"author":2,"featured_media":400602,"comment_status":"closed","ping_status":"closed","sticky":false,"template":"","format":"standard","meta":{"om_disable_all_campaigns":false,"_monsterinsights_skip_tracking":false,"_monsterinsights_sitenote_active":false,"_monsterinsights_sitenote_note":"","_monsterinsights_sitenote_category":0},"categories":[4],"tags":[],"aioseo_notices":[],"gutentor_comment":0,"rttpg_featured_image_url":{"full":["https:\/\/arantv.az\/wp-content\/uploads\/2021\/11\/297018eb163619444841178229310592052.jpg",975,540,false],"landscape":["https:\/\/arantv.az\/wp-content\/uploads\/2021\/11\/297018eb163619444841178229310592052.jpg",975,540,false],"portraits":["https:\/\/arantv.az\/wp-content\/uploads\/2021\/11\/297018eb163619444841178229310592052.jpg",975,540,false],"thumbnail":["https:\/\/arantv.az\/wp-content\/uploads\/2021\/11\/297018eb163619444841178229310592052-500x280.jpg",500,280,true],"medium":["https:\/\/arantv.az\/wp-content\/uploads\/2021\/11\/297018eb163619444841178229310592052-660x365.jpg",660,365,true],"large":["https:\/\/arantv.az\/wp-content\/uploads\/2021\/11\/297018eb163619444841178229310592052-840x465.jpg",640,354,true],"1536x1536":["https:\/\/arantv.az\/wp-content\/uploads\/2021\/11\/297018eb163619444841178229310592052.jpg",975,540,false],"2048x2048":["https:\/\/arantv.az\/wp-content\/uploads\/2021\/11\/297018eb163619444841178229310592052.jpg",975,540,false],"post-thumbnail":["https:\/\/arantv.az\/wp-content\/uploads\/2021\/11\/297018eb163619444841178229310592052-240x172.jpg",240,172,true],"advps-thumb-one":["https:\/\/arantv.az\/wp-content\/uploads\/2021\/11\/297018eb163619444841178229310592052.jpg",975,540,false]},"rttpg_author":{"display_name":"V\u00fcsal Rafiqo\u011flu","author_link":"https:\/\/arantv.az\/?author=2"},"rttpg_comment":0,"rttpg_category":"<a href=\"https:\/\/arantv.az\/?cat=4\" rel=\"category\">Siyas\u0259t<\/a>","rttpg_excerpt":"\u0130kinci Qaraba\u011f m\u00fcharib\u0259si, bir daha dem\u0259k ist\u0259yir\u0259m, tarixi Z\u0259f\u0259rimizdir. Az\u0259rbaycan\u0131n \u00e7ox\u0259srlik tarixind\u0259 buna b\u0259nz\u0259r q\u0259l\u0259b\u0259 olmam\u0131\u015fd\u0131r. M\u00fcharib\u0259 il\u0259 ba\u011fl\u0131 art\u0131q kifay\u0259t q\u0259d\u0259r m\u0259lumatlar var v\u0259 t\u0259krar etm\u0259k ist\u0259mir\u0259m. M\u00fcharib\u0259nin gedi\u015fat\u0131 h\u0259r k\u0259s\u0259 m\u0259lumdur. Sad\u0259c\u0259 olaraq, indi bizim d\u0259rslikl\u0259rimizd\u0259, elmi \u0259s\u0259rl\u0259rd\u0259, m\u0259qal\u0259l\u0259rd\u0259, kitablarda m\u00fcharib\u0259 il\u0259 ba\u011fl\u0131 v\u0259 m\u00fcharib\u0259d\u0259n \u0259vv\u0259lki d\u00f6vrl\u0259 ba\u011fl\u0131 \u00e7ox m\u00fcf\u0259ss\u0259l v\u0259 geni\u015f m\u0259lumat&hellip;","_links":{"self":[{"href":"https:\/\/arantv.az\/index.php?rest_route=\/wp\/v2\/posts\/400601"}],"collection":[{"href":"https:\/\/arantv.az\/index.php?rest_route=\/wp\/v2\/posts"}],"about":[{"href":"https:\/\/arantv.az\/index.php?rest_route=\/wp\/v2\/types\/post"}],"author":[{"embeddable":true,"href":"https:\/\/arantv.az\/index.php?rest_route=\/wp\/v2\/users\/2"}],"replies":[{"embeddable":true,"href":"https:\/\/arantv.az\/index.php?rest_route=%2Fwp%2Fv2%2Fcomments&post=400601"}],"version-history":[{"count":0,"href":"https:\/\/arantv.az\/index.php?rest_route=\/wp\/v2\/posts\/400601\/revisions"}],"wp:featuredmedia":[{"embeddable":true,"href":"https:\/\/arantv.az\/index.php?rest_route=\/wp\/v2\/media\/400602"}],"wp:attachment":[{"href":"https:\/\/arantv.az\/index.php?rest_route=%2Fwp%2Fv2%2Fmedia&parent=400601"}],"wp:term":[{"taxonomy":"category","embeddable":true,"href":"https:\/\/arantv.az\/index.php?rest_route=%2Fwp%2Fv2%2Fcategories&post=400601"},{"taxonomy":"post_tag","embeddable":true,"href":"https:\/\/arantv.az\/index.php?rest_route=%2Fwp%2Fv2%2Ftags&post=400601"}],"curies":[{"name":"wp","href":"https:\/\/api.w.org\/{rel}","templated":true}]}}