{"id":400609,"date":"2021-11-06T13:45:48","date_gmt":"2021-11-06T10:45:48","guid":{"rendered":"http:\/\/arantv.az\/?p=400609"},"modified":"2021-11-06T13:45:48","modified_gmt":"2021-11-06T10:45:48","slug":"qarabagin-minalardan-t%c9%99mizl%c9%99nm%c9%99si-ucun-olk%c9%99y%c9%99-idxal-edil%c9%99n-mallarin-siyahisi-t%c9%99sdiql%c9%99ndi-foto","status":"publish","type":"post","link":"https:\/\/arantv.az\/?p=400609","title":{"rendered":"Qaraba\u011f\u0131n minalardan t\u0259mizl\u0259nm\u0259si \u00fc\u00e7\u00fcn \u00f6lk\u0259y\u0259 idxal edil\u0259n mallar\u0131n S\u0130YAHISI T\u018fSD\u0130QL\u018fND\u0130 &#8211; FOTO"},"content":{"rendered":"<p>\u201cAz\u0259rbaycan Respublikas\u0131nda ixrac-idxal \u0259m\u0259liyyatlar\u0131 \u00fczr\u0259 g\u00f6mr\u00fck r\u00fcsumlar\u0131n\u0131n d\u0259r\u0259c\u0259l\u0259ri haqq\u0131nda\u201d q\u0259rara d\u0259yi\u015fiklik edilib.<\/p>\n<p><strong>ARANTV.AZ<\/strong>-\u0131n m\u0259lumat\u0131na g\u00f6r\u0259, bu bar\u0259d\u0259 Ba\u015f nazir \u018fli \u018fs\u0259dov\u00a0<a href=\"https:\/\/nk.gov.az\/az\/document\/5677\/\" target=\"_blank\" rel=\"noopener\">q\u0259rar<\/a>\u00a0imzalay\u0131b.<\/p>\n<div id=\"AdviadNativeVideo0\" class=\"AdviadNativeVideo\"><\/div>\n<p>Q\u0259rara \u0259sas\u0259n Az\u0259rbaycan Respublikas\u0131n\u0131n i\u015f\u011faldan azad edilmi\u015f \u0259razil\u0259rinin, habel\u0259 m\u00fcharib\u0259 v\u0259 h\u0259rbi \u0259m\u0259liyyatlar\u0131n t\u0259sirin\u0259 m\u0259ruz qalm\u0131\u015f dig\u0259r \u0259razil\u0259rin minalar v\u0259 m\u00fcharib\u0259nin partlay\u0131c\u0131 qal\u0131qlar\u0131ndan t\u0259mizl\u0259nm\u0259si \u00fc\u00e7\u00fcn idxal edil\u0259n mallar\u0131n xarici iqtisadi f\u0259aliyy\u0259tin mal nomenklaturas\u0131 (X\u0130FMN) \u00fczr\u0259 siyah\u0131s\u0131 t\u0259sdiq edilib.<\/p>\n<p>Q\u0259rar 2021-ci il 15 oktyabr tarixind\u0259n t\u0259tbiq edilir v\u0259 be\u015f\u00a0il m\u00fcdd\u0259tind\u0259 q\u00fcvv\u0259d\u0259dir.<\/p>\n<p>&nbsp;<\/p>\n<div class=\"gallery\">\n<div class=\"gallery-i\"><img src=\"https:\/\/cdn.oxu.az\/uploads\/W1siZiIsIjIwMjEvMTEvMDYvMTEvNDAvMDYvNDM1NzUzMGYtMGY3ZS00YTU5LThkYTEtZWRmYWZhNDg2YTBlLzExMTEuanBnIl0sWyJwIiwiZW5jb2RlIiwianBnIiwiLXF1YWxpdHkgODAiXSxbInAiLCJ0aHVtYiIsIjU5MHg1OTBcdTAwM2UiXV0?sha=52a0dc8a1125323c\" alt=\"\" \/><\/p>\n<div class=\"gallery-i-caption\"><\/div>\n<\/div>\n<div class=\"gallery-i\"><img src=\"https:\/\/cdn.oxu.az\/uploads\/W1siZiIsIjIwMjEvMTEvMDYvMTEvNDAvMDYvZWVmZTg3ODUtYjgzMi00NDY1LWE1YTAtZWZmYWYwZmVlODc1LzIyMjIuanBnIl0sWyJwIiwiZW5jb2RlIiwianBnIiwiLXF1YWxpdHkgODAiXSxbInAiLCJ0aHVtYiIsIjU5MHg1OTBcdTAwM2UiXV0?sha=7b4271270121f9b2\" alt=\"\" \/><\/div>\n<\/div>\n","protected":false},"excerpt":{"rendered":"<p>\u201cAz\u0259rbaycan Respublikas\u0131nda ixrac-idxal \u0259m\u0259liyyatlar\u0131 \u00fczr\u0259 g\u00f6mr\u00fck r\u00fcsumlar\u0131n\u0131n d\u0259r\u0259c\u0259l\u0259ri haqq\u0131nda\u201d q\u0259rara d\u0259yi\u015fiklik edilib. ARANTV.AZ-\u0131n m\u0259lumat\u0131na g\u00f6r\u0259, bu bar\u0259d\u0259 Ba\u015f nazir \u018fli \u018fs\u0259dov\u00a0q\u0259rar\u00a0imzalay\u0131b. Q\u0259rara \u0259sas\u0259n Az\u0259rbaycan Respublikas\u0131n\u0131n i\u015f\u011faldan azad edilmi\u015f \u0259razil\u0259rinin, habel\u0259 m\u00fcharib\u0259 v\u0259 h\u0259rbi \u0259m\u0259liyyatlar\u0131n t\u0259sirin\u0259 m\u0259ruz qalm\u0131\u015f dig\u0259r \u0259razil\u0259rin minalar v\u0259 m\u00fcharib\u0259nin partlay\u0131c\u0131 qal\u0131qlar\u0131ndan t\u0259mizl\u0259nm\u0259si \u00fc\u00e7\u00fcn idxal edil\u0259n mallar\u0131n xarici iqtisadi f\u0259aliyy\u0259tin mal nomenklaturas\u0131 (X\u0130FMN) \u00fczr\u0259 siyah\u0131s\u0131 t\u0259sdiq edilib. Q\u0259rar 2021-ci il 15 oktyabr tarixind\u0259n t\u0259tbiq edilir v\u0259 be\u015f\u00a0il m\u00fcdd\u0259tind\u0259 q\u00fcvv\u0259d\u0259dir. &nbsp;<\/p>\n","protected":false},"author":2,"featured_media":348417,"comment_status":"closed","ping_status":"closed","sticky":false,"template":"","format":"standard","meta":{"om_disable_all_campaigns":false,"_monsterinsights_skip_tracking":false,"_monsterinsights_sitenote_active":false,"_monsterinsights_sitenote_note":"","_monsterinsights_sitenote_category":0},"categories":[26],"tags":[],"aioseo_notices":[],"gutentor_comment":0,"rttpg_featured_image_url":{"full":["https:\/\/arantv.az\/wp-content\/uploads\/2021\/06\/mina_0256.jpg",800,600,false],"landscape":["https:\/\/arantv.az\/wp-content\/uploads\/2021\/06\/mina_0256.jpg",800,600,false],"portraits":["https:\/\/arantv.az\/wp-content\/uploads\/2021\/06\/mina_0256.jpg",800,600,false],"thumbnail":["https:\/\/arantv.az\/wp-content\/uploads\/2021\/06\/mina_0256-500x280.jpg",500,280,true],"medium":["https:\/\/arantv.az\/wp-content\/uploads\/2021\/06\/mina_0256-487x365.jpg",487,365,true],"large":["https:\/\/arantv.az\/wp-content\/uploads\/2021\/06\/mina_0256.jpg",640,480,false],"1536x1536":["https:\/\/arantv.az\/wp-content\/uploads\/2021\/06\/mina_0256.jpg",800,600,false],"2048x2048":["https:\/\/arantv.az\/wp-content\/uploads\/2021\/06\/mina_0256.jpg",800,600,false],"post-thumbnail":["https:\/\/arantv.az\/wp-content\/uploads\/2021\/06\/mina_0256-240x172.jpg",240,172,true],"advps-thumb-one":["https:\/\/arantv.az\/wp-content\/uploads\/2021\/06\/mina_0256.jpg",800,600,false]},"rttpg_author":{"display_name":"V\u00fcsal Rafiqo\u011flu","author_link":"https:\/\/arantv.az\/?author=2"},"rttpg_comment":0,"rttpg_category":"<a href=\"https:\/\/arantv.az\/?cat=26\" rel=\"category\">Sosial<\/a>","rttpg_excerpt":"\u201cAz\u0259rbaycan Respublikas\u0131nda ixrac-idxal \u0259m\u0259liyyatlar\u0131 \u00fczr\u0259 g\u00f6mr\u00fck r\u00fcsumlar\u0131n\u0131n d\u0259r\u0259c\u0259l\u0259ri haqq\u0131nda\u201d q\u0259rara d\u0259yi\u015fiklik edilib. ARANTV.AZ-\u0131n m\u0259lumat\u0131na g\u00f6r\u0259, bu bar\u0259d\u0259 Ba\u015f nazir \u018fli \u018fs\u0259dov\u00a0q\u0259rar\u00a0imzalay\u0131b. Q\u0259rara \u0259sas\u0259n Az\u0259rbaycan Respublikas\u0131n\u0131n i\u015f\u011faldan azad edilmi\u015f \u0259razil\u0259rinin, habel\u0259 m\u00fcharib\u0259 v\u0259 h\u0259rbi \u0259m\u0259liyyatlar\u0131n t\u0259sirin\u0259 m\u0259ruz qalm\u0131\u015f dig\u0259r \u0259razil\u0259rin minalar v\u0259 m\u00fcharib\u0259nin partlay\u0131c\u0131 qal\u0131qlar\u0131ndan t\u0259mizl\u0259nm\u0259si \u00fc\u00e7\u00fcn idxal edil\u0259n mallar\u0131n xarici iqtisadi f\u0259aliyy\u0259tin mal nomenklaturas\u0131 (X\u0130FMN)&hellip;","_links":{"self":[{"href":"https:\/\/arantv.az\/index.php?rest_route=\/wp\/v2\/posts\/400609"}],"collection":[{"href":"https:\/\/arantv.az\/index.php?rest_route=\/wp\/v2\/posts"}],"about":[{"href":"https:\/\/arantv.az\/index.php?rest_route=\/wp\/v2\/types\/post"}],"author":[{"embeddable":true,"href":"https:\/\/arantv.az\/index.php?rest_route=\/wp\/v2\/users\/2"}],"replies":[{"embeddable":true,"href":"https:\/\/arantv.az\/index.php?rest_route=%2Fwp%2Fv2%2Fcomments&post=400609"}],"version-history":[{"count":0,"href":"https:\/\/arantv.az\/index.php?rest_route=\/wp\/v2\/posts\/400609\/revisions"}],"wp:featuredmedia":[{"embeddable":true,"href":"https:\/\/arantv.az\/index.php?rest_route=\/wp\/v2\/media\/348417"}],"wp:attachment":[{"href":"https:\/\/arantv.az\/index.php?rest_route=%2Fwp%2Fv2%2Fmedia&parent=400609"}],"wp:term":[{"taxonomy":"category","embeddable":true,"href":"https:\/\/arantv.az\/index.php?rest_route=%2Fwp%2Fv2%2Fcategories&post=400609"},{"taxonomy":"post_tag","embeddable":true,"href":"https:\/\/arantv.az\/index.php?rest_route=%2Fwp%2Fv2%2Ftags&post=400609"}],"curies":[{"name":"wp","href":"https:\/\/api.w.org\/{rel}","templated":true}]}}