{"id":400611,"date":"2021-11-06T13:46:22","date_gmt":"2021-11-06T10:46:22","guid":{"rendered":"http:\/\/arantv.az\/?p=400611"},"modified":"2021-11-06T13:46:22","modified_gmt":"2021-11-06T10:46:22","slug":"az%c9%99rbaycanla-cin-arasinda-m%c9%99hkumlarin-geri-verilm%c9%99si-bar%c9%99d%c9%99-muqavil%c9%99-imzalandi","status":"publish","type":"post","link":"https:\/\/arantv.az\/?p=400611","title":{"rendered":"Az\u0259rbaycanla \u00c7in aras\u0131nda m\u0259hkumlar\u0131n geri verilm\u0259si bar\u0259d\u0259 m\u00fcqavil\u0259 imzaland\u0131"},"content":{"rendered":"<p>5 noyabr 2021-ci il tarixind\u0259 Az\u0259rbaycan Respublikas\u0131n\u0131n xarici i\u015fl\u0259r nazirinin m\u00fcavini X\u0259l\u0259f X\u0259l\u0259fov v\u0259 \u00c7in Xalq Respublikas\u0131n\u0131n Az\u0259rbaycan Respublikas\u0131ndak\u0131 f\u00f6vq\u0259lad\u0259 v\u0259 s\u0259lahiyy\u0259tli s\u0259firi xan\u0131m Qo Min aras\u0131nda g\u00f6r\u00fc\u015f ke\u00e7irilib.<\/p>\n<div id=\"AdviadNativeVideo0\" class=\"AdviadNativeVideo\"><\/div>\n<p>Bu bar\u0259d\u0259 Xarici \u0130\u015fl\u0259r Nazirliyi (X\u0130N) m\u0259lumat yay\u0131b.<\/p>\n<p>Bildirilib ki, g\u00f6r\u00fc\u015f zaman\u0131 \u201cAz\u0259rbaycan Respublikas\u0131 il\u0259 \u00c7in Xalq Respublikas\u0131 aras\u0131nda m\u0259hkumlar\u0131n verilm\u0259si haqq\u0131nda M\u00fcqavil\u0259\u201d il\u0259 \u0259laq\u0259dar ratifikasiya s\u0259n\u0259dl\u0259rinin m\u00fcbadil\u0259si h\u0259yata ke\u00e7irilib v\u0259 m\u00fcvafiq protokol imzalan\u0131b.<\/p>\n","protected":false},"excerpt":{"rendered":"<p>5 noyabr 2021-ci il tarixind\u0259 Az\u0259rbaycan Respublikas\u0131n\u0131n xarici i\u015fl\u0259r nazirinin m\u00fcavini X\u0259l\u0259f X\u0259l\u0259fov v\u0259 \u00c7in Xalq Respublikas\u0131n\u0131n Az\u0259rbaycan Respublikas\u0131ndak\u0131 f\u00f6vq\u0259lad\u0259 v\u0259 s\u0259lahiyy\u0259tli s\u0259firi xan\u0131m Qo Min aras\u0131nda g\u00f6r\u00fc\u015f ke\u00e7irilib. Bu bar\u0259d\u0259 Xarici \u0130\u015fl\u0259r Nazirliyi (X\u0130N) m\u0259lumat yay\u0131b. Bildirilib ki, g\u00f6r\u00fc\u015f zaman\u0131 \u201cAz\u0259rbaycan Respublikas\u0131 il\u0259 \u00c7in Xalq Respublikas\u0131 aras\u0131nda m\u0259hkumlar\u0131n verilm\u0259si haqq\u0131nda M\u00fcqavil\u0259\u201d il\u0259 \u0259laq\u0259dar ratifikasiya s\u0259n\u0259dl\u0259rinin m\u00fcbadil\u0259si h\u0259yata ke\u00e7irilib v\u0259 m\u00fcvafiq protokol imzalan\u0131b.<\/p>\n","protected":false},"author":2,"featured_media":367453,"comment_status":"closed","ping_status":"closed","sticky":false,"template":"","format":"standard","meta":{"om_disable_all_campaigns":false,"_monsterinsights_skip_tracking":false,"_monsterinsights_sitenote_active":false,"_monsterinsights_sitenote_note":"","_monsterinsights_sitenote_category":0},"categories":[4],"tags":[],"aioseo_notices":[],"gutentor_comment":0,"rttpg_featured_image_url":{"full":["https:\/\/arantv.az\/wp-content\/uploads\/2021\/08\/azerbaycan_xin_051.jpg",800,600,false],"landscape":["https:\/\/arantv.az\/wp-content\/uploads\/2021\/08\/azerbaycan_xin_051.jpg",800,600,false],"portraits":["https:\/\/arantv.az\/wp-content\/uploads\/2021\/08\/azerbaycan_xin_051.jpg",800,600,false],"thumbnail":["https:\/\/arantv.az\/wp-content\/uploads\/2021\/08\/azerbaycan_xin_051-500x280.jpg",500,280,true],"medium":["https:\/\/arantv.az\/wp-content\/uploads\/2021\/08\/azerbaycan_xin_051-487x365.jpg",487,365,true],"large":["https:\/\/arantv.az\/wp-content\/uploads\/2021\/08\/azerbaycan_xin_051.jpg",640,480,false],"1536x1536":["https:\/\/arantv.az\/wp-content\/uploads\/2021\/08\/azerbaycan_xin_051.jpg",800,600,false],"2048x2048":["https:\/\/arantv.az\/wp-content\/uploads\/2021\/08\/azerbaycan_xin_051.jpg",800,600,false],"post-thumbnail":["https:\/\/arantv.az\/wp-content\/uploads\/2021\/08\/azerbaycan_xin_051-240x172.jpg",240,172,true],"advps-thumb-one":["https:\/\/arantv.az\/wp-content\/uploads\/2021\/08\/azerbaycan_xin_051.jpg",800,600,false]},"rttpg_author":{"display_name":"V\u00fcsal Rafiqo\u011flu","author_link":"https:\/\/arantv.az\/?author=2"},"rttpg_comment":0,"rttpg_category":"<a href=\"https:\/\/arantv.az\/?cat=4\" rel=\"category\">Siyas\u0259t<\/a>","rttpg_excerpt":"5 noyabr 2021-ci il tarixind\u0259 Az\u0259rbaycan Respublikas\u0131n\u0131n xarici i\u015fl\u0259r nazirinin m\u00fcavini X\u0259l\u0259f X\u0259l\u0259fov v\u0259 \u00c7in Xalq Respublikas\u0131n\u0131n Az\u0259rbaycan Respublikas\u0131ndak\u0131 f\u00f6vq\u0259lad\u0259 v\u0259 s\u0259lahiyy\u0259tli s\u0259firi xan\u0131m Qo Min aras\u0131nda g\u00f6r\u00fc\u015f ke\u00e7irilib. Bu bar\u0259d\u0259 Xarici \u0130\u015fl\u0259r Nazirliyi (X\u0130N) m\u0259lumat yay\u0131b. Bildirilib ki, g\u00f6r\u00fc\u015f zaman\u0131 \u201cAz\u0259rbaycan Respublikas\u0131 il\u0259 \u00c7in Xalq Respublikas\u0131 aras\u0131nda m\u0259hkumlar\u0131n verilm\u0259si haqq\u0131nda M\u00fcqavil\u0259\u201d il\u0259 \u0259laq\u0259dar ratifikasiya&hellip;","_links":{"self":[{"href":"https:\/\/arantv.az\/index.php?rest_route=\/wp\/v2\/posts\/400611"}],"collection":[{"href":"https:\/\/arantv.az\/index.php?rest_route=\/wp\/v2\/posts"}],"about":[{"href":"https:\/\/arantv.az\/index.php?rest_route=\/wp\/v2\/types\/post"}],"author":[{"embeddable":true,"href":"https:\/\/arantv.az\/index.php?rest_route=\/wp\/v2\/users\/2"}],"replies":[{"embeddable":true,"href":"https:\/\/arantv.az\/index.php?rest_route=%2Fwp%2Fv2%2Fcomments&post=400611"}],"version-history":[{"count":0,"href":"https:\/\/arantv.az\/index.php?rest_route=\/wp\/v2\/posts\/400611\/revisions"}],"wp:featuredmedia":[{"embeddable":true,"href":"https:\/\/arantv.az\/index.php?rest_route=\/wp\/v2\/media\/367453"}],"wp:attachment":[{"href":"https:\/\/arantv.az\/index.php?rest_route=%2Fwp%2Fv2%2Fmedia&parent=400611"}],"wp:term":[{"taxonomy":"category","embeddable":true,"href":"https:\/\/arantv.az\/index.php?rest_route=%2Fwp%2Fv2%2Fcategories&post=400611"},{"taxonomy":"post_tag","embeddable":true,"href":"https:\/\/arantv.az\/index.php?rest_route=%2Fwp%2Fv2%2Ftags&post=400611"}],"curies":[{"name":"wp","href":"https:\/\/api.w.org\/{rel}","templated":true}]}}