{"id":400622,"date":"2021-11-06T13:52:08","date_gmt":"2021-11-06T10:52:08","guid":{"rendered":"http:\/\/arantv.az\/?p=400622"},"modified":"2021-11-06T13:52:08","modified_gmt":"2021-11-06T10:52:08","slug":"az%c9%99rbaycandaki-dini-konfessiyalarin-r%c9%99hb%c9%99rl%c9%99ri-prezident-ilham-%c9%99liyevi-t%c9%99brik-edibl%c9%99r","status":"publish","type":"post","link":"https:\/\/arantv.az\/?p=400622","title":{"rendered":"Az\u0259rbaycandak\u0131 dini konfessiyalar\u0131n r\u0259hb\u0259rl\u0259ri Prezident \u0130lham \u018fliyevi t\u0259brik edibl\u0259r"},"content":{"rendered":"<p><strong>Az\u0259rbaycandak\u0131 dini konfessiyalar\u0131n r\u0259hb\u0259rl\u0259rind\u0259n Az\u0259rbaycan Respublikas\u0131n\u0131n Prezidenti \u0130lham \u018fliyev\u0259 t\u0259brik m\u0259ktubu g\u0259lib.<\/strong><\/p>\n<p><strong>ARANTV.AZ<\/strong> <a href=\"http:\/\/azertag.az\/\" target=\"_blank\" rel=\"noopener\">AZ\u018fRTAC<\/a>-a istinad\u0259n bildirir ki,\u00a0m\u0259ktubda deyilir:<\/p>\n<p>&#8220;M\u00f6ht\u0259r\u0259m c\u0259nab Prezident,<\/p>\n<p>Biz, Az\u0259rbaycandak\u0131 dini konfessiyalar\u0131n r\u0259hb\u0259rl\u0259ri Zati-alinizi &#8211; d\u00fcnya \u015f\u00f6hr\u0259tli qalib siyasi lideri Az\u0259rbaycan xalq\u0131n\u0131n V\u0259t\u0259n m\u00fcharib\u0259sind\u0259 qazand\u0131\u011f\u0131 Z\u0259f\u0259r G\u00fcn\u00fc m\u00fcnasib\u0259til\u0259 s\u0259mimi q\u0259lbd\u0259n t\u0259brik etm\u0259kd\u0259n \u015f\u0259r\u0259f duyuruq. Az\u0259rbaycan xalq\u0131 v\u0259 d\u00f6vl\u0259ti namin\u0259 misilsiz f\u0259aliyy\u0259tinizd\u0259 Siz\u0259 Ulu Yaradandan u\u011furlar dil\u0259yirik.<\/p>\n<p>M\u00f6ht\u0259r\u0259m c\u0259nab Prezident, xalq\u0131m\u0131z \u00f6z tarixinin \u0259n m\u00f6ht\u0259\u015f\u0259m bayram sevincini &#8211; V\u0259t\u0259n m\u00fcharib\u0259sind\u0259ki Z\u0259f\u0259rinin q\u00fcrurunu ya\u015fay\u0131r. Az\u0259rbaycan xalq\u0131n\u0131n haqq m\u00fcbariz\u0259sinin qalibiyy\u0259t dastan\u0131n\u0131 d\u00fcnya tarixi s\u0259hif\u0259l\u0259rin\u0259 m\u00f6ht\u0259\u015f\u0259m Z\u0259f\u0259r G\u00fcn\u00fc kimi h\u0259kk etmi\u015f \u015f\u0259xsiyy\u0259t olaraq bu bayram\u0131n sevinc v\u0259 \u015f\u0259r\u0259fini \u0259n \u00e7ox haqq ed\u0259n m\u0259hz Zati-alinizdir. Tarixi \u0259dal\u0259tin b\u0259rpas\u0131 &#8211; \u0259z\u0259li Az\u0259rbaycan torpaqlar\u0131n\u0131n i\u015f\u011faldan azad edilm\u0259si \u00fc\u00e7\u00fcn Ali Ba\u015f Komandan olaraq r\u0259hb\u0259rlik etdiyiniz qalibiyy\u0259tli V\u0259t\u0259n m\u00fcharib\u0259si haqq\u0131n, \u0259dal\u0259tin t\u0259nt\u0259n\u0259sin\u0259 inam\u0131 t\u0259c\u0259ss\u00fcm etdirir. Az\u0259rbaycan Ordusunun g\u00fcc\u00fcn\u0259, Az\u0259rbaycan xalq\u0131n\u0131n sars\u0131lmaz h\u0259mr\u0259ylik v\u0259 irad\u0259sin\u0259, d\u00f6vl\u0259t-xalq birliyin\u0259 g\u00fcv\u0259n\u0259n m\u00fcz\u0259ff\u0259r s\u0259rk\u0259rd\u0259 olaraq Sizin d\u00fcnya miqyas\u0131nda apard\u0131\u011f\u0131n\u0131z f\u0259al, d\u0259rin z\u0259ka v\u0259 d\u0259mir m\u0259ntiq\u0259 \u0259saslanan siyas\u0259t Az\u0259rbaycan\u0131n haqq i\u015finin davaml\u0131 q\u0259l\u0259b\u0259sini t\u0259min etdi. Uca Yaradan\u0131n k\u00f6m\u0259yi, d\u00f6vl\u0259t r\u0259hb\u0259rimizin q\u0259tiyy\u0259ti, ordumuzun h\u00fcn\u0259ri il\u0259 Az\u0259rbaycan\u0131n D\u00f6vl\u0259t Bayra\u011f\u0131 azad Qaraba\u011fda dal\u011falan\u0131r, m\u0259scidl\u0259rin minar\u0259l\u0259rind\u0259n Azan s\u0259sl\u0259ri ucal\u0131r, m\u00fcq\u0259dd\u0259s m\u0259b\u0259dl\u0259rimiz \u0259sar\u0259td\u0259n qurtulmu\u015fdur.<\/p>\n<p>M\u00f6ht\u0259r\u0259m c\u0259nab Prezident, biz, Az\u0259rbaycanda f\u0259aliyy\u0259t g\u00f6st\u0259r\u0259n dini konfessiyalar\u0131n r\u0259hb\u0259rl\u0259ri f\u0259xr edirik ki, dilind\u0259n v\u0259 dinind\u0259n as\u0131l\u0131 olmayaraq \u00f6lk\u0259mizin b\u00fct\u00fcn v\u0259t\u0259nda\u015flar\u0131na unudulmaz f\u0259xar\u0259t anlar\u0131 ya\u015fadan \u015fanl\u0131 Z\u0259f\u0259rin m\u00fc\u0259llifi Az\u0259rbaycan xalq\u0131n\u0131n b\u00f6y\u00fck o\u011flu, m\u00fcdrik v\u0259 q\u0259tiyy\u0259tli d\u00f6vl\u0259t r\u0259hb\u0259rimiz Zati-alil\u0259ri \u0130lham \u018fliyevdir. Bu m\u00fcbar\u0259k bayram biz\u0259 f\u00fcrs\u0259t verir ki, Az\u0259rbaycan d\u00f6vl\u0259ti v\u0259 c\u0259miyy\u0259ti \u00fc\u00e7\u00fcn b\u00f6y\u00fck xidm\u0259tl\u0259riniz\u0259 g\u00f6r\u0259 Siz\u0259 b\u00fct\u00fcn Az\u0259rbaycan dindarlar\u0131n\u0131n d\u0259rin t\u0259\u015f\u0259kk\u00fcr v\u0259 minn\u0259tdarl\u0131qlar\u0131n\u0131 bir daha ifad\u0259 ed\u0259k. Sizin r\u0259hb\u0259rliyinizl\u0259 multikultural, b\u0259\u015f\u0259ri d\u0259y\u0259rl\u0259r\u0259 sadiq Az\u0259rbaycan monoetnik, fa\u015fizm, vandalizm t\u0259zah\u00fcrl\u0259rin\u0259 haqq qazand\u0131ran Erm\u0259nistana qalib g\u0259ldi. \u0130\u015f\u011fal olunmu\u015f Az\u0259rbaycan torpaqlar\u0131nda erm\u0259ni vandalizminin ac\u0131 n\u0259tic\u0259l\u0259rini &#8211; v\u0259h\u015fic\u0259sin\u0259 da\u011f\u0131d\u0131lm\u0131\u015f \u015f\u0259h\u0259r v\u0259 k\u0259ndl\u0259ri seyr etm\u0259k n\u0259 q\u0259d\u0259r a\u011f\u0131r olsa da, Sizin \u00f6lk\u0259mizin Birinci vitse-prezidenti Mehriban xan\u0131m \u018fliyeva il\u0259 b\u0259rab\u0259r h\u0259min m\u0259kanlar\u0131n tezlikl\u0259 b\u0259rpas\u0131 istiqam\u0259tind\u0259 h\u0259yata ke\u00e7irdiyiniz geni\u015fmiqyasl\u0131 quruculuq i\u015fl\u0259ri, Allah evl\u0259rinin, m\u0259b\u0259d v\u0259 ibad\u0259t m\u0259kanlar\u0131n\u0131n yenid\u0259n in\u015fa-b\u0259rpas\u0131 il\u0259 ba\u011fl\u0131 irad\u0259 v\u0259 f\u0259aliyy\u0259tiniz bizi h\u0259dsiz sevindirir. Q\u0131sa zamanda Az\u0259rbaycan\u0131n Qaraba\u011f torpaqlar\u0131 Sizin m\u00f6hk\u0259m siyasi irad\u0259niz say\u0259sind\u0259 \u00f6z yeni, n\u0259fis g\u00f6rk\u0259mi, m\u00f6ht\u0259\u015f\u0259m infrastruktur layih\u0259l\u0259ri, abad \u015f\u0259h\u0259r v\u0259 k\u0259ndl\u0259ri, beyn\u0259lxalq hava limanlar\u0131 il\u0259 h\u0259r birimizi sevindirir. Az\u0259rbaycan dindarlar\u0131 Sizin xalq namin\u0259 g\u00f6rd\u00fcy\u00fcn\u00fcz i\u015fl\u0259ri y\u00fcks\u0259k d\u0259y\u0259rl\u0259ndirir, Uca Yaradan\u0131n l\u00fctf\u00fc, d\u00f6vl\u0259t ba\u015f\u00e7\u0131m\u0131z\u0131n r\u0259hb\u0259rliyi il\u0259 g\u0259l\u0259c\u0259yimiz\u0259 \u00fcmidl\u0259 bax\u0131r, Zati-alinizin Az\u0259rbaycan\u0131n \u0259min-amanl\u0131\u011f\u0131n\u0131, t\u0259r\u0259qqisini t\u0259min ed\u0259n siyasi d\u0259st-x\u0259ttini v\u0259 Sizinl\u0259 birg\u0259 b\u00f6y\u00fck s\u0259yl\u0259r g\u00f6st\u0259r\u0259n silahda\u015f\u0131n\u0131z Mehriban xan\u0131m \u018fliyevan\u0131n d\u0259y\u0259rli f\u0259aliyy\u0259tini h\u0259r zaman d\u0259st\u0259kl\u0259yirl\u0259r. Biz dini konfessiya r\u0259hb\u0259rl\u0259ri olaraq Siz\u0259 \u00f6lk\u0259 daxilind\u0259 v\u0259 beyn\u0259lxalq m\u00fcst\u0259vid\u0259 t\u0259qdir\u0259layiq f\u0259aliyy\u0259tiniz\u0259, Az\u0259rbaycandak\u0131 din-d\u00f6vl\u0259t m\u00fcnasib\u0259tl\u0259rinin y\u00fcks\u0259k s\u0259viyy\u0259sinin t\u0259mini istiqam\u0259tind\u0259 \u0259m\u0259li add\u0131mlar\u0131n\u0131za g\u00f6r\u0259 t\u0259msil etdiyimiz icmalar ad\u0131ndan d\u0259rin minn\u0259tdarl\u0131\u011f\u0131m\u0131z\u0131 bildirir, Uca Yaradandan b\u00fct\u00fcn \u0259m\u0259ll\u0259riniz\u0259 xeyir-dualar dil\u0259yirik.<\/p>\n<p>M\u00f6ht\u0259r\u0259m c\u0259nab Prezident, \u00f6lk\u0259 dindarlar\u0131n\u0131n ad\u0131ndan Sizi bir daha Z\u0259f\u0259r bayram\u0131 m\u00fcnasib\u0259til\u0259 \u00fcr\u0259kd\u0259n t\u0259brik edirik. Siz\u0259 v\u0259 ail\u0259niz\u0259 cansa\u011fl\u0131\u011f\u0131, xo\u015fb\u0259xtlik, \u015f\u0259r\u0259fli f\u0259aliyy\u0259tinizd\u0259 u\u011furlar dil\u0259yirik. Qoy bu Z\u0259f\u0259r bayram\u0131, b\u00f6y\u00fck Q\u0259l\u0259b\u0259mizin ilk ild\u00f6n\u00fcm\u00fc d\u00f6vl\u0259timizin v\u0259 xalq\u0131m\u0131z\u0131n regionda v\u0259 d\u00fcnyada yeni nailiyy\u0259t v\u0259 u\u011furlar\u0131na v\u0259sil\u0259 olsun! O Bir Yaradan\u0131m\u0131z daim yard\u0131m\u00e7\u0131n\u0131z olsun, \u00f6z l\u00fctf v\u0259 m\u0259rh\u0259m\u0259tini h\u0259r zaman Az\u0259rbaycan xalq\u0131 v\u0259 d\u00f6vl\u0259ti \u00fcz\u0259rind\u0259 b\u0259rq\u0259rar etsin, Az\u0259rbaycan\u0131 v\u0259 b\u00fct\u00fcn Yer k\u00fcr\u0259sini hifz etsin! Amin!&#8221;.<\/p>\n","protected":false},"excerpt":{"rendered":"<p>Az\u0259rbaycandak\u0131 dini konfessiyalar\u0131n r\u0259hb\u0259rl\u0259rind\u0259n Az\u0259rbaycan Respublikas\u0131n\u0131n Prezidenti \u0130lham \u018fliyev\u0259 t\u0259brik m\u0259ktubu g\u0259lib. ARANTV.AZ AZ\u018fRTAC-a istinad\u0259n bildirir ki,\u00a0m\u0259ktubda deyilir: &#8220;M\u00f6ht\u0259r\u0259m c\u0259nab Prezident, Biz, Az\u0259rbaycandak\u0131 dini konfessiyalar\u0131n r\u0259hb\u0259rl\u0259ri Zati-alinizi &#8211; d\u00fcnya \u015f\u00f6hr\u0259tli qalib siyasi lideri Az\u0259rbaycan xalq\u0131n\u0131n V\u0259t\u0259n m\u00fcharib\u0259sind\u0259 qazand\u0131\u011f\u0131 Z\u0259f\u0259r G\u00fcn\u00fc m\u00fcnasib\u0259til\u0259 s\u0259mimi q\u0259lbd\u0259n t\u0259brik etm\u0259kd\u0259n \u015f\u0259r\u0259f duyuruq. Az\u0259rbaycan xalq\u0131 v\u0259 d\u00f6vl\u0259ti namin\u0259 misilsiz f\u0259aliyy\u0259tinizd\u0259 Siz\u0259 Ulu Yaradandan u\u011furlar dil\u0259yirik. M\u00f6ht\u0259r\u0259m c\u0259nab Prezident, xalq\u0131m\u0131z \u00f6z tarixinin \u0259n m\u00f6ht\u0259\u015f\u0259m bayram sevincini &#8211; V\u0259t\u0259n m\u00fcharib\u0259sind\u0259ki Z\u0259f\u0259rinin q\u00fcrurunu ya\u015fay\u0131r. Az\u0259rbaycan xalq\u0131n\u0131n haqq m\u00fcbariz\u0259sinin qalibiyy\u0259t dastan\u0131n\u0131 d\u00fcnya tarixi s\u0259hif\u0259l\u0259rin\u0259 m\u00f6ht\u0259\u015f\u0259m Z\u0259f\u0259r G\u00fcn\u00fc kimi h\u0259kk etmi\u015f&hellip;<\/p>\n","protected":false},"author":2,"featured_media":400623,"comment_status":"closed","ping_status":"closed","sticky":false,"template":"","format":"standard","meta":{"om_disable_all_campaigns":false,"_monsterinsights_skip_tracking":false,"_monsterinsights_sitenote_active":false,"_monsterinsights_sitenote_note":"","_monsterinsights_sitenote_category":0},"categories":[4],"tags":[],"aioseo_notices":[],"gutentor_comment":0,"rttpg_featured_image_url":{"full":["https:\/\/arantv.az\/wp-content\/uploads\/2021\/11\/ilham_aliyev_2020_51.jpg",800,600,false],"landscape":["https:\/\/arantv.az\/wp-content\/uploads\/2021\/11\/ilham_aliyev_2020_51.jpg",800,600,false],"portraits":["https:\/\/arantv.az\/wp-content\/uploads\/2021\/11\/ilham_aliyev_2020_51.jpg",800,600,false],"thumbnail":["https:\/\/arantv.az\/wp-content\/uploads\/2021\/11\/ilham_aliyev_2020_51-500x280.jpg",500,280,true],"medium":["https:\/\/arantv.az\/wp-content\/uploads\/2021\/11\/ilham_aliyev_2020_51-487x365.jpg",487,365,true],"large":["https:\/\/arantv.az\/wp-content\/uploads\/2021\/11\/ilham_aliyev_2020_51.jpg",640,480,false],"1536x1536":["https:\/\/arantv.az\/wp-content\/uploads\/2021\/11\/ilham_aliyev_2020_51.jpg",800,600,false],"2048x2048":["https:\/\/arantv.az\/wp-content\/uploads\/2021\/11\/ilham_aliyev_2020_51.jpg",800,600,false],"post-thumbnail":["https:\/\/arantv.az\/wp-content\/uploads\/2021\/11\/ilham_aliyev_2020_51-240x172.jpg",240,172,true],"advps-thumb-one":["https:\/\/arantv.az\/wp-content\/uploads\/2021\/11\/ilham_aliyev_2020_51.jpg",800,600,false]},"rttpg_author":{"display_name":"V\u00fcsal Rafiqo\u011flu","author_link":"https:\/\/arantv.az\/?author=2"},"rttpg_comment":0,"rttpg_category":"<a href=\"https:\/\/arantv.az\/?cat=4\" rel=\"category\">Siyas\u0259t<\/a>","rttpg_excerpt":"Az\u0259rbaycandak\u0131 dini konfessiyalar\u0131n r\u0259hb\u0259rl\u0259rind\u0259n Az\u0259rbaycan Respublikas\u0131n\u0131n Prezidenti \u0130lham \u018fliyev\u0259 t\u0259brik m\u0259ktubu g\u0259lib. ARANTV.AZ AZ\u018fRTAC-a istinad\u0259n bildirir ki,\u00a0m\u0259ktubda deyilir: &#8220;M\u00f6ht\u0259r\u0259m c\u0259nab Prezident, Biz, Az\u0259rbaycandak\u0131 dini konfessiyalar\u0131n r\u0259hb\u0259rl\u0259ri Zati-alinizi &#8211; d\u00fcnya \u015f\u00f6hr\u0259tli qalib siyasi lideri Az\u0259rbaycan xalq\u0131n\u0131n V\u0259t\u0259n m\u00fcharib\u0259sind\u0259 qazand\u0131\u011f\u0131 Z\u0259f\u0259r G\u00fcn\u00fc m\u00fcnasib\u0259til\u0259 s\u0259mimi q\u0259lbd\u0259n t\u0259brik etm\u0259kd\u0259n \u015f\u0259r\u0259f duyuruq. Az\u0259rbaycan xalq\u0131 v\u0259 d\u00f6vl\u0259ti namin\u0259 misilsiz f\u0259aliyy\u0259tinizd\u0259 Siz\u0259&hellip;","_links":{"self":[{"href":"https:\/\/arantv.az\/index.php?rest_route=\/wp\/v2\/posts\/400622"}],"collection":[{"href":"https:\/\/arantv.az\/index.php?rest_route=\/wp\/v2\/posts"}],"about":[{"href":"https:\/\/arantv.az\/index.php?rest_route=\/wp\/v2\/types\/post"}],"author":[{"embeddable":true,"href":"https:\/\/arantv.az\/index.php?rest_route=\/wp\/v2\/users\/2"}],"replies":[{"embeddable":true,"href":"https:\/\/arantv.az\/index.php?rest_route=%2Fwp%2Fv2%2Fcomments&post=400622"}],"version-history":[{"count":0,"href":"https:\/\/arantv.az\/index.php?rest_route=\/wp\/v2\/posts\/400622\/revisions"}],"wp:featuredmedia":[{"embeddable":true,"href":"https:\/\/arantv.az\/index.php?rest_route=\/wp\/v2\/media\/400623"}],"wp:attachment":[{"href":"https:\/\/arantv.az\/index.php?rest_route=%2Fwp%2Fv2%2Fmedia&parent=400622"}],"wp:term":[{"taxonomy":"category","embeddable":true,"href":"https:\/\/arantv.az\/index.php?rest_route=%2Fwp%2Fv2%2Fcategories&post=400622"},{"taxonomy":"post_tag","embeddable":true,"href":"https:\/\/arantv.az\/index.php?rest_route=%2Fwp%2Fv2%2Ftags&post=400622"}],"curies":[{"name":"wp","href":"https:\/\/api.w.org\/{rel}","templated":true}]}}