{"id":400628,"date":"2021-11-06T13:54:27","date_gmt":"2021-11-06T10:54:27","guid":{"rendered":"http:\/\/arantv.az\/?p=400628"},"modified":"2021-11-06T13:54:27","modified_gmt":"2021-11-06T10:54:27","slug":"d%c9%99niz-mallda-z%c9%99f%c9%99r-gunu-xususi-qeyd-edil%c9%99c%c9%99k","status":"publish","type":"post","link":"https:\/\/arantv.az\/?p=400628","title":{"rendered":"\u201cD\u0259niz Mall\u201dda Z\u0259f\u0259r G\u00fcn\u00fc x\u00fcsusi qeyd edil\u0259c\u0259k"},"content":{"rendered":"<p>\u015eanl\u0131 q\u0259l\u0259b\u0259mizin birinci ild\u00f6n\u00fcm\u00fc \u201cD\u0259niz Mall\u201d Ticar\u0259t v\u0259 \u018fyl\u0259nc\u0259 M\u0259rk\u0259zind\u0259 t\u0259nt\u0259n\u0259li qeyd olunacaq.<\/p>\n<p>Z\u0259f\u0259r G\u00fcn\u00fc m\u00fcnasib\u0259til\u0259 ticar\u0259t m\u0259rk\u0259zind\u0259 s\u0259rgi t\u0259\u015fkil edil\u0259c\u0259k.<\/p>\n<p>\u201cB\u00f6y\u00fck Q\u0259l\u0259b\u0259 u\u015faqlar\u0131n g\u00f6z\u00fc il\u0259\u201d adlanan s\u0259rgid\u0259 8-13 ya\u015fl\u0131 u\u015faqlar\u0131n m\u00f6vzu il\u0259 ba\u011fl\u0131 r\u0259sml\u0259ri n\u00fcmayi\u015f etdiril\u0259c\u0259k. S\u0259rginin ke\u00e7irilm\u0259sind\u0259 \u0259sas m\u0259qs\u0259d u\u015faqlara v\u0259t\u0259np\u0259rv\u0259rlik ruhunun v\u0259 Z\u0259f\u0259r G\u00fcn\u00fcn\u00fcn xalq\u0131m\u0131z \u00fc\u00e7\u00fcn \u00f6n\u0259minin a\u015f\u0131lanmas\u0131d\u0131r. S\u0259rgid\u0259 r\u0259sml\u0259ri n\u00fcmayi\u015f etdiril\u0259n u\u015faqlar m\u00fcxt\u0259lif h\u0259v\u0259sl\u0259ndirici h\u0259diyy\u0259l\u0259rl\u0259 m\u00fckafatland\u0131r\u0131lacaqlar.<\/p>\n<div id=\"AdviadNativeVideo0\" class=\"AdviadNativeVideo\"><\/div>\n<p>Bak\u0131 Kamera orkestri, u\u015faq v\u0259 b\u00f6y\u00fckl\u0259rd\u0259n ibar\u0259t xor ill\u0259rdi g\u00f6zl\u0259diyimiz bayrama m\u00f6ht\u0259\u015f\u0259m r\u0259ng qatacaq.<\/p>\n<p>T\u0259dbir \u00e7\u0259r\u00e7iv\u0259sind\u0259 \u201cD\u0259niz Mall\u201dda yerl\u0259\u015f\u0259n fontanda unikal su \u015fousunun g\u00f6st\u0259rilm\u0259si n\u0259z\u0259rd\u0259 tutulub.<\/p>\n<p>Z\u0259f\u0259r G\u00fcn\u00fc ab-havas\u0131n\u0131 hiss etm\u0259k \u00fc\u00e7\u00fcn h\u0259r k\u0259si \u201cD\u0259niz Mall\u201d Ticar\u0259t v\u0259 \u018fyl\u0259nc\u0259 M\u0259rk\u0259zini ziyar\u0259t etm\u0259y\u0259 d\u0259v\u0259t edirik.<\/p>\n","protected":false},"excerpt":{"rendered":"<p>\u015eanl\u0131 q\u0259l\u0259b\u0259mizin birinci ild\u00f6n\u00fcm\u00fc \u201cD\u0259niz Mall\u201d Ticar\u0259t v\u0259 \u018fyl\u0259nc\u0259 M\u0259rk\u0259zind\u0259 t\u0259nt\u0259n\u0259li qeyd olunacaq. Z\u0259f\u0259r G\u00fcn\u00fc m\u00fcnasib\u0259til\u0259 ticar\u0259t m\u0259rk\u0259zind\u0259 s\u0259rgi t\u0259\u015fkil edil\u0259c\u0259k. \u201cB\u00f6y\u00fck Q\u0259l\u0259b\u0259 u\u015faqlar\u0131n g\u00f6z\u00fc il\u0259\u201d adlanan s\u0259rgid\u0259 8-13 ya\u015fl\u0131 u\u015faqlar\u0131n m\u00f6vzu il\u0259 ba\u011fl\u0131 r\u0259sml\u0259ri n\u00fcmayi\u015f etdiril\u0259c\u0259k. S\u0259rginin ke\u00e7irilm\u0259sind\u0259 \u0259sas m\u0259qs\u0259d u\u015faqlara v\u0259t\u0259np\u0259rv\u0259rlik ruhunun v\u0259 Z\u0259f\u0259r G\u00fcn\u00fcn\u00fcn xalq\u0131m\u0131z \u00fc\u00e7\u00fcn \u00f6n\u0259minin a\u015f\u0131lanmas\u0131d\u0131r. S\u0259rgid\u0259 r\u0259sml\u0259ri n\u00fcmayi\u015f etdiril\u0259n u\u015faqlar m\u00fcxt\u0259lif h\u0259v\u0259sl\u0259ndirici h\u0259diyy\u0259l\u0259rl\u0259 m\u00fckafatland\u0131r\u0131lacaqlar. Bak\u0131 Kamera orkestri, u\u015faq v\u0259 b\u00f6y\u00fckl\u0259rd\u0259n ibar\u0259t xor ill\u0259rdi g\u00f6zl\u0259diyimiz bayrama m\u00f6ht\u0259\u015f\u0259m r\u0259ng qatacaq. T\u0259dbir \u00e7\u0259r\u00e7iv\u0259sind\u0259 \u201cD\u0259niz Mall\u201dda yerl\u0259\u015f\u0259n fontanda unikal su \u015fousunun g\u00f6st\u0259rilm\u0259si n\u0259z\u0259rd\u0259 tutulub. Z\u0259f\u0259r G\u00fcn\u00fc ab-havas\u0131n\u0131 hiss&hellip;<\/p>\n","protected":false},"author":2,"featured_media":400629,"comment_status":"closed","ping_status":"closed","sticky":false,"template":"","format":"standard","meta":{"om_disable_all_campaigns":false,"_monsterinsights_skip_tracking":false,"_monsterinsights_sitenote_active":false,"_monsterinsights_sitenote_note":"","_monsterinsights_sitenote_category":0},"categories":[26],"tags":[],"aioseo_notices":[],"gutentor_comment":0,"rttpg_featured_image_url":{"full":["https:\/\/arantv.az\/wp-content\/uploads\/2021\/11\/deniz-mall_1.jpg",800,530,false],"landscape":["https:\/\/arantv.az\/wp-content\/uploads\/2021\/11\/deniz-mall_1.jpg",800,530,false],"portraits":["https:\/\/arantv.az\/wp-content\/uploads\/2021\/11\/deniz-mall_1.jpg",800,530,false],"thumbnail":["https:\/\/arantv.az\/wp-content\/uploads\/2021\/11\/deniz-mall_1-500x280.jpg",500,280,true],"medium":["https:\/\/arantv.az\/wp-content\/uploads\/2021\/11\/deniz-mall_1-551x365.jpg",551,365,true],"large":["https:\/\/arantv.az\/wp-content\/uploads\/2021\/11\/deniz-mall_1.jpg",640,424,false],"1536x1536":["https:\/\/arantv.az\/wp-content\/uploads\/2021\/11\/deniz-mall_1.jpg",800,530,false],"2048x2048":["https:\/\/arantv.az\/wp-content\/uploads\/2021\/11\/deniz-mall_1.jpg",800,530,false],"post-thumbnail":["https:\/\/arantv.az\/wp-content\/uploads\/2021\/11\/deniz-mall_1-240x172.jpg",240,172,true],"advps-thumb-one":["https:\/\/arantv.az\/wp-content\/uploads\/2021\/11\/deniz-mall_1.jpg",800,530,false]},"rttpg_author":{"display_name":"V\u00fcsal Rafiqo\u011flu","author_link":"https:\/\/arantv.az\/?author=2"},"rttpg_comment":0,"rttpg_category":"<a href=\"https:\/\/arantv.az\/?cat=26\" rel=\"category\">Sosial<\/a>","rttpg_excerpt":"\u015eanl\u0131 q\u0259l\u0259b\u0259mizin birinci ild\u00f6n\u00fcm\u00fc \u201cD\u0259niz Mall\u201d Ticar\u0259t v\u0259 \u018fyl\u0259nc\u0259 M\u0259rk\u0259zind\u0259 t\u0259nt\u0259n\u0259li qeyd olunacaq. Z\u0259f\u0259r G\u00fcn\u00fc m\u00fcnasib\u0259til\u0259 ticar\u0259t m\u0259rk\u0259zind\u0259 s\u0259rgi t\u0259\u015fkil edil\u0259c\u0259k. \u201cB\u00f6y\u00fck Q\u0259l\u0259b\u0259 u\u015faqlar\u0131n g\u00f6z\u00fc il\u0259\u201d adlanan s\u0259rgid\u0259 8-13 ya\u015fl\u0131 u\u015faqlar\u0131n m\u00f6vzu il\u0259 ba\u011fl\u0131 r\u0259sml\u0259ri n\u00fcmayi\u015f etdiril\u0259c\u0259k. S\u0259rginin ke\u00e7irilm\u0259sind\u0259 \u0259sas m\u0259qs\u0259d u\u015faqlara v\u0259t\u0259np\u0259rv\u0259rlik ruhunun v\u0259 Z\u0259f\u0259r G\u00fcn\u00fcn\u00fcn xalq\u0131m\u0131z \u00fc\u00e7\u00fcn \u00f6n\u0259minin a\u015f\u0131lanmas\u0131d\u0131r. S\u0259rgid\u0259 r\u0259sml\u0259ri n\u00fcmayi\u015f etdiril\u0259n&hellip;","_links":{"self":[{"href":"https:\/\/arantv.az\/index.php?rest_route=\/wp\/v2\/posts\/400628"}],"collection":[{"href":"https:\/\/arantv.az\/index.php?rest_route=\/wp\/v2\/posts"}],"about":[{"href":"https:\/\/arantv.az\/index.php?rest_route=\/wp\/v2\/types\/post"}],"author":[{"embeddable":true,"href":"https:\/\/arantv.az\/index.php?rest_route=\/wp\/v2\/users\/2"}],"replies":[{"embeddable":true,"href":"https:\/\/arantv.az\/index.php?rest_route=%2Fwp%2Fv2%2Fcomments&post=400628"}],"version-history":[{"count":0,"href":"https:\/\/arantv.az\/index.php?rest_route=\/wp\/v2\/posts\/400628\/revisions"}],"wp:featuredmedia":[{"embeddable":true,"href":"https:\/\/arantv.az\/index.php?rest_route=\/wp\/v2\/media\/400629"}],"wp:attachment":[{"href":"https:\/\/arantv.az\/index.php?rest_route=%2Fwp%2Fv2%2Fmedia&parent=400628"}],"wp:term":[{"taxonomy":"category","embeddable":true,"href":"https:\/\/arantv.az\/index.php?rest_route=%2Fwp%2Fv2%2Fcategories&post=400628"},{"taxonomy":"post_tag","embeddable":true,"href":"https:\/\/arantv.az\/index.php?rest_route=%2Fwp%2Fv2%2Ftags&post=400628"}],"curies":[{"name":"wp","href":"https:\/\/api.w.org\/{rel}","templated":true}]}}