{"id":400644,"date":"2021-11-06T14:31:57","date_gmt":"2021-11-06T11:31:57","guid":{"rendered":"http:\/\/arantv.az\/?p=400644"},"modified":"2021-11-06T14:31:57","modified_gmt":"2021-11-06T11:31:57","slug":"pakistan-h%c9%99r-zaman-az%c9%99rbaycani-d%c9%99st%c9%99kl%c9%99y%c9%99c%c9%99k","status":"publish","type":"post","link":"https:\/\/arantv.az\/?p=400644","title":{"rendered":"Pakistan h\u0259r zaman Az\u0259rbaycan\u0131 d\u0259st\u0259kl\u0259y\u0259c\u0259k"},"content":{"rendered":"<p>Pakistan \u0130slam Respublikas\u0131 Milli Assambleyas\u0131n\u0131n s\u0259dri \u018fs\u0259d Qeys\u0259r Milli M\u0259clisin s\u0259dri Sahib\u0259 Qafarovaya 8 noyabr \u2013 Z\u0259f\u0259r G\u00fcn\u00fc m\u00fcnasib\u0259til\u0259 t\u0259brik m\u0259ktubu \u00fcnvanlay\u0131b.<\/p>\n<p><strong>ARANTV.AZ\u00a0 x\u0259b\u0259r verir ki,<\/strong>\u00a0Milli M\u0259clisin M\u0259tbuat v\u0259 ictimaiyy\u0259tl\u0259 \u0259laq\u0259l\u0259r \u015f\u00f6b\u0259sind\u0259n\u00a0veril\u0259n m\u0259lumata g\u00f6r\u0259, m\u0259ktubda Pakistan Parlamentinin Milli Assambleyas\u0131n\u0131n spikeri 44 g\u00fcnl\u00fck V\u0259t\u0259n m\u00fcharib\u0259sinin birinci ild\u00f6n\u00fcm\u00fc m\u00fcnasib\u0259til\u0259 t\u0259brikl\u0259rini ifad\u0259 edib, \u00f6t\u0259nilki m\u00fcharib\u0259d\u0259 Az\u0259rbaycan\u0131n q\u0259l\u0259b\u0259sini \u0259lam\u0259tdar nailiyy\u0259t kimi qiym\u0259tl\u0259ndirib.<\/p>\n<p>\u018fs\u0259d Qeys\u0259r Az\u0259rbaycan \u0259razil\u0259rinin i\u015f\u011faldan azad edilm\u0259sinin Pakistanda da qeyd olundu\u011funu vur\u011fulay\u0131b. Bildirib ki, bu nailiyy\u0259t\u0259 g\u00f6r\u0259 Az\u0259rbaycan r\u0259hb\u0259rliyi, silahl\u0131 q\u00fcvv\u0259l\u0259ri v\u0259 xalq\u0131 h\u00f6rm\u0259t\u0259 v\u0259 alq\u0131\u015fa layiqdir.<\/p>\n<p>Spiker m\u0259ktubunda Az\u0259rbaycan\u0131n i\u015f\u011fal olunmu\u015f torpaqlar\u0131n\u0131n azad edilm\u0259sind\u0259 y\u00fcks\u0259k pe\u015f\u0259karl\u0131q v\u0259 \u015f\u00fcca\u0259t g\u00f6st\u0259rmi\u015f V\u0259t\u0259n m\u00fcharib\u0259si \u015f\u0259hidl\u0259rin\u0259 \u00f6z ehtiram\u0131n\u0131 bildirib. Diqq\u0259t\u0259 \u00e7atd\u0131r\u0131b ki, Pakistan h\u00f6kum\u0259ti, parlamenti v\u0259 xalq\u0131 h\u0259r zaman BMT q\u0259tnam\u0259l\u0259rin\u0259 uy\u011fun olaraq Az\u0259rbaycan\u0131n \u0259razi b\u00fct\u00f6vl\u00fcy\u00fcn\u00fc d\u0259st\u0259kl\u0259yib v\u0259 i\u015f\u011faldan azad edilmi\u015f \u0259razil\u0259rin b\u0259rpas\u0131 v\u0259 yenid\u0259n qurulmas\u0131 i\u015find\u0259 Az\u0259rbaycan\u0131 bundan sonra da d\u0259st\u0259kl\u0259y\u0259c\u0259k.<\/p>\n<p>Pakistan Milli Assambleyas\u0131n\u0131n s\u0259dri qarda\u015f Az\u0259rbaycan xalq\u0131na t\u0259r\u0259qqi v\u0259 firavanl\u0131q arzular\u0131n\u0131 ifad\u0259 edib.<\/p>\n","protected":false},"excerpt":{"rendered":"<p>Pakistan \u0130slam Respublikas\u0131 Milli Assambleyas\u0131n\u0131n s\u0259dri \u018fs\u0259d Qeys\u0259r Milli M\u0259clisin s\u0259dri Sahib\u0259 Qafarovaya 8 noyabr \u2013 Z\u0259f\u0259r G\u00fcn\u00fc m\u00fcnasib\u0259til\u0259 t\u0259brik m\u0259ktubu \u00fcnvanlay\u0131b. ARANTV.AZ\u00a0 x\u0259b\u0259r verir ki,\u00a0Milli M\u0259clisin M\u0259tbuat v\u0259 ictimaiyy\u0259tl\u0259 \u0259laq\u0259l\u0259r \u015f\u00f6b\u0259sind\u0259n\u00a0veril\u0259n m\u0259lumata g\u00f6r\u0259, m\u0259ktubda Pakistan Parlamentinin Milli Assambleyas\u0131n\u0131n spikeri 44 g\u00fcnl\u00fck V\u0259t\u0259n m\u00fcharib\u0259sinin birinci ild\u00f6n\u00fcm\u00fc m\u00fcnasib\u0259til\u0259 t\u0259brikl\u0259rini ifad\u0259 edib, \u00f6t\u0259nilki m\u00fcharib\u0259d\u0259 Az\u0259rbaycan\u0131n q\u0259l\u0259b\u0259sini \u0259lam\u0259tdar nailiyy\u0259t kimi qiym\u0259tl\u0259ndirib. \u018fs\u0259d Qeys\u0259r Az\u0259rbaycan \u0259razil\u0259rinin i\u015f\u011faldan azad edilm\u0259sinin Pakistanda da qeyd olundu\u011funu vur\u011fulay\u0131b. Bildirib ki, bu nailiyy\u0259t\u0259 g\u00f6r\u0259 Az\u0259rbaycan r\u0259hb\u0259rliyi, silahl\u0131 q\u00fcvv\u0259l\u0259ri v\u0259 xalq\u0131 h\u00f6rm\u0259t\u0259 v\u0259 alq\u0131\u015fa layiqdir. Spiker m\u0259ktubunda Az\u0259rbaycan\u0131n i\u015f\u011fal olunmu\u015f&hellip;<\/p>\n","protected":false},"author":2,"featured_media":400645,"comment_status":"closed","ping_status":"closed","sticky":false,"template":"","format":"standard","meta":{"om_disable_all_campaigns":false,"_monsterinsights_skip_tracking":false,"_monsterinsights_sitenote_active":false,"_monsterinsights_sitenote_note":"","_monsterinsights_sitenote_category":0},"categories":[4],"tags":[],"aioseo_notices":[],"gutentor_comment":0,"rttpg_featured_image_url":{"full":["https:\/\/arantv.az\/wp-content\/uploads\/2021\/11\/b59a51a3163619465766228637710035509.jpg",975,540,false],"landscape":["https:\/\/arantv.az\/wp-content\/uploads\/2021\/11\/b59a51a3163619465766228637710035509.jpg",975,540,false],"portraits":["https:\/\/arantv.az\/wp-content\/uploads\/2021\/11\/b59a51a3163619465766228637710035509.jpg",975,540,false],"thumbnail":["https:\/\/arantv.az\/wp-content\/uploads\/2021\/11\/b59a51a3163619465766228637710035509-500x280.jpg",500,280,true],"medium":["https:\/\/arantv.az\/wp-content\/uploads\/2021\/11\/b59a51a3163619465766228637710035509-660x365.jpg",660,365,true],"large":["https:\/\/arantv.az\/wp-content\/uploads\/2021\/11\/b59a51a3163619465766228637710035509-840x465.jpg",640,354,true],"1536x1536":["https:\/\/arantv.az\/wp-content\/uploads\/2021\/11\/b59a51a3163619465766228637710035509.jpg",975,540,false],"2048x2048":["https:\/\/arantv.az\/wp-content\/uploads\/2021\/11\/b59a51a3163619465766228637710035509.jpg",975,540,false],"post-thumbnail":["https:\/\/arantv.az\/wp-content\/uploads\/2021\/11\/b59a51a3163619465766228637710035509-240x172.jpg",240,172,true],"advps-thumb-one":["https:\/\/arantv.az\/wp-content\/uploads\/2021\/11\/b59a51a3163619465766228637710035509.jpg",975,540,false]},"rttpg_author":{"display_name":"V\u00fcsal Rafiqo\u011flu","author_link":"https:\/\/arantv.az\/?author=2"},"rttpg_comment":0,"rttpg_category":"<a href=\"https:\/\/arantv.az\/?cat=4\" rel=\"category\">Siyas\u0259t<\/a>","rttpg_excerpt":"Pakistan \u0130slam Respublikas\u0131 Milli Assambleyas\u0131n\u0131n s\u0259dri \u018fs\u0259d Qeys\u0259r Milli M\u0259clisin s\u0259dri Sahib\u0259 Qafarovaya 8 noyabr \u2013 Z\u0259f\u0259r G\u00fcn\u00fc m\u00fcnasib\u0259til\u0259 t\u0259brik m\u0259ktubu \u00fcnvanlay\u0131b. ARANTV.AZ\u00a0 x\u0259b\u0259r verir ki,\u00a0Milli M\u0259clisin M\u0259tbuat v\u0259 ictimaiyy\u0259tl\u0259 \u0259laq\u0259l\u0259r \u015f\u00f6b\u0259sind\u0259n\u00a0veril\u0259n m\u0259lumata g\u00f6r\u0259, m\u0259ktubda Pakistan Parlamentinin Milli Assambleyas\u0131n\u0131n spikeri 44 g\u00fcnl\u00fck V\u0259t\u0259n m\u00fcharib\u0259sinin birinci ild\u00f6n\u00fcm\u00fc m\u00fcnasib\u0259til\u0259 t\u0259brikl\u0259rini ifad\u0259 edib, \u00f6t\u0259nilki m\u00fcharib\u0259d\u0259 Az\u0259rbaycan\u0131n q\u0259l\u0259b\u0259sini \u0259lam\u0259tdar&hellip;","_links":{"self":[{"href":"https:\/\/arantv.az\/index.php?rest_route=\/wp\/v2\/posts\/400644"}],"collection":[{"href":"https:\/\/arantv.az\/index.php?rest_route=\/wp\/v2\/posts"}],"about":[{"href":"https:\/\/arantv.az\/index.php?rest_route=\/wp\/v2\/types\/post"}],"author":[{"embeddable":true,"href":"https:\/\/arantv.az\/index.php?rest_route=\/wp\/v2\/users\/2"}],"replies":[{"embeddable":true,"href":"https:\/\/arantv.az\/index.php?rest_route=%2Fwp%2Fv2%2Fcomments&post=400644"}],"version-history":[{"count":0,"href":"https:\/\/arantv.az\/index.php?rest_route=\/wp\/v2\/posts\/400644\/revisions"}],"wp:featuredmedia":[{"embeddable":true,"href":"https:\/\/arantv.az\/index.php?rest_route=\/wp\/v2\/media\/400645"}],"wp:attachment":[{"href":"https:\/\/arantv.az\/index.php?rest_route=%2Fwp%2Fv2%2Fmedia&parent=400644"}],"wp:term":[{"taxonomy":"category","embeddable":true,"href":"https:\/\/arantv.az\/index.php?rest_route=%2Fwp%2Fv2%2Fcategories&post=400644"},{"taxonomy":"post_tag","embeddable":true,"href":"https:\/\/arantv.az\/index.php?rest_route=%2Fwp%2Fv2%2Ftags&post=400644"}],"curies":[{"name":"wp","href":"https:\/\/api.w.org\/{rel}","templated":true}]}}