{"id":400647,"date":"2021-11-06T14:40:24","date_gmt":"2021-11-06T11:40:24","guid":{"rendered":"http:\/\/arantv.az\/?p=400647"},"modified":"2021-11-06T14:40:24","modified_gmt":"2021-11-06T11:40:24","slug":"avropa-g%c9%99nc-liderl%c9%99ri-olk%c9%99miz%c9%99-t%c9%99s%c9%99kkur-etdi-foto","status":"publish","type":"post","link":"https:\/\/arantv.az\/?p=400647","title":{"rendered":"Avropa g\u0259nc liderl\u0259ri \u00f6lk\u0259miz\u0259 t\u0259\u015f\u0259kk\u00fcr etdi &#8211; FOTO"},"content":{"rendered":"<p>Avropan\u0131n 30-dan \u00e7ox n\u00fcfuzlu g\u0259ncl\u0259r t\u0259\u015fkilat\u0131n\u0131n s\u0259dri Bak\u0131da \u201cAvropa G\u0259ncl\u0259ri S\u00fclh Namin\u0259\u201d adl\u0131 Beyn\u0259lxalq G\u0259ncl\u0259r Forumuna topla\u015f\u0131b.<\/p>\n<p><a href=\"https:\/\/youthfoundation.az\/126541\/\" target=\"_blank\" rel=\"noopener\">Az\u0259rbaycan G\u0259ncl\u0259r Fondu<\/a>ndan veril\u0259n m\u0259lumata g\u00f6r\u0259, M\u00fcz\u0259ff\u0259r Ali Ba\u015f Komandan \u0130lham \u018fliyevin r\u0259hb\u0259rliyi alt\u0131nda \u015fanl\u0131 ordumuzun qazand\u0131\u011f\u0131 tarixi z\u0259f\u0259r \u0259r\u0259f\u0259sind\u0259 ba\u015f tutan Forumun \u0259sas m\u00f6vzusu Avropada s\u00fclh v\u0259 t\u0259hl\u00fck\u0259sizliyin m\u00f6hk\u0259ml\u0259ndirilm\u0259sind\u0259 g\u0259ncl\u0259r t\u0259\u015fkilatlar\u0131n\u0131n rolu olacaqd\u0131r.<\/p>\n<p>Forumun a\u00e7\u0131l\u0131\u015f m\u0259rasimind\u0259 Avropan\u0131n 21 \u00f6lk\u0259sini t\u0259msil ed\u0259n n\u00fcfuzlu g\u0259ncl\u0259r t\u0259\u015fkilatlar\u0131n\u0131n 30-dan \u00e7ox r\u0259hb\u0259ri, g\u0259nc liderl\u0259r, f\u0259al g\u0259nc ekspertl\u0259r v\u0259\u00a0 \u00f6lk\u0259mizin apar\u0131c\u0131 g\u0259ncl\u0259r v\u0259 k\u00f6n\u00fcll\u00fcl\u0259r t\u0259\u015fkilatlar\u0131n\u0131n r\u0259hb\u0259rl\u0259ri, mill\u0259t v\u0259kill\u0259ri v\u0259 h\u00f6kum\u0259t n\u00fcmay\u0259nd\u0259l\u0259ri i\u015ftirak edibl\u0259r.<\/p>\n<div id=\"AdviadNativeVideo0\" class=\"AdviadNativeVideo\"><\/div>\n<p>\u00c7\u0131x\u0131\u015f ed\u0259nl\u0259r torpaqlar\u0131m\u0131z\u0131n i\u015f\u011faldan azad olunmas\u0131 u\u011frunda apar\u0131lan 44 g\u00fcnl\u00fck V\u0259t\u0259n m\u00fcharib\u0259sinin q\u0259hr\u0259manl\u0131q salnam\u0259si kimi tariximiz\u0259 yaz\u0131ld\u0131\u011f\u0131n\u0131 bildirib, \u015fanl\u0131 Z\u0259f\u0259rimizin ild\u00f6n\u00fcm\u00fcnd\u0259 n\u00fcfuzlu beyn\u0259lxalq g\u0259ncl\u0259r t\u0259\u015fkilatlar\u0131n\u0131n n\u00fcmay\u0259nd\u0259l\u0259rinin i\u015ftirak\u0131 il\u0259 ba\u015f tutan forumun haql\u0131 m\u00f6vqeyimizin daha geni\u015f miqyasda t\u0259qdimat\u0131 \u00fc\u00e7\u00fcn uy\u011fun platforma oldu\u011funu vur\u011fulay\u0131blar.<\/p>\n<p>Avropan\u0131n apar\u0131c\u0131 g\u0259ncl\u0259r t\u0259\u015fkilatlar\u0131n\u0131n n\u00fcmay\u0259nd\u0259l\u0259ri m\u00fcnaqi\u015f\u0259nin v\u0259 i\u015f\u011fal\u0131n bitm\u0259sinin Avropada s\u00fclh v\u0259 t\u0259hl\u00fck\u0259sizliyin\u00a0m\u00f6hk\u0259ml\u0259nm\u0259sind\u0259 x\u00fcsusi rolunu diqq\u0259t\u0259 \u00e7atd\u0131r\u0131raq, Az\u0259rbaycana bu x\u00fcsusda t\u0259\u015f\u0259kk\u00fcrl\u0259rini bildiribl\u0259r. Qeyd olunmu\u015fdur ki, bu z\u0259f\u0259r Az\u0259rbaycan xalq\u0131 il\u0259 yana\u015f\u0131 beyn\u0259lxalq ictimaiyy\u0259t \u00fc\u00e7\u00fcn d\u0259 x\u00fcsusi \u0259h\u0259miyy\u0259t da\u015f\u0131y\u0131r \u00e7\u00fcnki m\u00fcnaqi\u015f\u0259nin bitm\u0259si beyn\u0259lxalq h\u00fcququn v\u0259 \u0259dal\u0259tin t\u0259nt\u0259n\u0259si idi.<\/p>\n<p>Forum \u00e7\u0259r\u00e7iv\u0259sind\u0259, h\u0259m\u00e7inin s\u00fclh, t\u0259hl\u00fck\u0259sizlik v\u0259 m\u00fcnaqi\u015f\u0259l\u0259rin h\u0259llind\u0259 g\u0259ncl\u0259rin roluna dair 3 m\u00f6vzuda panel m\u00fczakir\u0259l\u0259ri t\u0259\u015fkil olunub. M\u00fczakir\u0259l\u0259r zaman\u0131 Az\u0259rbaycan xalq\u0131n\u0131 q\u0259l\u0259b\u0259 m\u00fcnasib\u0259til\u0259 t\u0259brik ed\u0259n qonaqlar, i\u015f\u011fala son qoyulmas\u0131n\u0131n Avropada s\u00fclh v\u0259 t\u0259hl\u00fck\u0259sizliyin t\u0259min olunmas\u0131na ver\u0259c\u0259yi m\u00fcsb\u0259t t\u00f6hf\u0259l\u0259r bar\u0259d\u0259 dan\u0131\u015f\u0131b, Az\u0259rbaycan t\u0259r\u0259finin regionda s\u00fclh\u00fcn b\u0259rq\u0259rar olunmas\u0131 il\u0259 ba\u011fl\u0131 davaml\u0131 \u00e7a\u011f\u0131r\u0131\u015flar\u0131n\u0131 pozitiv d\u0259y\u0259rl\u0259ndiribl\u0259r.<\/p>\n<p>N\u00f6vb\u0259ti g\u00fcnl\u0259rd\u0259 Forum i\u015ftirak\u00e7\u0131lar\u0131 d\u00f6vl\u0259t qurumlar\u0131nda g\u00f6r\u00fc\u015fl\u0259r ke\u00e7ir\u0259c\u0259k, V\u0259t\u0259n m\u00fcharib\u0259si d\u00f6vr\u00fcnd\u0259 Erm\u0259nistan t\u0259r\u0259find\u0259n raket h\u00fccumlar\u0131na m\u0259ruz qalm\u0131\u015f G\u0259nc\u0259 \u015f\u0259h\u0259rin\u0259, el\u0259c\u0259 d\u0259 i\u015f\u011faldan azad edilmi\u015f, vandalizm qurban\u0131 olan A\u011fdama s\u0259f\u0259rl\u0259r ed\u0259c\u0259kl\u0259r.<\/p>\n<p>Forumun yekununda Az\u0259rbaycan\u0131n C\u0259nubi Qafqaz v\u0259 regionda s\u00fclh, \u0259m\u0259kda\u015fl\u0131q, mehriban qon\u015fuluq v\u0259 t\u0259hl\u00fck\u0259sizliyin b\u0259rq\u0259rar olunmas\u0131 il\u0259 ba\u011fl\u0131 \u00e7a\u011f\u0131r\u0131\u015flar\u0131n\u0131 d\u0259st\u0259kl\u0259y\u0259n B\u0259yannam\u0259nin q\u0259bulu, Avropan\u0131n g\u0259ncl\u0259r t\u0259\u015fkilatlar\u0131n\u0131n i\u015ftirak\u0131 il\u0259 m\u0259rk\u0259zi Bak\u0131 \u015f\u0259h\u0259rind\u0259 olan \u201cAvropa G\u0259ncl\u0259rinin Davaml\u0131 S\u00fclh \u015e\u0259b\u0259k\u0259si\u201d adl\u0131 \u0259m\u0259kda\u015fl\u0131q platformas\u0131n\u0131n t\u0259sis olunmas\u0131 n\u0259z\u0259rd\u0259 tutulub.<\/p>\n<p>T\u0259dbird\u0259n \u00f6nc\u0259 forum i\u015ftirak\u00e7\u0131lar\u0131 \u015e\u0259hidl\u0259r Xiyaban\u0131, I v\u0259 II F\u0259xri Xiyabanlar\u0131 ziyar\u0259t edib v\u0259 Bak\u0131 Konqres M\u0259rk\u0259zind\u0259 \u201cQaraba\u011f h\u0259qiq\u0259tl\u0259ri fotolarda\u201d s\u0259rgisin\u0259 bax\u0131\u015f ke\u00e7irilib.<\/p>\n<p>Qeyd ed\u0259k ki, Forum Az\u0259rbaycan Respublikas\u0131n\u0131n G\u0259ncl\u0259r Fondunun d\u0259st\u0259yi, \u201cAz\u0259rbaycan Demokratik T\u0259l\u0259b\u0259 G\u0259ncl\u0259r T\u0259\u015fkilat\u0131\u201d \u0130ctimai Birliyinin t\u0259\u015fkilat\u00e7\u0131l\u0131\u011f\u0131 v\u0259 Az\u0259rbaycan Respublikas\u0131 G\u0259ncl\u0259r T\u0259\u015fkilatlar\u0131 Milli \u015euras\u0131n\u0131n t\u0259r\u0259fda\u015fl\u0131\u011f\u0131 il\u0259 ke\u00e7irilir.<\/p>\n<p>&nbsp;<\/p>\n<div class=\"gallery\">\n<div class=\"gallery-i\"><img src=\"https:\/\/cdn.oxu.az\/uploads\/W1siZiIsIjIwMjEvMTEvMDYvMTUvMjYvNTAvMzlhNzc2ZTctZWRmYy00NzgzLThmN2YtZjg0NTMzZmUxMWRlL0Q0NkE5NDk2LkpQRyJdLFsicCIsImVuY29kZSIsImpwZyIsIi1xdWFsaXR5IDgwIl0sWyJwIiwidGh1bWIiLCI1OTB4NTkwXHUwMDNlIl1d?sha=7ace286266e5f91b\" \/><\/p>\n<div class=\"gallery-i-caption\"><\/div>\n<\/div>\n<div class=\"gallery-i\"><img src=\"https:\/\/cdn.oxu.az\/uploads\/W1siZiIsIjIwMjEvMTEvMDYvMTUvMjYvNTcvNTI1ODY3NTMtOTQyNi00NTQyLWFkODEtNDMwZjQ2MjQ3MTQ5L0Q0NkE5NDk4LkpQRyJdLFsicCIsImVuY29kZSIsImpwZyIsIi1xdWFsaXR5IDgwIl0sWyJwIiwidGh1bWIiLCI1OTB4NTkwXHUwMDNlIl1d?sha=f2b23d8b711d4ce4\" \/><\/p>\n<div class=\"gallery-i-caption\"><\/div>\n<\/div>\n<div class=\"gallery-i\"><img src=\"https:\/\/cdn.oxu.az\/uploads\/W1siZiIsIjIwMjEvMTEvMDYvMTUvMjcvMDUvMDQ0MDUyMjktZjg0Yi00MjZiLWFjNDUtNDQ2MTYzZDgxNmMxL0Q0NkE5NTAwLkpQRyJdLFsicCIsImVuY29kZSIsImpwZyIsIi1xdWFsaXR5IDgwIl0sWyJwIiwidGh1bWIiLCI1OTB4NTkwXHUwMDNlIl1d?sha=5709ca6addc1482a\" \/><\/p>\n<div class=\"gallery-i-caption\"><\/div>\n<\/div>\n<div class=\"gallery-i\"><img src=\"https:\/\/cdn.oxu.az\/uploads\/W1siZiIsIjIwMjEvMTEvMDYvMTUvMjcvMTQvNTJlM2ZhMTUtNGM3Mi00NmQxLTliNTEtODM3MTA0YzU2ZTA4L0Q0NkE5NTExLkpQRyJdLFsicCIsImVuY29kZSIsImpwZyIsIi1xdWFsaXR5IDgwIl0sWyJwIiwidGh1bWIiLCI1OTB4NTkwXHUwMDNlIl1d?sha=6602fd99546af3c5\" \/><\/p>\n<div class=\"gallery-i-caption\"><\/div>\n<\/div>\n<div class=\"gallery-i\"><img src=\"https:\/\/cdn.oxu.az\/uploads\/W1siZiIsIjIwMjEvMTEvMDYvMTUvMjcvMjUvOTdlMjljOWItNTYwMi00MWNhLTk2ODMtMmY1YmFiZjk0M2NlL0Q0NkE5NTI5LkpQRyJdLFsicCIsImVuY29kZSIsImpwZyIsIi1xdWFsaXR5IDgwIl0sWyJwIiwidGh1bWIiLCI1OTB4NTkwXHUwMDNlIl1d?sha=9cbcf26755f3cf74\" \/><\/p>\n<div class=\"gallery-i-caption\"><\/div>\n<\/div>\n<div class=\"gallery-i\"><img src=\"https:\/\/cdn.oxu.az\/uploads\/W1siZiIsIjIwMjEvMTEvMDYvMTUvMjcvMzYvNDUxMzc3NGYtZTRlZC00NWZkLWFlM2YtZDA5NGUzYjc0Y2Y2L0Q0NkE5NTU5LkpQRyJdLFsicCIsImVuY29kZSIsImpwZyIsIi1xdWFsaXR5IDgwIl0sWyJwIiwidGh1bWIiLCI1OTB4NTkwXHUwMDNlIl1d?sha=f47b0bc7eb3bfe59\" \/><\/p>\n<div class=\"gallery-i-caption\"><\/div>\n<\/div>\n<div class=\"gallery-i\"><img src=\"https:\/\/cdn.oxu.az\/uploads\/W1siZiIsIjIwMjEvMTEvMDYvMTUvMjcvNTAvNzc5Njg1ZGEtNGY5Yi00ZjgzLWIxYjYtYjhkZDdmZTFjNzE1L0Q0NkE5NjUxLkpQRyJdLFsicCIsImVuY29kZSIsImpwZyIsIi1xdWFsaXR5IDgwIl0sWyJwIiwidGh1bWIiLCI1OTB4NTkwXHUwMDNlIl1d?sha=03a893e94bbe3d7e\" \/><\/p>\n<div class=\"gallery-i-caption\"><\/div>\n<\/div>\n<div class=\"gallery-i\"><img src=\"https:\/\/cdn.oxu.az\/uploads\/W1siZiIsIjIwMjEvMTEvMDYvMTUvMjgvMDYvN2EwMGE2NGEtYmU1NC00ZGMyLTgxNzAtZjA3ZDFhN2RhZWExL0Q0NkE5Njc0LkpQRyJdLFsicCIsImVuY29kZSIsImpwZyIsIi1xdWFsaXR5IDgwIl0sWyJwIiwidGh1bWIiLCI1OTB4NTkwXHUwMDNlIl1d?sha=94ad755ca18249fc\" \/><\/p>\n<div class=\"gallery-i-caption\"><\/div>\n<\/div>\n<div class=\"gallery-i\"><img src=\"https:\/\/cdn.oxu.az\/uploads\/W1siZiIsIjIwMjEvMTEvMDYvMTUvMjgvMTkvYzM4M2IxMTgtYmEyOC00YjJhLTkwY2QtNzRmYWRkMWY0NGQ0L0Q0NkE5NzM2LkpQRyJdLFsicCIsImVuY29kZSIsImpwZyIsIi1xdWFsaXR5IDgwIl0sWyJwIiwidGh1bWIiLCI1OTB4NTkwXHUwMDNlIl1d?sha=2f6caaaee26d092d\" \/><\/p>\n<div class=\"gallery-i-caption\"><\/div>\n<\/div>\n<div class=\"gallery-i\"><img src=\"https:\/\/cdn.oxu.az\/uploads\/W1siZiIsIjIwMjEvMTEvMDYvMTUvMjgvMzIvMGU2YjMwMGItNjg2Ny00M2ZjLWE1NzgtYjM4N2M0ZWQzNjg4L0lNR18xMDI5LkpQRyJdLFsicCIsImVuY29kZSIsImpwZyIsIi1xdWFsaXR5IDgwIl0sWyJwIiwidGh1bWIiLCI1OTB4NTkwXHUwMDNlIl1d?sha=c48ce0af9297258e\" \/><\/p>\n<div class=\"gallery-i-caption\"><\/div>\n<\/div>\n<div class=\"gallery-i\"><img src=\"https:\/\/cdn.oxu.az\/uploads\/W1siZiIsIjIwMjEvMTEvMDYvMTUvMjgvNDQvZGI0MTA5OGMtMjE3MS00ZDZjLTlhMjktZjAyYzQ1N2VkN2U3L0lNR18xMjIxLkpQRyJdLFsicCIsImVuY29kZSIsImpwZyIsIi1xdWFsaXR5IDgwIl0sWyJwIiwidGh1bWIiLCI1OTB4NTkwXHUwMDNlIl1d?sha=c21f7e2b1301ba16\" \/><\/p>\n<div class=\"gallery-i-caption\"><\/div>\n<\/div>\n<div class=\"gallery-i\"><img src=\"https:\/\/cdn.oxu.az\/uploads\/W1siZiIsIjIwMjEvMTEvMDYvMTUvMjkvMDUvZTQ0NTIxZDYtM2I3Yy00MWNkLWE0OTktYTJjZWVlYTFkYjAzL0lNR18xMjI4LkpQRyJdLFsicCIsImVuY29kZSIsImpwZyIsIi1xdWFsaXR5IDgwIl0sWyJwIiwidGh1bWIiLCI1OTB4NTkwXHUwMDNlIl1d?sha=33c27d76acdc083f\" \/><\/p>\n<div class=\"gallery-i-caption\"><\/div>\n<\/div>\n<div class=\"gallery-i\"><img src=\"https:\/\/cdn.oxu.az\/uploads\/W1siZiIsIjIwMjEvMTEvMDYvMTUvMjkvMTYvYWQxMGQyYmUtMTdkYy00YmRhLTk1NTItOTVjZWI5NDc0ODJhL0lNR18xMjU5LkpQRyJdLFsicCIsImVuY29kZSIsImpwZyIsIi1xdWFsaXR5IDgwIl0sWyJwIiwidGh1bWIiLCI1OTB4NTkwXHUwMDNlIl1d?sha=48c9909517bfb0d7\" \/><\/div>\n<\/div>\n","protected":false},"excerpt":{"rendered":"<p>Avropan\u0131n 30-dan \u00e7ox n\u00fcfuzlu g\u0259ncl\u0259r t\u0259\u015fkilat\u0131n\u0131n s\u0259dri Bak\u0131da \u201cAvropa G\u0259ncl\u0259ri S\u00fclh Namin\u0259\u201d adl\u0131 Beyn\u0259lxalq G\u0259ncl\u0259r Forumuna topla\u015f\u0131b. Az\u0259rbaycan G\u0259ncl\u0259r Fondundan veril\u0259n m\u0259lumata g\u00f6r\u0259, M\u00fcz\u0259ff\u0259r Ali Ba\u015f Komandan \u0130lham \u018fliyevin r\u0259hb\u0259rliyi alt\u0131nda \u015fanl\u0131 ordumuzun qazand\u0131\u011f\u0131 tarixi z\u0259f\u0259r \u0259r\u0259f\u0259sind\u0259 ba\u015f tutan Forumun \u0259sas m\u00f6vzusu Avropada s\u00fclh v\u0259 t\u0259hl\u00fck\u0259sizliyin m\u00f6hk\u0259ml\u0259ndirilm\u0259sind\u0259 g\u0259ncl\u0259r t\u0259\u015fkilatlar\u0131n\u0131n rolu olacaqd\u0131r. Forumun a\u00e7\u0131l\u0131\u015f m\u0259rasimind\u0259 Avropan\u0131n 21 \u00f6lk\u0259sini t\u0259msil ed\u0259n n\u00fcfuzlu g\u0259ncl\u0259r t\u0259\u015fkilatlar\u0131n\u0131n 30-dan \u00e7ox r\u0259hb\u0259ri, g\u0259nc liderl\u0259r, f\u0259al g\u0259nc ekspertl\u0259r v\u0259\u00a0 \u00f6lk\u0259mizin apar\u0131c\u0131 g\u0259ncl\u0259r v\u0259 k\u00f6n\u00fcll\u00fcl\u0259r t\u0259\u015fkilatlar\u0131n\u0131n r\u0259hb\u0259rl\u0259ri, mill\u0259t v\u0259kill\u0259ri v\u0259 h\u00f6kum\u0259t n\u00fcmay\u0259nd\u0259l\u0259ri i\u015ftirak edibl\u0259r. \u00c7\u0131x\u0131\u015f ed\u0259nl\u0259r torpaqlar\u0131m\u0131z\u0131n i\u015f\u011faldan azad&hellip;<\/p>\n","protected":false},"author":2,"featured_media":400648,"comment_status":"closed","ping_status":"closed","sticky":false,"template":"","format":"standard","meta":{"om_disable_all_campaigns":false,"_monsterinsights_skip_tracking":false,"_monsterinsights_sitenote_active":false,"_monsterinsights_sitenote_note":"","_monsterinsights_sitenote_category":0},"categories":[26],"tags":[],"aioseo_notices":[],"gutentor_comment":0,"rttpg_featured_image_url":{"full":["https:\/\/arantv.az\/wp-content\/uploads\/2021\/11\/D46A9736.jpg",620,413,false],"landscape":["https:\/\/arantv.az\/wp-content\/uploads\/2021\/11\/D46A9736.jpg",620,413,false],"portraits":["https:\/\/arantv.az\/wp-content\/uploads\/2021\/11\/D46A9736.jpg",620,413,false],"thumbnail":["https:\/\/arantv.az\/wp-content\/uploads\/2021\/11\/D46A9736-500x280.jpg",500,280,true],"medium":["https:\/\/arantv.az\/wp-content\/uploads\/2021\/11\/D46A9736-548x365.jpg",548,365,true],"large":["https:\/\/arantv.az\/wp-content\/uploads\/2021\/11\/D46A9736.jpg",620,413,false],"1536x1536":["https:\/\/arantv.az\/wp-content\/uploads\/2021\/11\/D46A9736.jpg",620,413,false],"2048x2048":["https:\/\/arantv.az\/wp-content\/uploads\/2021\/11\/D46A9736.jpg",620,413,false],"post-thumbnail":["https:\/\/arantv.az\/wp-content\/uploads\/2021\/11\/D46A9736-240x172.jpg",240,172,true],"advps-thumb-one":["https:\/\/arantv.az\/wp-content\/uploads\/2021\/11\/D46A9736.jpg",620,413,false]},"rttpg_author":{"display_name":"V\u00fcsal Rafiqo\u011flu","author_link":"https:\/\/arantv.az\/?author=2"},"rttpg_comment":0,"rttpg_category":"<a href=\"https:\/\/arantv.az\/?cat=26\" rel=\"category\">Sosial<\/a>","rttpg_excerpt":"Avropan\u0131n 30-dan \u00e7ox n\u00fcfuzlu g\u0259ncl\u0259r t\u0259\u015fkilat\u0131n\u0131n s\u0259dri Bak\u0131da \u201cAvropa G\u0259ncl\u0259ri S\u00fclh Namin\u0259\u201d adl\u0131 Beyn\u0259lxalq G\u0259ncl\u0259r Forumuna topla\u015f\u0131b. Az\u0259rbaycan G\u0259ncl\u0259r Fondundan veril\u0259n m\u0259lumata g\u00f6r\u0259, M\u00fcz\u0259ff\u0259r Ali Ba\u015f Komandan \u0130lham \u018fliyevin r\u0259hb\u0259rliyi alt\u0131nda \u015fanl\u0131 ordumuzun qazand\u0131\u011f\u0131 tarixi z\u0259f\u0259r \u0259r\u0259f\u0259sind\u0259 ba\u015f tutan Forumun \u0259sas m\u00f6vzusu Avropada s\u00fclh v\u0259 t\u0259hl\u00fck\u0259sizliyin m\u00f6hk\u0259ml\u0259ndirilm\u0259sind\u0259 g\u0259ncl\u0259r t\u0259\u015fkilatlar\u0131n\u0131n rolu olacaqd\u0131r. Forumun a\u00e7\u0131l\u0131\u015f m\u0259rasimind\u0259 Avropan\u0131n&hellip;","_links":{"self":[{"href":"https:\/\/arantv.az\/index.php?rest_route=\/wp\/v2\/posts\/400647"}],"collection":[{"href":"https:\/\/arantv.az\/index.php?rest_route=\/wp\/v2\/posts"}],"about":[{"href":"https:\/\/arantv.az\/index.php?rest_route=\/wp\/v2\/types\/post"}],"author":[{"embeddable":true,"href":"https:\/\/arantv.az\/index.php?rest_route=\/wp\/v2\/users\/2"}],"replies":[{"embeddable":true,"href":"https:\/\/arantv.az\/index.php?rest_route=%2Fwp%2Fv2%2Fcomments&post=400647"}],"version-history":[{"count":0,"href":"https:\/\/arantv.az\/index.php?rest_route=\/wp\/v2\/posts\/400647\/revisions"}],"wp:featuredmedia":[{"embeddable":true,"href":"https:\/\/arantv.az\/index.php?rest_route=\/wp\/v2\/media\/400648"}],"wp:attachment":[{"href":"https:\/\/arantv.az\/index.php?rest_route=%2Fwp%2Fv2%2Fmedia&parent=400647"}],"wp:term":[{"taxonomy":"category","embeddable":true,"href":"https:\/\/arantv.az\/index.php?rest_route=%2Fwp%2Fv2%2Fcategories&post=400647"},{"taxonomy":"post_tag","embeddable":true,"href":"https:\/\/arantv.az\/index.php?rest_route=%2Fwp%2Fv2%2Ftags&post=400647"}],"curies":[{"name":"wp","href":"https:\/\/api.w.org\/{rel}","templated":true}]}}