{"id":400656,"date":"2021-11-06T14:58:31","date_gmt":"2021-11-06T11:58:31","guid":{"rendered":"http:\/\/arantv.az\/?p=400656"},"modified":"2021-11-06T14:58:31","modified_gmt":"2021-11-06T11:58:31","slug":"forumda-muzakir%c9%99-edil%c9%99n-movzular-probleml%c9%99rin-h%c9%99llin%c9%99-faydasini-ver%c9%99c%c9%99k-ismail-serageldin","status":"publish","type":"post","link":"https:\/\/arantv.az\/?p=400656","title":{"rendered":"Forumda m\u00fczakir\u0259 edil\u0259n m\u00f6vzular probleml\u0259rin h\u0259llin\u0259 faydas\u0131n\u0131 ver\u0259c\u0259k &#8211; \u0130smail Serageldin"},"content":{"rendered":"<p>Noyabr\u0131n 4-d\u0259n 6-d\u0259k ke\u00e7iril\u0259n VIII Qlobal Bak\u0131 Forumu b\u00f6y\u00fck qlobal \u0259h\u0259miyy\u0259t\u0259 malikdir. Forumda m\u00fcxt\u0259lif m\u00f6vzularda m\u00fczakir\u0259l\u0259r apar\u0131l\u0131r. &#8220;COVID-19 pandemiyas\u0131ndan sonrak\u0131 d\u00fcnya&#8221; m\u00f6vzusuna h\u0259sr edilmi\u015f forumda bir s\u0131ra qlobal probleml\u0259r, o c\u00fcml\u0259d\u0259n COVID-19 pandemiyas\u0131n\u0131n t\u0259sirl\u0259ri m\u00fczakir\u0259 edilib.<\/p>\n<p><strong>ARANTV.AZ<\/strong> <a href=\"https:\/\/az.trend.az\/\" target=\"_blank\" rel=\"noopener\">Trend<\/a>-\u0259 istinad\u0259n bildirir ki,\u00a0bu fikirl\u0259ri jurnalistl\u0259r\u0259 a\u00e7\u0131qlamas\u0131nda VIII Qlobal Bak\u0131 Forumunda Nizami G\u0259nc\u0259vi Beyn\u0259lxalq M\u0259rk\u0259zinin h\u0259ms\u0259dri \u0130smail Serageldin deyib.<\/p>\n<p>&#8220;Hesab edir\u0259m ki, forumda m\u00fczakir\u0259 olunan m\u00f6vzular probleml\u0259rin h\u0259llin\u0259 faydas\u0131n\u0131 ver\u0259c\u0259k. COVID-19 pandemiyas\u0131na qar\u015f\u0131 d\u00fcnya \u00f6lk\u0259l\u0259rinin birg\u0259 m\u00fcbariz\u0259si probleml\u0259rin h\u0259lli istiqam\u0259tind\u0259 \u00f6z b\u0259hr\u0259sini ver\u0259c\u0259k. VIII Qlobal Bak\u0131 Forumunun i\u015fini y\u00fcks\u0259k qiym\u0259tl\u0259ndirir\u0259m&#8221;, &#8211; dey\u0259 \u0130.Serageldin bildirib.<\/p>\n","protected":false},"excerpt":{"rendered":"<p>Noyabr\u0131n 4-d\u0259n 6-d\u0259k ke\u00e7iril\u0259n VIII Qlobal Bak\u0131 Forumu b\u00f6y\u00fck qlobal \u0259h\u0259miyy\u0259t\u0259 malikdir. Forumda m\u00fcxt\u0259lif m\u00f6vzularda m\u00fczakir\u0259l\u0259r apar\u0131l\u0131r. &#8220;COVID-19 pandemiyas\u0131ndan sonrak\u0131 d\u00fcnya&#8221; m\u00f6vzusuna h\u0259sr edilmi\u015f forumda bir s\u0131ra qlobal probleml\u0259r, o c\u00fcml\u0259d\u0259n COVID-19 pandemiyas\u0131n\u0131n t\u0259sirl\u0259ri m\u00fczakir\u0259 edilib. ARANTV.AZ Trend-\u0259 istinad\u0259n bildirir ki,\u00a0bu fikirl\u0259ri jurnalistl\u0259r\u0259 a\u00e7\u0131qlamas\u0131nda VIII Qlobal Bak\u0131 Forumunda Nizami G\u0259nc\u0259vi Beyn\u0259lxalq M\u0259rk\u0259zinin h\u0259ms\u0259dri \u0130smail Serageldin deyib. &#8220;Hesab edir\u0259m ki, forumda m\u00fczakir\u0259 olunan m\u00f6vzular probleml\u0259rin h\u0259llin\u0259 faydas\u0131n\u0131 ver\u0259c\u0259k. COVID-19 pandemiyas\u0131na qar\u015f\u0131 d\u00fcnya \u00f6lk\u0259l\u0259rinin birg\u0259 m\u00fcbariz\u0259si probleml\u0259rin h\u0259lli istiqam\u0259tind\u0259 \u00f6z b\u0259hr\u0259sini ver\u0259c\u0259k. VIII Qlobal Bak\u0131 Forumunun i\u015fini y\u00fcks\u0259k qiym\u0259tl\u0259ndirir\u0259m&#8221;, &#8211; dey\u0259 \u0130.Serageldin&hellip;<\/p>\n","protected":false},"author":2,"featured_media":400657,"comment_status":"closed","ping_status":"closed","sticky":false,"template":"","format":"standard","meta":{"om_disable_all_campaigns":false,"_monsterinsights_skip_tracking":false,"_monsterinsights_sitenote_active":false,"_monsterinsights_sitenote_note":"","_monsterinsights_sitenote_category":0},"categories":[4],"tags":[],"aioseo_notices":[],"gutentor_comment":0,"rttpg_featured_image_url":{"full":["https:\/\/arantv.az\/wp-content\/uploads\/2021\/11\/993955.jpg",923,630,false],"landscape":["https:\/\/arantv.az\/wp-content\/uploads\/2021\/11\/993955.jpg",923,630,false],"portraits":["https:\/\/arantv.az\/wp-content\/uploads\/2021\/11\/993955.jpg",923,630,false],"thumbnail":["https:\/\/arantv.az\/wp-content\/uploads\/2021\/11\/993955-500x280.jpg",500,280,true],"medium":["https:\/\/arantv.az\/wp-content\/uploads\/2021\/11\/993955-535x365.jpg",535,365,true],"large":["https:\/\/arantv.az\/wp-content\/uploads\/2021\/11\/993955-840x573.jpg",640,437,true],"1536x1536":["https:\/\/arantv.az\/wp-content\/uploads\/2021\/11\/993955.jpg",923,630,false],"2048x2048":["https:\/\/arantv.az\/wp-content\/uploads\/2021\/11\/993955.jpg",923,630,false],"post-thumbnail":["https:\/\/arantv.az\/wp-content\/uploads\/2021\/11\/993955-240x172.jpg",240,172,true],"advps-thumb-one":["https:\/\/arantv.az\/wp-content\/uploads\/2021\/11\/993955-923x620.jpg",923,620,true]},"rttpg_author":{"display_name":"V\u00fcsal Rafiqo\u011flu","author_link":"https:\/\/arantv.az\/?author=2"},"rttpg_comment":0,"rttpg_category":"<a href=\"https:\/\/arantv.az\/?cat=4\" rel=\"category\">Siyas\u0259t<\/a>","rttpg_excerpt":"Noyabr\u0131n 4-d\u0259n 6-d\u0259k ke\u00e7iril\u0259n VIII Qlobal Bak\u0131 Forumu b\u00f6y\u00fck qlobal \u0259h\u0259miyy\u0259t\u0259 malikdir. Forumda m\u00fcxt\u0259lif m\u00f6vzularda m\u00fczakir\u0259l\u0259r apar\u0131l\u0131r. &#8220;COVID-19 pandemiyas\u0131ndan sonrak\u0131 d\u00fcnya&#8221; m\u00f6vzusuna h\u0259sr edilmi\u015f forumda bir s\u0131ra qlobal probleml\u0259r, o c\u00fcml\u0259d\u0259n COVID-19 pandemiyas\u0131n\u0131n t\u0259sirl\u0259ri m\u00fczakir\u0259 edilib. ARANTV.AZ Trend-\u0259 istinad\u0259n bildirir ki,\u00a0bu fikirl\u0259ri jurnalistl\u0259r\u0259 a\u00e7\u0131qlamas\u0131nda VIII Qlobal Bak\u0131 Forumunda Nizami G\u0259nc\u0259vi Beyn\u0259lxalq M\u0259rk\u0259zinin h\u0259ms\u0259dri \u0130smail Serageldin&hellip;","_links":{"self":[{"href":"https:\/\/arantv.az\/index.php?rest_route=\/wp\/v2\/posts\/400656"}],"collection":[{"href":"https:\/\/arantv.az\/index.php?rest_route=\/wp\/v2\/posts"}],"about":[{"href":"https:\/\/arantv.az\/index.php?rest_route=\/wp\/v2\/types\/post"}],"author":[{"embeddable":true,"href":"https:\/\/arantv.az\/index.php?rest_route=\/wp\/v2\/users\/2"}],"replies":[{"embeddable":true,"href":"https:\/\/arantv.az\/index.php?rest_route=%2Fwp%2Fv2%2Fcomments&post=400656"}],"version-history":[{"count":0,"href":"https:\/\/arantv.az\/index.php?rest_route=\/wp\/v2\/posts\/400656\/revisions"}],"wp:featuredmedia":[{"embeddable":true,"href":"https:\/\/arantv.az\/index.php?rest_route=\/wp\/v2\/media\/400657"}],"wp:attachment":[{"href":"https:\/\/arantv.az\/index.php?rest_route=%2Fwp%2Fv2%2Fmedia&parent=400656"}],"wp:term":[{"taxonomy":"category","embeddable":true,"href":"https:\/\/arantv.az\/index.php?rest_route=%2Fwp%2Fv2%2Fcategories&post=400656"},{"taxonomy":"post_tag","embeddable":true,"href":"https:\/\/arantv.az\/index.php?rest_route=%2Fwp%2Fv2%2Ftags&post=400656"}],"curies":[{"name":"wp","href":"https:\/\/api.w.org\/{rel}","templated":true}]}}