{"id":400659,"date":"2021-11-06T15:00:51","date_gmt":"2021-11-06T12:00:51","guid":{"rendered":"http:\/\/arantv.az\/?p=400659"},"modified":"2021-11-06T15:00:51","modified_gmt":"2021-11-06T12:00:51","slug":"isiqsiz-qalan-qizilqaya-sakinl%c9%99ri-aydinliga-cixacagi-gunu-gozl%c9%99yirl%c9%99r-video","status":"publish","type":"post","link":"https:\/\/arantv.az\/?p=400659","title":{"rendered":"\u0130\u015f\u0131qs\u0131z qalan Q\u0131z\u0131lqaya sakinl\u0259ri ayd\u0131nl\u0131\u011fa \u00e7\u0131xaca\u011f\u0131 g\u00fcn\u00fc g\u00f6zl\u0259yirl\u0259r &#8211; V\u0130DEO"},"content":{"rendered":"<p>G\u0259nc\u0259d\u0259 Q\u0131z\u0131lqaya q\u0259s\u0259b\u0259sinin sakinl\u0259ri art\u0131q uzun ill\u0259rdir elektrik enerjisinin verili\u015find\u0259n \u0259ziyy\u0259t \u00e7\u0259kir. T\u0259xmin\u0259n 30-dan art\u0131q ail\u0259, s\u00f6z\u00fcn h\u0259qiqi m\u0259nas\u0131nda, elektrik enerjisi \u00fcz\u00fcn\u0259 h\u0259sr\u0259t qal\u0131b.<\/p>\n<p>Ya\u015fay\u0131\u015f massivi G\u0259nc\u0259 il\u0259 G\u00f6yg\u00f6l rayonunun tam yax\u0131nl\u0131\u011f\u0131nda yerl\u0259\u015fir v\u0259 G\u0259nc\u0259 \u015f\u0259h\u0259ri Nizami rayonunun \u0259razisi hesab edilir. Burada \u00e7ox az sayda ev var ki, elektrik enerjisind\u0259n istifad\u0259 edir.<br \/>\nSakinl\u0259r d\u0259f\u0259l\u0259rl\u0259 aidiyy\u0259ti qurumlara m\u00fcraci\u0259t ets\u0259l\u0259r d\u0259, Q\u0131z\u0131lqaya q\u0259s\u0259b\u0259sind\u0259 ya\u015fayan 30 ail\u0259ni i\u015f\u0131\u011fa \u00e7\u0131xaran tap\u0131lmay\u0131b.<\/p>\n<article class=\"news\">\n<div class=\"news-inner\">\n<p>Onu da bildir\u0259k ki, elektrik enerjisi x\u0259tti ya\u015fay\u0131\u015f massivinin bir ne\u00e7\u0259 kilometrliyind\u0259n ke\u00e7ir. \u00c7ox az sayda evl\u0259r\u0259 \u00e7\u0259kil\u0259n elektrik enerjisi kustar \u00fcsulla haz\u0131rlanan dir\u0259kl\u0259r vasit\u0259si il\u0259 m\u00fcmk\u00fcn olub.<\/p>\n<p>M\u0259s\u0259l\u0259 il\u0259 ba\u011fl\u0131 \u201cAz\u0259ri\u015f\u0131q\u201d ASC-nin m\u0259tbuat xidm\u0259tinin s\u00f6z\u00e7\u00fcs\u00fc Vaqif Ayd\u0131no\u011flu bildirib ki, \u0259hali elektrik enerjisinin \u00e7\u0259kili\u015fi \u00fc\u00e7\u00fcn ancaq \u201cASAN Kommunal\u201da m\u00fcraci\u0259t etm\u0259lidir. M\u0259hz bundan sonra q\u0259s\u0259b\u0259nin i\u015f\u0131q problemi h\u0259llini tapa bil\u0259r.<\/p>\n<div><iframe loading=\"lazy\" title=\"YouTube video player\" src=\"https:\/\/www.youtube.com\/embed\/H-EPMyGgDYE\" width=\"560\" height=\"315\" frameborder=\"0\" allowfullscreen=\"allowfullscreen\" data-mce-fragment=\"1\"><\/iframe><\/div>\n<\/div>\n<\/article>\n<h2 class=\"news-share-title\"><\/h2>\n","protected":false},"excerpt":{"rendered":"<p>G\u0259nc\u0259d\u0259 Q\u0131z\u0131lqaya q\u0259s\u0259b\u0259sinin sakinl\u0259ri art\u0131q uzun ill\u0259rdir elektrik enerjisinin verili\u015find\u0259n \u0259ziyy\u0259t \u00e7\u0259kir. T\u0259xmin\u0259n 30-dan art\u0131q ail\u0259, s\u00f6z\u00fcn h\u0259qiqi m\u0259nas\u0131nda, elektrik enerjisi \u00fcz\u00fcn\u0259 h\u0259sr\u0259t qal\u0131b. Ya\u015fay\u0131\u015f massivi G\u0259nc\u0259 il\u0259 G\u00f6yg\u00f6l rayonunun tam yax\u0131nl\u0131\u011f\u0131nda yerl\u0259\u015fir v\u0259 G\u0259nc\u0259 \u015f\u0259h\u0259ri Nizami rayonunun \u0259razisi hesab edilir. Burada \u00e7ox az sayda ev var ki, elektrik enerjisind\u0259n istifad\u0259 edir. Sakinl\u0259r d\u0259f\u0259l\u0259rl\u0259 aidiyy\u0259ti qurumlara m\u00fcraci\u0259t ets\u0259l\u0259r d\u0259, Q\u0131z\u0131lqaya q\u0259s\u0259b\u0259sind\u0259 ya\u015fayan 30 ail\u0259ni i\u015f\u0131\u011fa \u00e7\u0131xaran tap\u0131lmay\u0131b. Onu da bildir\u0259k ki, elektrik enerjisi x\u0259tti ya\u015fay\u0131\u015f massivinin bir ne\u00e7\u0259 kilometrliyind\u0259n ke\u00e7ir. \u00c7ox az sayda evl\u0259r\u0259 \u00e7\u0259kil\u0259n elektrik enerjisi kustar \u00fcsulla haz\u0131rlanan&hellip;<\/p>\n","protected":false},"author":2,"featured_media":400660,"comment_status":"closed","ping_status":"closed","sticky":false,"template":"","format":"standard","meta":{"om_disable_all_campaigns":false,"_monsterinsights_skip_tracking":false,"_monsterinsights_sitenote_active":false,"_monsterinsights_sitenote_note":"","_monsterinsights_sitenote_category":0},"categories":[26],"tags":[],"aioseo_notices":[],"gutentor_comment":0,"rttpg_featured_image_url":{"full":["https:\/\/arantv.az\/wp-content\/uploads\/2021\/11\/b510765d-12ab-4582-a06b-2a07da9f5442.jpg",620,407,false],"landscape":["https:\/\/arantv.az\/wp-content\/uploads\/2021\/11\/b510765d-12ab-4582-a06b-2a07da9f5442.jpg",620,407,false],"portraits":["https:\/\/arantv.az\/wp-content\/uploads\/2021\/11\/b510765d-12ab-4582-a06b-2a07da9f5442.jpg",620,407,false],"thumbnail":["https:\/\/arantv.az\/wp-content\/uploads\/2021\/11\/b510765d-12ab-4582-a06b-2a07da9f5442-500x280.jpg",500,280,true],"medium":["https:\/\/arantv.az\/wp-content\/uploads\/2021\/11\/b510765d-12ab-4582-a06b-2a07da9f5442-556x365.jpg",556,365,true],"large":["https:\/\/arantv.az\/wp-content\/uploads\/2021\/11\/b510765d-12ab-4582-a06b-2a07da9f5442.jpg",620,407,false],"1536x1536":["https:\/\/arantv.az\/wp-content\/uploads\/2021\/11\/b510765d-12ab-4582-a06b-2a07da9f5442.jpg",620,407,false],"2048x2048":["https:\/\/arantv.az\/wp-content\/uploads\/2021\/11\/b510765d-12ab-4582-a06b-2a07da9f5442.jpg",620,407,false],"post-thumbnail":["https:\/\/arantv.az\/wp-content\/uploads\/2021\/11\/b510765d-12ab-4582-a06b-2a07da9f5442-240x172.jpg",240,172,true],"advps-thumb-one":["https:\/\/arantv.az\/wp-content\/uploads\/2021\/11\/b510765d-12ab-4582-a06b-2a07da9f5442.jpg",620,407,false]},"rttpg_author":{"display_name":"V\u00fcsal Rafiqo\u011flu","author_link":"https:\/\/arantv.az\/?author=2"},"rttpg_comment":0,"rttpg_category":"<a href=\"https:\/\/arantv.az\/?cat=26\" rel=\"category\">Sosial<\/a>","rttpg_excerpt":"G\u0259nc\u0259d\u0259 Q\u0131z\u0131lqaya q\u0259s\u0259b\u0259sinin sakinl\u0259ri art\u0131q uzun ill\u0259rdir elektrik enerjisinin verili\u015find\u0259n \u0259ziyy\u0259t \u00e7\u0259kir. T\u0259xmin\u0259n 30-dan art\u0131q ail\u0259, s\u00f6z\u00fcn h\u0259qiqi m\u0259nas\u0131nda, elektrik enerjisi \u00fcz\u00fcn\u0259 h\u0259sr\u0259t qal\u0131b. Ya\u015fay\u0131\u015f massivi G\u0259nc\u0259 il\u0259 G\u00f6yg\u00f6l rayonunun tam yax\u0131nl\u0131\u011f\u0131nda yerl\u0259\u015fir v\u0259 G\u0259nc\u0259 \u015f\u0259h\u0259ri Nizami rayonunun \u0259razisi hesab edilir. Burada \u00e7ox az sayda ev var ki, elektrik enerjisind\u0259n istifad\u0259 edir. Sakinl\u0259r d\u0259f\u0259l\u0259rl\u0259 aidiyy\u0259ti&hellip;","_links":{"self":[{"href":"https:\/\/arantv.az\/index.php?rest_route=\/wp\/v2\/posts\/400659"}],"collection":[{"href":"https:\/\/arantv.az\/index.php?rest_route=\/wp\/v2\/posts"}],"about":[{"href":"https:\/\/arantv.az\/index.php?rest_route=\/wp\/v2\/types\/post"}],"author":[{"embeddable":true,"href":"https:\/\/arantv.az\/index.php?rest_route=\/wp\/v2\/users\/2"}],"replies":[{"embeddable":true,"href":"https:\/\/arantv.az\/index.php?rest_route=%2Fwp%2Fv2%2Fcomments&post=400659"}],"version-history":[{"count":0,"href":"https:\/\/arantv.az\/index.php?rest_route=\/wp\/v2\/posts\/400659\/revisions"}],"wp:featuredmedia":[{"embeddable":true,"href":"https:\/\/arantv.az\/index.php?rest_route=\/wp\/v2\/media\/400660"}],"wp:attachment":[{"href":"https:\/\/arantv.az\/index.php?rest_route=%2Fwp%2Fv2%2Fmedia&parent=400659"}],"wp:term":[{"taxonomy":"category","embeddable":true,"href":"https:\/\/arantv.az\/index.php?rest_route=%2Fwp%2Fv2%2Fcategories&post=400659"},{"taxonomy":"post_tag","embeddable":true,"href":"https:\/\/arantv.az\/index.php?rest_route=%2Fwp%2Fv2%2Ftags&post=400659"}],"curies":[{"name":"wp","href":"https:\/\/api.w.org\/{rel}","templated":true}]}}